{"id":5550,"date":"2026-08-26T16:08:45","date_gmt":"2026-08-26T16:08:45","guid":{"rendered":"https:\/\/turkiyemhaber.com\/?p=5550"},"modified":"2026-08-26T16:08:50","modified_gmt":"2026-08-26T16:08:50","slug":"atin-kuyrugunu-baglamak-ne-anlama-geliyor-iste-erdoganin-defalarca-tekrarladigi-o-gelenegin-tarihi","status":"publish","type":"post","link":"https:\/\/turkiyemhaber.com\/?p=5550","title":{"rendered":"\u201cAt\u0131n Kuyru\u011funu Ba\u011flamak\u201d Ne Anlama Geliyor? \u0130\u015fte Erdo\u011fan\u2019\u0131n Defalarca Tekrarlad\u0131\u011f\u0131 O Gelene\u011fin Tarihi"},"content":{"rendered":"\n<p class=\"wp-block-paragraph\">Cumhurba\u015fkan\u0131 Recep Tayyip Erdo\u011fan, Malazgirt Zaferi\u2019nin y\u0131l d\u00f6n\u00fcm\u00fc t\u00f6renlerinde yapt\u0131\u011f\u0131 konu\u015fmada \u201cAt\u0131m\u0131z\u0131n kuyru\u011funu ba\u011flad\u0131k\u201d ifadesini kullanarak T\u00fcrkiye Y\u00fczy\u0131l\u0131 ve ter\u00f6rs\u00fcz T\u00fcrkiye hedeflerine ili\u015fkin kararl\u0131l\u0131k mesaj\u0131 verdi. Erdo\u011fan\u2019\u0131n kulland\u0131\u011f\u0131 bu ifade, T\u00fcrk sava\u015f k\u00fclt\u00fcr\u00fcndeki tarihi bir gelene\u011fi yeniden g\u00fcndeme getirdi.<\/p>\n\n\n\n<h2 class=\"wp-block-heading\">\u201cATIMIZIN KUYRU\u011eUNU BA\u011eLADIK\u201d<\/h2>\n\n\n\n<p class=\"wp-block-paragraph\">Mu\u015f\u2019un Malazgirt il\u00e7esinde d\u00fczenlenen anma t\u00f6renlerinde konu\u015fan Cumhurba\u015fkan\u0131 Recep Tayyip Erdo\u011fan, T\u00fcrk k\u00fclt\u00fcr\u00fcndeki eski sava\u015f geleneklerinden birine at\u0131fta bulundu.<\/p>\n\n\n\n<p class=\"wp-block-paragraph\">Erdo\u011fan konu\u015fmas\u0131nda \u015fu ifadeleri kulland\u0131:<\/p>\n\n\n\n<p class=\"wp-block-paragraph\">\u201cMillet olarak bizim \u00e7ok eski bir gelene\u011fimiz var. Bir sefere \u00e7\u0131kt\u0131\u011f\u0131m\u0131z zaman, bir yola ba\u015f koydu\u011fumuz, bir i\u015fe giri\u015fti\u011fimiz zaman at\u0131m\u0131z\u0131n kuyru\u011funu ba\u011flar\u0131z. Bunu ne olursa olsun geri d\u00f6nmeyece\u011fimizi, sonuna kadar gidece\u011fimizi anlatmak i\u00e7in yapar\u0131z. \u0130\u015fte biz de T\u00fcrkiye Y\u00fczy\u0131l\u0131\u2019n\u0131 in\u015fa etmek i\u00e7in at\u0131m\u0131z\u0131n kuyru\u011funu ba\u011flad\u0131k. Ter\u00f6rs\u00fcz T\u00fcrkiye ve ter\u00f6rs\u00fcz b\u00f6lge hedeflerimizi ger\u00e7ekle\u015ftirmek \u00fczere at\u0131m\u0131z\u0131n kuyru\u011funu ba\u011flad\u0131k. \u0130\u00e7inde bulundu\u011fumuz co\u011frafyay\u0131 yeniden bar\u0131\u015f ve esenlik yurdu yapmak i\u00e7in, ter\u00f6r gibi ebedi karde\u015fli\u011fimize vurulan han\u00e7erleri s\u00f6k\u00fcp atmak i\u00e7in at\u0131m\u0131z\u0131n kuyru\u011funu ba\u011flad\u0131k.\u201d<\/p>\n\n\n\n<h2 class=\"wp-block-heading\">\u201cAT KUYRU\u011eU BA\u011eLAMAK\u201d NE ANLAMA GEL\u0130YOR?<\/h2>\n\n\n\n<p class=\"wp-block-paragraph\">\u201cAt\u0131n kuyru\u011funu ba\u011flamak\u201d, T\u00fcrk sava\u015f k\u00fclt\u00fcr\u00fcnde hem pratik hem de sembolik anlamlar ta\u015f\u0131yan bir uygulama olarak biliniyor.<\/p>\n\n\n\n<p class=\"wp-block-paragraph\">Sava\u015f meydanlar\u0131nda at\u0131n kuyruk k\u0131llar\u0131n\u0131n \u00e7al\u0131l\u0131klara tak\u0131lmas\u0131n\u0131 veya hareket kabiliyetini k\u0131s\u0131tlamas\u0131n\u0131 \u00f6nlemek amac\u0131yla kuyru\u011fun ba\u011fland\u0131\u011f\u0131 belirtiliyor.<\/p>\n\n\n\n<p class=\"wp-block-paragraph\">Gelene\u011fin sembolik anlam\u0131 ise m\u00fccadeleden geri d\u00f6nmemek, \u00f6l\u00fcm\u00fc g\u00f6ze almak ve sonuna kadar m\u00fccadele etme kararl\u0131l\u0131\u011f\u0131 olarak ifade ediliyor. Eski T\u00fcrk kaynaklar\u0131nda bu uygulama \u201ckuyruk t\u00fcgmek\u201d veya \u201cat \u00e7ermetmek\u201d ifadeleriyle an\u0131l\u0131yor.<\/p>\n\n\n\n<h2 class=\"wp-block-heading\">SULTAN ALP ARSLAN VE MALAZG\u0130RT<\/h2>\n\n\n\n<p class=\"wp-block-paragraph\">Gelene\u011fin T\u00fcrk tarihindeki en bilinen \u00f6rneklerinden biri 1071 Malazgirt Sava\u015f\u0131 ile ili\u015fkilendiriliyor.<\/p>\n\n\n\n<p class=\"wp-block-paragraph\">Sultan Alp Arslan\u2019\u0131n Malazgirt Meydan Muharebesi \u00f6ncesinde beyaz elbisesini giydi\u011fi ve at\u0131n\u0131n kuyru\u011funu kendi elleriyle ba\u011flad\u0131\u011f\u0131 aktar\u0131l\u0131yor. Alp Arslan\u2019\u0131n bu hareketle sava\u015ftan geri d\u00f6nmeyece\u011fini ve \u00f6l\u00fcm\u00fc g\u00f6ze ald\u0131\u011f\u0131n\u0131 g\u00f6sterdi\u011fi belirtiliyor.<\/p>\n\n\n\n<h2 class=\"wp-block-heading\">D\u0130V\u00c2NU LUG\u00c2T\u0130\u2019T-T\u00dcRK\u2019TE DE YER ALIYOR<\/h2>\n\n\n\n<p class=\"wp-block-paragraph\">Ka\u015fgarl\u0131 Mahmud\u2019un 1074 y\u0131l\u0131nda tamamlad\u0131\u011f\u0131 Div\u00e2nu Lug\u00e2ti\u2019t-T\u00fcrk\u2019te de at\u0131n kuyru\u011funu ba\u011flama gelene\u011fine ili\u015fkin ifadeler bulunuyor.<\/p>\n\n\n\n<p class=\"wp-block-paragraph\">Eserde yer alan \u201cAlp er at\u0131n \u00e7ermetti\u201d ifadesinin, yi\u011fit ki\u015finin at\u0131n\u0131n kuyru\u011funu ba\u011flamas\u0131 anlam\u0131nda kullan\u0131ld\u0131\u011f\u0131 ve yi\u011fitlik ile kahramanl\u0131kla ili\u015fkilendirildi\u011fi belirtiliyor.<\/p>\n\n\n\n<h2 class=\"wp-block-heading\">ORHUN YAZITLARINA KADAR UZANIYOR<\/h2>\n\n\n\n<p class=\"wp-block-paragraph\">At\u0131n kuyru\u011funun ba\u011flanmas\u0131na ili\u015fkin gelene\u011fin k\u00f6klerinin \u0130slamiyet \u00f6ncesi T\u00fcrk devletlerine kadar uzand\u0131\u011f\u0131 ifade ediliyor.<\/p>\n\n\n\n<p class=\"wp-block-paragraph\">Vezir Tonyukuk Yaz\u0131t\u0131\u2019nda yer alan \u201cT\u00fcrk budunun i\u00e7inde silahl\u0131 d\u00fc\u015fmanlar\u0131 gezdirmedim, kuyru\u011fu d\u00fc\u011f\u00fcml\u00fc atlar\u0131n\u0131 ko\u015fturmad\u0131m\u201d ifadeleri, kuyru\u011fu d\u00fc\u011f\u00fcml\u00fc atlar\u0131n askeri harekatla ba\u011flant\u0131l\u0131 kullan\u0131m\u0131na i\u015faret ediyor.<\/p>\n\n\n\n<p class=\"wp-block-paragraph\">Bu gelenek, T\u00fcrk tarihinde sefere \u00e7\u0131kma, m\u00fccadele etme ve geri d\u00f6nmeme kararl\u0131l\u0131\u011f\u0131n\u0131 ifade eden sembollerden biri olarak g\u00fcn\u00fcm\u00fcze kadar ula\u015ft\u0131.<\/p>\n","protected":false},"excerpt":{"rendered":"<p>Cumhurba\u015fkan\u0131 Recep Tayyip Erdo\u011fan, Malazgirt Zaferi\u2019nin y\u0131l d\u00f6n\u00fcm\u00fc t\u00f6renlerinde yapt\u0131\u011f\u0131 konu\u015fmada \u201cAt\u0131m\u0131z\u0131n kuyru\u011funu ba\u011flad\u0131k\u201d ifadesini<\/p>\n","protected":false},"author":1,"featured_media":5551,"comment_status":"open","ping_status":"open","sticky":false,"template":"","format":"standard","meta":{"_rtcl_gb_attr":"","footnotes":""},"categories":[1],"tags":[],"class_list":["post-5550","post","type-post","status-publish","format-standard","has-post-thumbnail","hentry","category-http-turkiyemhaber-com-wp-content-uploads-2026-03-saray-59-haber-13-mart-pdf"],"_links":{"self":[{"href":"https:\/\/turkiyemhaber.com\/index.php?rest_route=\/wp\/v2\/posts\/5550","targetHints":{"allow":["GET"]}}],"collection":[{"href":"https:\/\/turkiyemhaber.com\/index.php?rest_route=\/wp\/v2\/posts"}],"about":[{"href":"https:\/\/turkiyemhaber.com\/index.php?rest_route=\/wp\/v2\/types\/post"}],"author":[{"embeddable":true,"href":"https:\/\/turkiyemhaber.com\/index.php?rest_route=\/wp\/v2\/users\/1"}],"replies":[{"embeddable":true,"href":"https:\/\/turkiyemhaber.com\/index.php?rest_route=%2Fwp%2Fv2%2Fcomments&post=5550"}],"version-history":[{"count":1,"href":"https:\/\/turkiyemhaber.com\/index.php?rest_route=\/wp\/v2\/posts\/5550\/revisions"}],"predecessor-version":[{"id":5552,"href":"https:\/\/turkiyemhaber.com\/index.php?rest_route=\/wp\/v2\/posts\/5550\/revisions\/5552"}],"wp:featuredmedia":[{"embeddable":true,"href":"https:\/\/turkiyemhaber.com\/index.php?rest_route=\/wp\/v2\/media\/5551"}],"wp:attachment":[{"href":"https:\/\/turkiyemhaber.com\/index.php?rest_route=%2Fwp%2Fv2%2Fmedia&parent=5550"}],"wp:term":[{"taxonomy":"category","embeddable":true,"href":"https:\/\/turkiyemhaber.com\/index.php?rest_route=%2Fwp%2Fv2%2Fcategories&post=5550"},{"taxonomy":"post_tag","embeddable":true,"href":"https:\/\/turkiyemhaber.com\/index.php?rest_route=%2Fwp%2Fv2%2Ftags&post=5550"}],"curies":[{"name":"wp","href":"https:\/\/api.w.org\/{rel}","templated":true}]}}