{"id":555,"date":"2026-05-02T21:37:17","date_gmt":"2026-05-02T21:37:17","guid":{"rendered":"https:\/\/turkiyemhaber.com\/?p=555"},"modified":"2026-05-02T21:37:22","modified_gmt":"2026-05-02T21:37:22","slug":"agridaki-balik-golu-baharda-da-erimeyen-buzlariyla-antarktikayi-andiriyor","status":"publish","type":"post","link":"https:\/\/turkiyemhaber.com\/?p=555","title":{"rendered":"A\u011fr\u0131&#8217;daki Bal\u0131k G\u00f6l\u00fc baharda da erimeyen buzlar\u0131yla &#8220;Antarktika&#8221;y\u0131 and\u0131r\u0131yor"},"content":{"rendered":"\n<p>A\u011fr\u0131&#8217;da bulunan y\u00fcksek rak\u0131ml\u0131 Bal\u0131k G\u00f6l\u00fc, may\u0131s ay\u0131nda buzla kapl\u0131 y\u00fczeyi ve karl\u0131 da\u011f g\u00f6r\u00fcnt\u00fcs\u00fcyle &#8220;Antarktika&#8221;y\u0131 aratm\u0131yor.<\/p>\n\n\n\n<p>A\u011fr\u0131<\/p>\n\n\n\n<p>Ta\u015fl\u0131\u00e7ay il\u00e7esinin kuzeyinde Sinek Yaylas\u0131 ve Aras Da\u011flar\u0131&#8217;n\u0131n bulundu\u011fu b\u00f6lgede yer alan, denizden y\u00fcksekli\u011fi 2 bin 241 metre olan Bal\u0131k G\u00f6l\u00fc, do\u011fal g\u00fczellikleriyle \u00f6n plana \u00e7\u0131k\u0131yor.<\/p>\n\n\n\n<p>Ku\u015f, bal\u0131k t\u00fcrleri ve adalar\u0131yla Do\u011fu Anadolu B\u00f6lgesi&#8217;nin \u00f6nemli turizm merkezleri aras\u0131nda yer alan g\u00f6l, \u00e7etin ge\u00e7en k\u0131\u015f mevsiminde tamamen buzla kapland\u0131.<\/p>\n\n\n\n<figure class=\"wp-block-image\"><img decoding=\"async\" src=\"https:\/\/web-cdnprod.aa.com.tr\/uploads\/PhotoGallery\/2026\/05\/02\/thumbs_b_d60fbc7f9d380d63ebebebc6fb3ad494.jpg\" alt=\"A\u011fr\u0131'daki Bal\u0131k G\u00f6l\u00fc baharda da erimeyen buzlar\u0131yla\"\/><\/figure>\n\n\n\n<p><strong>[1\/23]<\/strong>&nbsp;A\u011fr\u0131&#8217;da bulunan y\u00fcksek rak\u0131ml\u0131 Bal\u0131k G\u00f6l\u00fc, may\u0131s ay\u0131nda buzla kapl\u0131 y\u00fczeyi ve karl\u0131 da\u011f g\u00f6r\u00fcnt\u00fcs\u00fcyle &#8220;Antarktika&#8221;y\u0131 aratm\u0131yor.<\/p>\n\n\n\n<p>Y\u0131l\u0131n yar\u0131s\u0131 buzla kapl\u0131 olan do\u011fa harikas\u0131 g\u00f6l\u00fcn y\u00fczeyi may\u0131s ay\u0131nda da \u00e7\u00f6z\u00fclmeyince ortaya g\u00fczel g\u00f6r\u00fcnt\u00fcler \u00e7\u0131kt\u0131.<\/p>\n\n\n\n<p>\u00d6nceki y\u0131llarda nisan ay\u0131n\u0131n ba\u015flar\u0131nda buzlar\u0131 eriyen g\u00f6l, \u00e7evresindeki karl\u0131 da\u011flarla k\u0131\u015ftan kalma manzaralar sunuyor.<\/p>\n\n\n\n<figure class=\"wp-block-image\"><img decoding=\"async\" src=\"https:\/\/web-cdnprod.aa.com.tr\/uploads\/Contents\/2026\/05\/02\/9411eb1683c775f763de12c07489cbc3.jpg\" alt=\"\"\/><\/figure>\n\n\n\n<p>Sahilde bulunan kay\u0131klar\u0131n da kar alt\u0131nda kald\u0131\u011f\u0131 ve baharda Antarktika&#8217;y\u0131 aratmayan Bal\u0131k G\u00f6l\u00fc&#8217;n\u00fcn tamamen buzla kapl\u0131 y\u00fczeyi AA ekibince dronla g\u00f6r\u00fcnt\u00fclendi.<\/p>\n\n\n\n<p>G\u00f6lde gezinti yapan vatanda\u015flardan Sinan Erg\u00fcl, AA muhabirine, Bal\u0131k G\u00f6l\u00fc&#8217;nde buzlar\u0131n erimemesi ve karl\u0131 da\u011flar\u0131n g\u00fczel g\u00f6r\u00fcnt\u00fcler olu\u015fturdu\u011funu s\u00f6yledi.<\/p>\n\n\n\n<figure class=\"wp-block-image\"><img decoding=\"async\" src=\"https:\/\/web-cdnprod.aa.com.tr\/uploads\/Contents\/2026\/05\/02\/9d7eda670b1eb44e6706d515ca4b30cc.jpg\" alt=\"\"\/><\/figure>\n\n\n\n<p>Ovada bahar\u0131n ya\u015fand\u0131\u011f\u0131n\u0131 ancak Bal\u0131k G\u00f6l\u00fc&#8217;nde k\u0131\u015f\u0131 aratmayan manzaralarla kar\u015f\u0131la\u015ft\u0131klar\u0131n\u0131 belirten Erg\u00fcl, &#8220;Bal\u0131k G\u00f6l\u00fc muhte\u015fem bir yer. Daha \u00e7ok yaz aylar\u0131nda ziyaret\u00e7iler geliyor. May\u0131s ay\u0131nda olmam\u0131za ra\u011fmen yerde 1-2 metre kar var ve Bal\u0131k G\u00f6l\u00fc&#8217;n\u00fcn buzlar\u0131 daha erimedi. \u00d6nceki y\u0131llarda nisan ay\u0131nda buzlar erirdi.&#8221; dedi.<\/p>\n\n\n\n<p>Erg\u00fcl, do\u011fa tutkunlar\u0131 ve piknik yapmak isteyenlerin daha \u00e7ok yaz aylar\u0131nda g\u00f6l ve \u00e7evresine geldi\u011fini anlatt\u0131.<\/p>\n\n\n\n<figure class=\"wp-block-image\"><img decoding=\"async\" src=\"https:\/\/web-cdnprod.aa.com.tr\/uploads\/Contents\/2026\/05\/02\/f839dcd64ec83c14570259ec7ed90e50.jpg\" alt=\"\"\/><\/figure>\n\n\n\n<h2 class=\"wp-block-heading\">&#8220;Buzun \u00fczerindeyiz, manzara \u00e7ok g\u00fczel anlat\u0131lmaz ya\u015fan\u0131r&#8221;<\/h2>\n\n\n\n<p>Antarktika&#8217;y\u0131 and\u0131ran buzla kapl\u0131 g\u00f6l\u00fcn etkileyici oldu\u011funu ifade eden Erg\u00fcl, \u015f\u00f6yle konu\u015ftu:<\/p>\n\n\n\n<p>&#8220;May\u0131s ay\u0131na girdik ve g\u00f6l\u00fcn buzlar\u0131 \u00e7\u00f6z\u00fclmemi\u015f. Da\u011flar karla kapl\u0131, ovada \u00e7i\u00e7ekler a\u00e7m\u0131\u015f. Buzlar iki haftaya kadar zor erir. Buzun \u00fczerindeyiz, manzara \u00e7ok g\u00fczel anlat\u0131lmaz ya\u015fan\u0131r. Herkesin bu do\u011fal g\u00fczelli\u011fi gelip g\u00f6rmesini istiyorum. Bir yanda kar, bir yanda buz. \u0130ki mevsimi bir arada ya\u015f\u0131yoruz.&#8221;<\/p>\n\n\n\n<figure class=\"wp-block-image\"><img decoding=\"async\" src=\"https:\/\/web-cdnprod.aa.com.tr\/uploads\/Contents\/2026\/05\/02\/3babbedfe9d168ae34d1672355aca1e8.jpg\" alt=\"\"\/><\/figure>\n\n\n\n<p>G\u00f6l\u00fcn kenar\u0131nda bulunan Tanyolu k\u00f6y\u00fcnde ya\u015fayan Ahmet K\u0131z\u0131lkurt da \u00f6nceki y\u0131llarda g\u00f6l\u00fcn daha erken eridi\u011fini ancak bu sene manzaran\u0131n daha g\u00fczel oldu\u011funu ifade etti.<\/p>\n","protected":false},"excerpt":{"rendered":"<p>A\u011fr\u0131&#8217;da bulunan y\u00fcksek rak\u0131ml\u0131 Bal\u0131k G\u00f6l\u00fc, may\u0131s ay\u0131nda buzla kapl\u0131 y\u00fczeyi ve karl\u0131 da\u011f g\u00f6r\u00fcnt\u00fcs\u00fcyle &#8220;Antarktika&#8221;y\u0131 aratm\u0131yor. A\u011fr\u0131 Ta\u015fl\u0131\u00e7ay il\u00e7esinin kuzeyinde Sinek Yaylas\u0131 ve Aras Da\u011flar\u0131&#8217;n\u0131n bulundu\u011fu b\u00f6lgede yer alan, denizden y\u00fcksekli\u011fi 2 bin 241 metre olan Bal\u0131k G\u00f6l\u00fc, do\u011fal g\u00fczellikleriyle \u00f6n plana \u00e7\u0131k\u0131yor. Ku\u015f, bal\u0131k t\u00fcrleri ve adalar\u0131yla Do\u011fu Anadolu B\u00f6lgesi&#8217;nin \u00f6nemli turizm merkezleri<\/p>\n","protected":false},"author":1,"featured_media":556,"comment_status":"open","ping_status":"open","sticky":false,"template":"","format":"standard","meta":{"_rtcl_gb_attr":"","footnotes":""},"categories":[7],"tags":[],"class_list":["post-555","post","type-post","status-publish","format-standard","has-post-thumbnail","hentry","category-gundem"],"_links":{"self":[{"href":"https:\/\/turkiyemhaber.com\/index.php?rest_route=\/wp\/v2\/posts\/555","targetHints":{"allow":["GET"]}}],"collection":[{"href":"https:\/\/turkiyemhaber.com\/index.php?rest_route=\/wp\/v2\/posts"}],"about":[{"href":"https:\/\/turkiyemhaber.com\/index.php?rest_route=\/wp\/v2\/types\/post"}],"author":[{"embeddable":true,"href":"https:\/\/turkiyemhaber.com\/index.php?rest_route=\/wp\/v2\/users\/1"}],"replies":[{"embeddable":true,"href":"https:\/\/turkiyemhaber.com\/index.php?rest_route=%2Fwp%2Fv2%2Fcomments&post=555"}],"version-history":[{"count":1,"href":"https:\/\/turkiyemhaber.com\/index.php?rest_route=\/wp\/v2\/posts\/555\/revisions"}],"predecessor-version":[{"id":557,"href":"https:\/\/turkiyemhaber.com\/index.php?rest_route=\/wp\/v2\/posts\/555\/revisions\/557"}],"wp:featuredmedia":[{"embeddable":true,"href":"https:\/\/turkiyemhaber.com\/index.php?rest_route=\/wp\/v2\/media\/556"}],"wp:attachment":[{"href":"https:\/\/turkiyemhaber.com\/index.php?rest_route=%2Fwp%2Fv2%2Fmedia&parent=555"}],"wp:term":[{"taxonomy":"category","embeddable":true,"href":"https:\/\/turkiyemhaber.com\/index.php?rest_route=%2Fwp%2Fv2%2Fcategories&post=555"},{"taxonomy":"post_tag","embeddable":true,"href":"https:\/\/turkiyemhaber.com\/index.php?rest_route=%2Fwp%2Fv2%2Ftags&post=555"}],"curies":[{"name":"wp","href":"https:\/\/api.w.org\/{rel}","templated":true}]}}