{"id":5544,"date":"2026-08-26T15:41:31","date_gmt":"2026-08-26T15:41:31","guid":{"rendered":"https:\/\/turkiyemhaber.com\/?p=5544"},"modified":"2026-08-26T15:41:37","modified_gmt":"2026-08-26T15:41:37","slug":"mansur-yavas-kararini-verdi-chp-mi-yeni-parti-mi","status":"publish","type":"post","link":"https:\/\/turkiyemhaber.com\/?p=5544","title":{"rendered":"Mansur Yava\u015f Karar\u0131n\u0131 Verdi! CHP mi, Yeni Parti mi?"},"content":{"rendered":"\n<p class=\"wp-block-paragraph\">Yeni Parti\u2019ye y\u00f6nelik belediye ba\u015fkan\u0131 ge\u00e7i\u015flerinin ard\u0131ndan siyasi gelece\u011fi merak edilen Ankara B\u00fcy\u00fck\u015fehir Belediye Ba\u015fkan\u0131 Mansur Yava\u015f hakk\u0131nda CHP\u2019den a\u00e7\u0131klama geldi. CHP S\u00f6zc\u00fcs\u00fc M\u00fcslim Sar\u0131, Yava\u015f ile parti y\u00f6netimi aras\u0131nda herhangi bir problem veya so\u011fukluk bulunmad\u0131\u011f\u0131n\u0131 belirterek, Yava\u015f\u2019\u0131n CHP \u00e7at\u0131s\u0131 alt\u0131nda siyaset yapmaya devam etmek istedi\u011fini s\u00f6yledi.<\/p>\n\n\n\n<h2 class=\"wp-block-heading\">\u201cB\u0130R PROBLEM\u0130M\u0130Z VEYA SO\u011eUKLU\u011eUMUZ YOK\u201d<\/h2>\n\n\n\n<p class=\"wp-block-paragraph\">CHP S\u00f6zc\u00fcs\u00fc M\u00fcslim Sar\u0131, Ankara B\u00fcy\u00fck\u015fehir Belediye Ba\u015fkan\u0131 Mansur Yava\u015f ile ilgili transfer iddialar\u0131na ili\u015fkin a\u00e7\u0131klamalarda bulundu.<\/p>\n\n\n\n<p class=\"wp-block-paragraph\">Yava\u015f ile ileti\u015fimlerinin s\u00fcrd\u00fc\u011f\u00fcn\u00fc belirten Sar\u0131, \u201cMansur Yava\u015f bizim b\u00fcy\u00fck\u015fehir belediye ba\u015fkan\u0131m\u0131z. S\u00fcrekli konu\u015fuyor, g\u00f6r\u00fc\u015f\u00fcyoruz. Genel merkez olarak bir problemimiz yok. So\u011fukluk da yok\u201d dedi.<\/p>\n\n\n\n<h2 class=\"wp-block-heading\">\u201cCHP \u00c7ATISI ALTINDA S\u0130YASET YAPMAYA DEVAM ETMEK \u0130ST\u0130YOR\u201d<\/h2>\n\n\n\n<p class=\"wp-block-paragraph\">M\u00fcslim Sar\u0131, Mansur Yava\u015f\u2019\u0131n siyasi gelece\u011fine ili\u015fkin a\u00e7\u0131klamas\u0131nda, Yava\u015f\u2019\u0131n CHP\u2019de kalma y\u00f6n\u00fcndeki iradesini dile getirdi\u011fini belirtti.<\/p>\n\n\n\n<p class=\"wp-block-paragraph\">Sar\u0131, \u201cKendisi CHP \u00e7at\u0131s\u0131 alt\u0131nda siyaset yapmaya devam etmek istedi\u011fini s\u00f6yledi\u201d ifadelerini kulland\u0131.<\/p>\n\n\n\n<h2 class=\"wp-block-heading\">\u201cA\u0130D\u0130YETLER\u0130N NETLE\u015eT\u0130R\u0130LMES\u0130N\u0130 \u0130ST\u0130YORUZ\u201d<\/h2>\n\n\n\n<p class=\"wp-block-paragraph\">Ankara B\u00fcy\u00fck\u015fehir Belediye Meclisi\u2019ndeki siyasi dengelere de de\u011finen Sar\u0131, \u201cBelediye Meclislerinde \u00f6zg\u00fcn ve hassas dengeler var. O, bunlar\u0131 g\u00f6zetiyor. Mansur Bey\u2019e kar\u015f\u0131 \u00f6zel bir talebimiz olmad\u0131\u201d dedi.<\/p>\n\n\n\n<p class=\"wp-block-paragraph\">Sar\u0131, belediye ba\u015fkanlar\u0131 ve belediye meclis \u00fcyelerinin parti aidiyetlerinin netle\u015fmesini istediklerini belirterek, \u201cBiz b\u00fct\u00fcn belediye ba\u015fkanlar\u0131m\u0131z\u0131n ve belediye meclis \u00fcyelerimizin aidiyetlerini netle\u015ftirmelerini istiyoruz\u201d ifadelerini kulland\u0131.<\/p>\n","protected":false},"excerpt":{"rendered":"<p>Yeni Parti\u2019ye y\u00f6nelik belediye ba\u015fkan\u0131 ge\u00e7i\u015flerinin ard\u0131ndan siyasi gelece\u011fi merak edilen Ankara B\u00fcy\u00fck\u015fehir Belediye Ba\u015fkan\u0131<\/p>\n","protected":false},"author":1,"featured_media":5545,"comment_status":"open","ping_status":"open","sticky":false,"template":"","format":"standard","meta":{"_rtcl_gb_attr":"","footnotes":""},"categories":[44],"tags":[],"class_list":["post-5544","post","type-post","status-publish","format-standard","has-post-thumbnail","hentry","category-politika"],"_links":{"self":[{"href":"https:\/\/turkiyemhaber.com\/index.php?rest_route=\/wp\/v2\/posts\/5544","targetHints":{"allow":["GET"]}}],"collection":[{"href":"https:\/\/turkiyemhaber.com\/index.php?rest_route=\/wp\/v2\/posts"}],"about":[{"href":"https:\/\/turkiyemhaber.com\/index.php?rest_route=\/wp\/v2\/types\/post"}],"author":[{"embeddable":true,"href":"https:\/\/turkiyemhaber.com\/index.php?rest_route=\/wp\/v2\/users\/1"}],"replies":[{"embeddable":true,"href":"https:\/\/turkiyemhaber.com\/index.php?rest_route=%2Fwp%2Fv2%2Fcomments&post=5544"}],"version-history":[{"count":1,"href":"https:\/\/turkiyemhaber.com\/index.php?rest_route=\/wp\/v2\/posts\/5544\/revisions"}],"predecessor-version":[{"id":5546,"href":"https:\/\/turkiyemhaber.com\/index.php?rest_route=\/wp\/v2\/posts\/5544\/revisions\/5546"}],"wp:featuredmedia":[{"embeddable":true,"href":"https:\/\/turkiyemhaber.com\/index.php?rest_route=\/wp\/v2\/media\/5545"}],"wp:attachment":[{"href":"https:\/\/turkiyemhaber.com\/index.php?rest_route=%2Fwp%2Fv2%2Fmedia&parent=5544"}],"wp:term":[{"taxonomy":"category","embeddable":true,"href":"https:\/\/turkiyemhaber.com\/index.php?rest_route=%2Fwp%2Fv2%2Fcategories&post=5544"},{"taxonomy":"post_tag","embeddable":true,"href":"https:\/\/turkiyemhaber.com\/index.php?rest_route=%2Fwp%2Fv2%2Ftags&post=5544"}],"curies":[{"name":"wp","href":"https:\/\/api.w.org\/{rel}","templated":true}]}}