{"id":5538,"date":"2026-08-26T15:18:31","date_gmt":"2026-08-26T15:18:31","guid":{"rendered":"https:\/\/turkiyemhaber.com\/?p=5538"},"modified":"2026-08-26T15:18:35","modified_gmt":"2026-08-26T15:18:35","slug":"turkiye-pes-pese-sallaniyor-marmara-denizinde-korkutan-deprem","status":"publish","type":"post","link":"https:\/\/turkiyemhaber.com\/?p=5538","title":{"rendered":"T\u00fcrkiye Pe\u015f Pe\u015fe Sallan\u0131yor! Marmara Denizi&#8217;nde Korkutan Deprem"},"content":{"rendered":"\n<p class=\"wp-block-paragraph\">T\u00fcrkiye&#8217;nin farkl\u0131 b\u00f6lgelerinde meydana gelen depremlere bir yenisi daha eklendi. Ad\u0131yaman ve Kayseri&#8217;deki sars\u0131nt\u0131lar\u0131n ard\u0131ndan Marmara Denizi&#8217;nin Yalova a\u00e7\u0131klar\u0131nda 3,2 b\u00fcy\u00fckl\u00fc\u011f\u00fcnde deprem meydana geldi.<\/p>\n\n\n\n<h2 class=\"wp-block-heading\">YALOVA A\u00c7IKLARINDA 3,2 B\u00dcY\u00dcKL\u00dc\u011e\u00dcNDE DEPREM<\/h2>\n\n\n\n<p class=\"wp-block-paragraph\">Afet ve Acil Durum Y\u00f6netimi Ba\u015fkanl\u0131\u011f\u0131 (AFAD) verilerine g\u00f6re Marmara Denizi&#8217;nin Yalova a\u00e7\u0131klar\u0131nda saat 14.24&#8217;te 3,2 b\u00fcy\u00fckl\u00fc\u011f\u00fcnde deprem kaydedildi.<\/p>\n\n\n\n<p class=\"wp-block-paragraph\">Depremin 13,53 kilometre derinlikte meydana geldi\u011fi bildirildi.<\/p>\n\n\n\n<p class=\"wp-block-paragraph\">Sars\u0131nt\u0131 Yalova ve \u00e7evresindeki yerle\u015fim yerlerinde hissedildi.<\/p>\n","protected":false},"excerpt":{"rendered":"<p>T\u00fcrkiye&#8217;nin farkl\u0131 b\u00f6lgelerinde meydana gelen depremlere bir yenisi daha eklendi. Ad\u0131yaman ve Kayseri&#8217;deki sars\u0131nt\u0131lar\u0131n ard\u0131ndan<\/p>\n","protected":false},"author":1,"featured_media":5539,"comment_status":"open","ping_status":"open","sticky":false,"template":"","format":"standard","meta":{"_rtcl_gb_attr":"","footnotes":""},"categories":[1],"tags":[],"class_list":["post-5538","post","type-post","status-publish","format-standard","has-post-thumbnail","hentry","category-http-turkiyemhaber-com-wp-content-uploads-2026-03-saray-59-haber-13-mart-pdf"],"_links":{"self":[{"href":"https:\/\/turkiyemhaber.com\/index.php?rest_route=\/wp\/v2\/posts\/5538","targetHints":{"allow":["GET"]}}],"collection":[{"href":"https:\/\/turkiyemhaber.com\/index.php?rest_route=\/wp\/v2\/posts"}],"about":[{"href":"https:\/\/turkiyemhaber.com\/index.php?rest_route=\/wp\/v2\/types\/post"}],"author":[{"embeddable":true,"href":"https:\/\/turkiyemhaber.com\/index.php?rest_route=\/wp\/v2\/users\/1"}],"replies":[{"embeddable":true,"href":"https:\/\/turkiyemhaber.com\/index.php?rest_route=%2Fwp%2Fv2%2Fcomments&post=5538"}],"version-history":[{"count":1,"href":"https:\/\/turkiyemhaber.com\/index.php?rest_route=\/wp\/v2\/posts\/5538\/revisions"}],"predecessor-version":[{"id":5540,"href":"https:\/\/turkiyemhaber.com\/index.php?rest_route=\/wp\/v2\/posts\/5538\/revisions\/5540"}],"wp:featuredmedia":[{"embeddable":true,"href":"https:\/\/turkiyemhaber.com\/index.php?rest_route=\/wp\/v2\/media\/5539"}],"wp:attachment":[{"href":"https:\/\/turkiyemhaber.com\/index.php?rest_route=%2Fwp%2Fv2%2Fmedia&parent=5538"}],"wp:term":[{"taxonomy":"category","embeddable":true,"href":"https:\/\/turkiyemhaber.com\/index.php?rest_route=%2Fwp%2Fv2%2Fcategories&post=5538"},{"taxonomy":"post_tag","embeddable":true,"href":"https:\/\/turkiyemhaber.com\/index.php?rest_route=%2Fwp%2Fv2%2Ftags&post=5538"}],"curies":[{"name":"wp","href":"https:\/\/api.w.org\/{rel}","templated":true}]}}