{"id":5534,"date":"2026-08-26T15:10:46","date_gmt":"2026-08-26T15:10:46","guid":{"rendered":"https:\/\/turkiyemhaber.com\/?p=5534"},"modified":"2026-08-26T15:10:53","modified_gmt":"2026-08-26T15:10:53","slug":"ali-koc-cuvalla-paraya-satmisti-aziz-yildirim-bedavaya-geri-aliyor","status":"publish","type":"post","link":"https:\/\/turkiyemhaber.com\/?p=5534","title":{"rendered":"Ali Ko\u00e7 \u00c7uvalla Paraya Satm\u0131\u015ft\u0131! Aziz Y\u0131ld\u0131r\u0131m Bedavaya Geri Al\u0131yor"},"content":{"rendered":"\n<p class=\"wp-block-paragraph\">Fenerbah\u00e7e, savunma hatt\u0131nda ya\u015fanan ayr\u0131l\u0131klar\u0131n ard\u0131ndan eski futbolcusu Yusuf Ak\u00e7i\u00e7ek&#8217;i yeniden kadrosuna katmak i\u00e7in harekete ge\u00e7ti. Sar\u0131-lacivertlilerin, 22 milyon euro bonservis bedeliyle Al-Hilal&#8217;e transfer olan 20 ya\u015f\u0131ndaki stoper i\u00e7in 1 y\u0131ll\u0131k bedelsiz kiralama teklifi yapt\u0131\u011f\u0131 \u00f6ne s\u00fcr\u00fcld\u00fc.<\/p>\n\n\n\n<h2 class=\"wp-block-heading\">AL-H\u0130LAL&#8217;E TEKL\u0130F YAPILDI<\/h2>\n\n\n\n<p class=\"wp-block-paragraph\">Fenerbah\u00e7e&#8217;nin Yusuf Ak\u00e7i\u00e7ek&#8217;i yeniden kadrosuna katmak amac\u0131yla Al-Hilal&#8217;e 1 y\u0131ll\u0131k bedelsiz kiralama teklifi sundu\u011fu iddia edildi.<\/p>\n\n\n\n<p class=\"wp-block-paragraph\">Sar\u0131-lacivertli y\u00f6netimin ayr\u0131ca gen\u00e7 savunmac\u0131n\u0131n 5 milyon euroluk y\u0131ll\u0131k \u00fccretinin 4 milyon eurosunu kar\u015f\u0131lamaya haz\u0131r oldu\u011funu Al-Hilal y\u00f6netimine iletti\u011fi belirtildi.<\/p>\n\n\n\n<p class=\"wp-block-paragraph\">Taraflar\u0131n anla\u015fmaya varmas\u0131 halinde Yusuf Ak\u00e7i\u00e7ek&#8217;in \u0130stanbul&#8217;a gelerek Fenerbah\u00e7e ile resmi s\u00f6zle\u015fme imzalamas\u0131 bekleniyor.<\/p>\n\n\n\n<figure class=\"wp-block-image size-full\"><img loading=\"lazy\" decoding=\"async\" width=\"640\" height=\"426\" src=\"https:\/\/turkiyemhaber.com\/wp-content\/uploads\/2026\/08\/ali-koc-cuvalla-paraya-satmist-55012318aa-6094_1_m.webp\" alt=\"\" class=\"wp-image-5536\" srcset=\"https:\/\/turkiyemhaber.com\/wp-content\/uploads\/2026\/08\/ali-koc-cuvalla-paraya-satmist-55012318aa-6094_1_m.webp 640w, https:\/\/turkiyemhaber.com\/wp-content\/uploads\/2026\/08\/ali-koc-cuvalla-paraya-satmist-55012318aa-6094_1_m-18x12.webp 18w, https:\/\/turkiyemhaber.com\/wp-content\/uploads\/2026\/08\/ali-koc-cuvalla-paraya-satmist-55012318aa-6094_1_m-300x200.webp 300w\" sizes=\"auto, (max-width: 640px) 100vw, 640px\" \/><\/figure>\n\n\n\n<h2 class=\"wp-block-heading\">AL-H\u0130LAL&#8217;DE FORMA \u015eANSI BULAMIYOR<\/h2>\n\n\n\n<p class=\"wp-block-paragraph\">Yusuf Ak\u00e7i\u00e7ek&#8217;in Al-Hilal kadrosundaki 5 stoper aras\u0131nda en de\u011ferli isim oldu\u011fu belirtiliyor.<\/p>\n\n\n\n<p class=\"wp-block-paragraph\">Gen\u00e7 futbolcunun forma rekabetinde Koulibaly ve Lajami&#8217;nin arkas\u0131nda kald\u0131\u011f\u0131 ve bu nedenle d\u00fczenli forma \u015fans\u0131 bulmakta zorland\u0131\u011f\u0131 ifade edildi.<\/p>\n\n\n\n<h2 class=\"wp-block-heading\">GALATASARAY ALTYAPISINDA BA\u015eLADI<\/h2>\n\n\n\n<p class=\"wp-block-paragraph\">Futbola Galatasaray altyap\u0131s\u0131nda ba\u015flayan Yusuf Ak\u00e7i\u00e7ek, 2019 y\u0131l\u0131nda Fenerbah\u00e7e altyap\u0131s\u0131na ge\u00e7ti.<\/p>\n\n\n\n<p class=\"wp-block-paragraph\">Gen\u00e7 savunmac\u0131, Fenerbah\u00e7e&#8217;deki geli\u015fiminin ard\u0131ndan A tak\u0131ma y\u00fckseldi.<\/p>\n\n\n\n<h2 class=\"wp-block-heading\">22 M\u0130LYON EURO BONSERV\u0130SLE AL-H\u0130LAL&#8217;E G\u0130TT\u0130<\/h2>\n\n\n\n<p class=\"wp-block-paragraph\">Yusuf Ak\u00e7i\u00e7ek, Fenerbah\u00e7e&#8217;den Al-Hilal&#8217;e 22 milyon euro bonservis bedeli kar\u015f\u0131l\u0131\u011f\u0131nda transfer olmu\u015ftu.<\/p>\n\n\n\n<p class=\"wp-block-paragraph\">Bu transferle Fenerbah\u00e7e tarihinin en y\u00fcksek bonservis bedeliyle sat\u0131lan futbolcular\u0131 aras\u0131nda yer alan Yusuf Ak\u00e7i\u00e7ek, teklifin kabul edilmesi halinde eski tak\u0131m\u0131na bu kez kiral\u0131k olarak geri d\u00f6necek.<\/p>\n","protected":false},"excerpt":{"rendered":"<p>Fenerbah\u00e7e, savunma hatt\u0131nda ya\u015fanan ayr\u0131l\u0131klar\u0131n ard\u0131ndan eski futbolcusu Yusuf Ak\u00e7i\u00e7ek&#8217;i yeniden kadrosuna katmak i\u00e7in harekete<\/p>\n","protected":false},"author":1,"featured_media":5535,"comment_status":"open","ping_status":"open","sticky":false,"template":"","format":"standard","meta":{"_rtcl_gb_attr":"","footnotes":""},"categories":[3],"tags":[],"class_list":["post-5534","post","type-post","status-publish","format-standard","has-post-thumbnail","hentry","category-spor"],"_links":{"self":[{"href":"https:\/\/turkiyemhaber.com\/index.php?rest_route=\/wp\/v2\/posts\/5534","targetHints":{"allow":["GET"]}}],"collection":[{"href":"https:\/\/turkiyemhaber.com\/index.php?rest_route=\/wp\/v2\/posts"}],"about":[{"href":"https:\/\/turkiyemhaber.com\/index.php?rest_route=\/wp\/v2\/types\/post"}],"author":[{"embeddable":true,"href":"https:\/\/turkiyemhaber.com\/index.php?rest_route=\/wp\/v2\/users\/1"}],"replies":[{"embeddable":true,"href":"https:\/\/turkiyemhaber.com\/index.php?rest_route=%2Fwp%2Fv2%2Fcomments&post=5534"}],"version-history":[{"count":1,"href":"https:\/\/turkiyemhaber.com\/index.php?rest_route=\/wp\/v2\/posts\/5534\/revisions"}],"predecessor-version":[{"id":5537,"href":"https:\/\/turkiyemhaber.com\/index.php?rest_route=\/wp\/v2\/posts\/5534\/revisions\/5537"}],"wp:featuredmedia":[{"embeddable":true,"href":"https:\/\/turkiyemhaber.com\/index.php?rest_route=\/wp\/v2\/media\/5535"}],"wp:attachment":[{"href":"https:\/\/turkiyemhaber.com\/index.php?rest_route=%2Fwp%2Fv2%2Fmedia&parent=5534"}],"wp:term":[{"taxonomy":"category","embeddable":true,"href":"https:\/\/turkiyemhaber.com\/index.php?rest_route=%2Fwp%2Fv2%2Fcategories&post=5534"},{"taxonomy":"post_tag","embeddable":true,"href":"https:\/\/turkiyemhaber.com\/index.php?rest_route=%2Fwp%2Fv2%2Ftags&post=5534"}],"curies":[{"name":"wp","href":"https:\/\/api.w.org\/{rel}","templated":true}]}}