{"id":5530,"date":"2026-08-26T14:09:59","date_gmt":"2026-08-26T14:09:59","guid":{"rendered":"https:\/\/turkiyemhaber.com\/?p=5530"},"modified":"2026-08-26T14:12:38","modified_gmt":"2026-08-26T14:12:38","slug":"terorsuz-turkiye","status":"publish","type":"post","link":"https:\/\/turkiyemhaber.com\/?p=5530","title":{"rendered":"TER\u00d6RS\u00dcZ T\u00dcRK\u0130YE"},"content":{"rendered":"\n<p class=\"wp-block-paragraph\"><br>\u201c\u015eehitlerimize ve Gazilerimize \u0130hanet\u201d gibi alg\u0131larla kirletilmeye \u00e7al\u0131\u015f\u0131lan bu b\u00fcy\u00fck projenin son demlerini ya\u015famaktay\u0131z.<br>Peki s\u00fcre\u00e7 nas\u0131l ba\u015flad\u0131?<br>Nas\u0131l bug\u00fcnlere geldik?<br>Neler ya\u015fand\u0131?<br>Ve bundan sonra T\u00fcrkiye\u2019yi nas\u0131l bir d\u00f6nem bekliyor?<br>B\u00fct\u00fcn bu sorular\u0131n cevab\u0131n\u0131 yaln\u0131zca bug\u00fcn\u00fcn siyasi tart\u0131\u015fmalar\u0131nda ararsak, ya\u015fananlar\u0131n b\u00fcy\u00fck b\u00f6l\u00fcm\u00fcn\u00fc eksik g\u00f6r\u00fcr\u00fcz.<br>\u00c7\u00fcnk\u00fc bug\u00fcn \u201cTer\u00f6rs\u00fcz T\u00fcrkiye\u201d olarak adland\u0131r\u0131lan s\u00fcre\u00e7, bir gecede ortaya \u00e7\u0131km\u0131\u015f bir proje de\u011fildir.<br>Bu s\u00fcrecin arkas\u0131nda y\u0131llara yay\u0131lan ter\u00f6r sald\u0131r\u0131lar\u0131, s\u0131n\u0131r \u00f6tesi tehditler, Suriye\u2019de ya\u015fanan i\u00e7 sava\u015f, T\u00fcrkiye\u2019nin ger\u00e7ekle\u015ftirdi\u011fi askeri operasyonlar, diplomatik giri\u015fimler, istihbarat \u00e7al\u0131\u015fmalar\u0131, ekonomik kay\u0131plar ve en \u00f6nemlisi binlerce insan\u0131m\u0131z\u0131n hayat\u0131na mal olan bir d\u00f6nem bulunmaktad\u0131r.<br>Bu nedenle \u00f6nce biraz geriye gitmek gerekiyor.<br><strong>SUR\u0130YE\u2019DE SAVA\u015e BA\u015eLADI, T\u00dcRK\u0130YE\u2019N\u0130N SINIRLARI DE\u011e\u0130\u015eEN B\u0130R TEHD\u0130TLE KAR\u015eI KAR\u015eIYA KALDI<\/strong><br>2011 y\u0131l\u0131nda Suriye\u2019de ba\u015flayan i\u00e7 sava\u015f, k\u0131sa s\u00fcrede yaln\u0131zca Suriye\u2019nin i\u00e7 meselesi olmaktan \u00e7\u0131kt\u0131.<br>Devlet otoritesinin zay\u0131flamas\u0131yla birlikte \u00fclkenin farkl\u0131 b\u00f6lgelerinde silahl\u0131 yap\u0131lar ortaya \u00e7\u0131kt\u0131.<br>DEA\u015e, YPG\/SDG ve farkl\u0131 silahl\u0131 gruplar Suriye sahas\u0131nda etkili hale gelirken, T\u00fcrkiye\u2019nin yakla\u015f\u0131k 911 kilometrelik Suriye s\u0131n\u0131r\u0131 boyunca yeni bir g\u00fcvenlik problemi olu\u015ftu.<br>T\u00fcrkiye a\u00e7\u0131s\u0131ndan mesele art\u0131k yaln\u0131zca Suriye\u2019de kimin iktidar olaca\u011f\u0131 de\u011fildi.<br>S\u0131n\u0131r\u0131n hemen kar\u015f\u0131s\u0131nda kimlerin silahland\u0131\u011f\u0131, hangi \u00f6rg\u00fctlerin hangi b\u00f6lgelerde kontrol kurdu\u011fu ve bu yap\u0131lar\u0131n T\u00fcrkiye\u2019ye y\u00f6nelik tehdit olu\u015fturup olu\u015fturmad\u0131\u011f\u0131 hayati \u00f6nem ta\u015f\u0131yordu.<br>\u00d6zellikle Suriye\u2019nin kuzeyinde YPG \u00f6nc\u00fcl\u00fc\u011f\u00fcndeki yap\u0131lanman\u0131n g\u00fc\u00e7 kazanmas\u0131, Ankara\u2019n\u0131n g\u00fcvenlik politikalar\u0131n\u0131n merkezine oturdu.<br>T\u00fcrkiye\u2019nin y\u0131llard\u0131r dile getirdi\u011fi temel g\u00fcvenlik yakla\u015f\u0131m\u0131 da burada \u015fekillendi:<br>S\u0131n\u0131rlar\u0131m\u0131z\u0131n hemen \u00f6tesinde T\u00fcrkiye\u2019ye y\u00f6nelik yeni bir ter\u00f6r koridorunun olu\u015fmas\u0131na izin verilmemesi.<br><strong>BURNUMUZUN D\u0130B\u0130NDE T\u00dcRKMEN DA\u011eI<\/strong><br>Bu d\u00f6nemde g\u00f6zlerin \u00e7evrildi\u011fi b\u00f6lgelerden biri de Hatay\u2019\u0131n hemen kar\u015f\u0131s\u0131ndaki Bay\u0131rbucak ve T\u00fcrkmen Da\u011f\u0131 b\u00f6lgesiydi.<br>T\u00fcrkmen Da\u011f\u0131, Hatay\u2019\u0131n Yaylada\u011f\u0131 il\u00e7esinin kar\u015f\u0131s\u0131nda bulunan, tarihsel ve sosyal ba\u011flar\u0131 T\u00fcrkiye a\u00e7\u0131s\u0131ndan \u00f6zel \u00f6nem ta\u015f\u0131yan bir b\u00f6lgeydi.<br>Burada ya\u015fayan T\u00fcrkmenler, Suriye sava\u015f\u0131n\u0131n a\u011f\u0131r sonu\u00e7lar\u0131yla kar\u015f\u0131 kar\u015f\u0131ya kald\u0131.<br>B\u00f6lgedeki \u00e7at\u0131\u015fmalar, g\u00f6\u00e7ler ve silahl\u0131 gruplar\u0131n faaliyetleri T\u00fcrkiye s\u0131n\u0131r\u0131na kadar dayand\u0131.<br>T\u00fcrkiye a\u00e7\u0131s\u0131ndan mesele yaln\u0131zca akrabal\u0131k ba\u011flar\u0131 bulunan T\u00fcrkmenlerin ya\u015fad\u0131\u011f\u0131 bir b\u00f6lgenin kaderi de\u011fildi.<br>S\u0131n\u0131r g\u00fcvenli\u011fi, g\u00f6\u00e7 hareketleri ve ter\u00f6r \u00f6rg\u00fctlerinin b\u00f6lgede alan kazanmas\u0131 da do\u011frudan T\u00fcrkiye\u2019nin g\u00fcvenli\u011fini ilgilendiriyordu.<br>Bu nedenle Suriye\u2019nin kuzeyinde ya\u015fanan geli\u015fmeler Ankara taraf\u0131ndan yak\u0131ndan takip edildi.<br>ESAD REJ\u0130M\u0130 NEDEN TER\u00d6R YAPILANMALARINA KAR\u015eI ETK\u0130L\u0130 B\u0130R M\u00dcCADELE Y\u00dcR\u00dcTMED\u0130?<br>Burada y\u0131llarca tart\u0131\u015f\u0131lan bir ba\u015fka soru ortaya \u00e7\u0131kt\u0131:<br>Esad rejimi neden Suriye topraklar\u0131nda g\u00fc\u00e7lenen farkl\u0131 silahl\u0131 yap\u0131lara kar\u015f\u0131 T\u00fcrkiye\u2019nin bekledi\u011fi \u00f6l\u00e7\u00fcde bir m\u00fccadele y\u00fcr\u00fctmedi?<br>Suriye\u2019de devlet otoritesinin \u00fclkenin tamam\u0131nda zay\u0131flamas\u0131, farkl\u0131 b\u00f6lgelerde farkl\u0131 silahl\u0131 yap\u0131lar\u0131n ortaya \u00e7\u0131kmas\u0131na neden oldu.<br>T\u00fcrkiye a\u00e7\u0131s\u0131ndan bunun sonucu a\u00e7\u0131kt\u0131:<br>S\u0131n\u0131r\u0131n di\u011fer taraf\u0131ndaki istikrars\u0131zl\u0131k, zaman i\u00e7erisinde T\u00fcrkiye\u2019nin s\u0131n\u0131r g\u00fcvenli\u011fine do\u011frudan yans\u0131yordu.<br>Silah, uyu\u015fturucu, insan ka\u00e7ak\u00e7\u0131l\u0131\u011f\u0131 ve ter\u00f6r faaliyetlerinin olu\u015fturdu\u011fu ekonomik a\u011flar da bu istikrars\u0131zl\u0131\u011f\u0131n ba\u015fka bir boyutunu meydana getiriyordu.<br>Dolay\u0131s\u0131yla Suriye\u2019deki sava\u015f\u0131n yaln\u0131zca askeri de\u011fil, ekonomik ve g\u00fcvenlik boyutu da bulunuyordu.<br><strong>T\u00dcRK\u0130YE SINIRIN \u00d6TES\u0130NE GE\u00c7T\u0130<\/strong><br>T\u00fcrkiye bir s\u00fcre sonra yaln\u0131zca s\u0131n\u0131r g\u00fcvenli\u011fi tedbirleriyle yetinmedi.<br>F\u0131rat Kalkan\u0131 Harek\u00e2t\u0131 ile ba\u015flayan s\u0131n\u0131r \u00f6tesi operasyonlar, Zeytin Dal\u0131 ve Bar\u0131\u015f P\u0131nar\u0131 harek\u00e2tlar\u0131yla devam etti.<br>Ama\u00e7lardan biri T\u00fcrkiye s\u0131n\u0131r\u0131nda DEA\u015e ve YPG\/PKK ba\u011flant\u0131l\u0131 yap\u0131lar\u0131n olu\u015fturdu\u011fu tehdidi ortadan kald\u0131rmak ve s\u0131n\u0131r hatt\u0131nda g\u00fcvenli b\u00f6lgeler olu\u015fturmakt\u0131.<br>T\u00fcrkiye bu operasyonlarla birlikte Suriye sahas\u0131nda do\u011frudan askeri g\u00fc\u00e7 kullanan \u00fclkelerden biri haline geldi.<br>Bu s\u00fcre\u00e7, T\u00fcrkiye\u2019nin Suriye politikas\u0131nda \u00f6nemli bir k\u0131r\u0131lma noktas\u0131yd\u0131.<br>Art\u0131k Ankara i\u00e7in Suriye\u2019deki geli\u015fmeler, yaln\u0131zca diplomasi masas\u0131nda izlenen bir d\u0131\u015f politika ba\u015fl\u0131\u011f\u0131 de\u011fil, do\u011frudan T\u00fcrkiye\u2019nin milli g\u00fcvenli\u011fiyle ba\u011flant\u0131l\u0131 bir meseleydi.<br><strong>TER\u00d6R\u00dcN SADECE S\u0130LAHLA DE\u011e\u0130L, PARA \u0130LE DE BESLEND\u0130\u011e\u0130 ORTAYA \u00c7IKTI<\/strong><br>\u0130\u015fte bug\u00fcn geldi\u011fimiz noktay\u0131 anlamak i\u00e7in bir ba\u015fka ba\u015fl\u0131\u011f\u0131n daha alt\u0131n\u0131 \u00e7izmek gerekiyor:<br>Kara para.<br>\u201cKara para aklama\u201d nedir?<br>Yasal olmayan yollarla elde edilen paran\u0131n kayna\u011f\u0131n\u0131n gizlenerek sisteme sokulmas\u0131d\u0131r.<br>Uyu\u015fturucu, ka\u00e7ak\u00e7\u0131l\u0131k, yasa d\u0131\u015f\u0131 bahis, insan ka\u00e7ak\u00e7\u0131l\u0131\u011f\u0131 ve benzeri su\u00e7lardan elde edilen gelirlerin farkl\u0131 kanallardan dola\u015ft\u0131r\u0131lmas\u0131, su\u00e7 \u00f6rg\u00fctlerinin ayakta kalmas\u0131n\u0131 sa\u011flayan en \u00f6nemli mekanizmalardan biridir.<br>Ter\u00f6r \u00f6rg\u00fctlerinin de silah, m\u00fchimmat, lojistik, insan kayna\u011f\u0131 ve propaganda faaliyetleri i\u00e7in finansmana ihtiyac\u0131 vard\u0131r.<br>Bu nedenle ter\u00f6rle m\u00fccadele yaln\u0131zca da\u011fdaki silahl\u0131 unsurlarla m\u00fccadele etmek de\u011fildir.<br>Paran\u0131n izini s\u00fcrmek de ter\u00f6rle m\u00fccadelenin bir par\u00e7as\u0131d\u0131r.<br>Para trafi\u011fi kesildi\u011finde \u00f6rg\u00fctlerin hareket kabiliyeti de zay\u0131flar.<br>Bu noktada T\u00fcrkiye\u2019de son d\u00f6nemde y\u00fcr\u00fct\u00fclen mali su\u00e7 ve kara para soru\u015fturmalar\u0131n\u0131n neden \u00f6nemli oldu\u011fu daha iyi anla\u015f\u0131lmaktad\u0131r.<br><strong>FET\u00d6, M\u0130T TIRLARI VE DEVLET\u0130N G\u00dcVENL\u0130K M\u00dcCADELES\u0130<\/strong><br>T\u00fcrkiye&#8217;nin yak\u0131n tarihinde ya\u015fanan baz\u0131 olaylar da devlet i\u00e7erisindeki yap\u0131lanmalar ile d\u0131\u015f g\u00fcvenlik meselelerinin ne kadar i\u00e7 i\u00e7e ge\u00e7ebildi\u011fini g\u00f6sterdi.<br>M\u0130T TIR\u2019lar\u0131n\u0131n durdurulmas\u0131 ve sonras\u0131nda ya\u015fanan geli\u015fmeler T\u00fcrkiye\u2019nin g\u00fcvenlik b\u00fcrokrasisinde b\u00fcy\u00fck bir k\u0131r\u0131lmaya yol a\u00e7t\u0131.<br>Daha sonra FET\u00d6 yap\u0131lanmas\u0131 olarak tan\u0131mlanan \u00f6rg\u00fct\u00fcn devlet i\u00e7erisindeki \u00f6rg\u00fctlenmesine y\u00f6nelik y\u00fcr\u00fct\u00fclen soru\u015fturmalar, meselenin yaln\u0131zca siyasi bir tart\u0131\u015fmadan ibaret olmad\u0131\u011f\u0131n\u0131 ortaya koydu.<br>Buradaki temel mesele \u015fuydu:<br>T\u00fcrkiye\u2019nin devlet g\u00fcvenli\u011fi, istihbarat faaliyetleri ve ter\u00f6rle m\u00fccadele mekanizmalar\u0131 i\u00e7erisinde farkl\u0131 yap\u0131lanmalar\u0131n etkinlik kurmas\u0131, \u00fclkenin g\u00fcvenlik politikalar\u0131n\u0131 do\u011frudan etkileyebiliyordu.<br>Bu nedenle bug\u00fcn ter\u00f6r, d\u0131\u015f politika, istihbarat ve mali su\u00e7lar aras\u0131ndaki ba\u011flant\u0131y\u0131 konu\u015furken ge\u00e7mi\u015fte ya\u015fanan bu olaylar\u0131 da hat\u0131rlamak gerekiyor.<br><strong>2024: SUR\u0130YE\u2019DE TA\u015eLAR YER\u0130NDEN OYNADI<\/strong><br>Ve sonra Suriye\u2019de dengeleri de\u011fi\u015ftiren tarihi geli\u015fme ya\u015fand\u0131.<br>2024 y\u0131l\u0131n\u0131n sonunda Be\u015far Esad y\u00f6netiminin devrilmesiyle Suriye\u2019de yeni bir d\u00f6nem ba\u015flad\u0131.<br>\u015eam\u2019da yeni y\u00f6netimin ortaya \u00e7\u0131kmas\u0131, Suriye\u2019nin toprak b\u00fct\u00fcnl\u00fc\u011f\u00fc ve \u00fclke i\u00e7erisindeki silahl\u0131 yap\u0131lar\u0131n gelece\u011fi konusunda yeni bir s\u00fcreci ba\u015flatt\u0131.<br>T\u00fcrkiye a\u00e7\u0131s\u0131ndan bu geli\u015fme, y\u0131llard\u0131r devam eden Suriye politikas\u0131nda yeni bir sayfa a\u00e7\u0131lmas\u0131 anlam\u0131na geliyordu.<br>Ankara\u2019n\u0131n temel beklentilerinden biri, Suriye\u2019nin toprak b\u00fct\u00fcnl\u00fc\u011f\u00fcn\u00fcn korunmas\u0131 ve \u00fclkenin kuzeyindeki silahl\u0131 yap\u0131lar\u0131n merkezi devlet \u00e7at\u0131s\u0131 alt\u0131nda toplanmas\u0131yd\u0131.<br><strong>10 MART 2025: SUR\u0130YE\u2019DE YEN\u0130 D\u00d6NEM\u0130N \u0130LK \u0130\u015eARETLER\u0130<\/strong><br>10 Mart 2025 tarihinde Suriye y\u00f6netimi ile SDG aras\u0131nda yap\u0131lan anla\u015fma, bu a\u00e7\u0131dan \u00f6nemli bir d\u00f6n\u00fcm noktas\u0131 oldu.<br>Anla\u015fman\u0131n temel ba\u015fl\u0131klar\u0131 aras\u0131nda ate\u015fkes, askeri yap\u0131lar\u0131n Suriye devletine entegre edilmesi ve devlet otoritesinin s\u0131n\u0131r kap\u0131lar\u0131, havaalanlar\u0131 ve petrol sahalar\u0131 gibi stratejik alanlarda yeniden tesis edilmesi bulunuyordu.<br>T\u00fcrkiye ise uzun s\u00fcredir Suriye\u2019nin kuzeyindeki YPG\/SDG yap\u0131lanmas\u0131n\u0131n merkezi Suriye devletinin d\u0131\u015f\u0131nda ba\u011f\u0131ms\u0131z bir silahl\u0131 g\u00fc\u00e7 olarak kalmas\u0131na kar\u015f\u0131 \u00e7\u0131k\u0131yordu.<br>D\u0131\u015fi\u015fleri Bakan\u0131 Hakan Fidan da 2025 boyunca yapt\u0131\u011f\u0131 a\u00e7\u0131klamalarda bu anla\u015fman\u0131n uygulanmas\u0131 gerekti\u011fini vurgulad\u0131.<br>Yani T\u00fcrkiye\u2019nin \u201cTer\u00f6rs\u00fcz T\u00fcrkiye\u201d hedefi ile \u201cTer\u00f6rs\u00fcz B\u00f6lge\u201d hedefi birbirinden ba\u011f\u0131ms\u0131z iki ba\u015fl\u0131k de\u011fildi.<br>\u0130kisi ayn\u0131 g\u00fcvenlik zincirinin par\u00e7alar\u0131yd\u0131.<br><strong>27 \u015eUBAT 2025: S\u00dcREC\u0130N T\u00dcRK\u0130YE AYA\u011eINDA TAR\u0130H\u0130 \u00c7A\u011eRI<\/strong><br>T\u00fcrkiye taraf\u0131nda ise yeni s\u00fcrecin siyasi zemini 2024 y\u0131l\u0131n\u0131n sonlar\u0131nda \u015fekillenmeye ba\u015flad\u0131.<br>MHP Genel Ba\u015fkan\u0131 Devlet Bah\u00e7eli, Ekim 2024\u2019te yapt\u0131\u011f\u0131 a\u00e7\u0131klamalarla PKK\u2019n\u0131n silah b\u0131rakmas\u0131 ve \u00f6rg\u00fct\u00fcn kendisini feshetmesi y\u00f6n\u00fcnde \u00e7a\u011fr\u0131lar yapt\u0131.<br>22 Ekim 2024 tarihinde Bah\u00e7eli\u2019nin Abdullah \u00d6calan\u2019\u0131n \u00f6rg\u00fct\u00fcn la\u011fvedildi\u011fini TBMM\u2019de ilan etmesi y\u00f6n\u00fcndeki \u00e7a\u011fr\u0131s\u0131, T\u00fcrkiye siyasetinde yeni bir d\u00f6nemin tart\u0131\u015f\u0131lmas\u0131na neden oldu.<br>Ard\u0131ndan g\u00f6r\u00fc\u015fmeler ve temaslar ba\u015flad\u0131.<br>27 \u015eubat 2025 tarihinde Abdullah \u00d6calan PKK\u2019ya silah b\u0131rakma ve \u00f6rg\u00fct\u00fcn feshedilmesi \u00e7a\u011fr\u0131s\u0131nda bulundu.<br>Bu \u00e7a\u011fr\u0131, y\u0131llard\u0131r devam eden ter\u00f6r meselesinin \u00e7\u00f6z\u00fcm\u00fc a\u00e7\u0131s\u0131ndan yeni bir a\u015fama olarak de\u011ferlendirildi.<br><strong>12 MAYIS 2025: PKK FES\u0130H KARARI ALDI<\/strong><br>12 May\u0131s 2025 tarihinde PKK, fesih ve silah b\u0131rakma karar\u0131 ald\u0131\u011f\u0131n\u0131 a\u00e7\u0131klad\u0131.<\/p>\n\n\n\n<p class=\"wp-block-paragraph\">B\u00f6ylece \u201cTer\u00f6rs\u00fcz T\u00fcrkiye\u201d s\u00fcreci s\u00f6ylem a\u015famas\u0131ndan \u00e7\u0131karak somut bir a\u015famaya ge\u00e7ti.<br>Ancak T\u00fcrkiye a\u00e7\u0131s\u0131ndan mesele yaln\u0131zca PKK\u2019n\u0131n T\u00fcrkiye s\u0131n\u0131rlar\u0131 i\u00e7erisindeki faaliyetlerinin sona ermesi de\u011fildi.<br>Irak\u2019\u0131n kuzeyi ve Suriye\u2019deki yap\u0131lanmalar\u0131n gelece\u011fi de s\u00fcrecin en kritik ba\u015fl\u0131klar\u0131ndan biri haline geldi.<br>\u00c7\u00fcnk\u00fc T\u00fcrkiye\u2019nin g\u00fcvenlik tezine g\u00f6re \u00f6rg\u00fct\u00fcn bir \u00fclkede silah b\u0131rak\u0131p ba\u015fka bir \u00fclkede ayn\u0131 yap\u0131lanmay\u0131 s\u00fcrd\u00fcrmesi, ter\u00f6r tehdidinin tamamen sona ermesi anlam\u0131na gelmiyordu.<br>TBMM DEVREYE G\u0130RD\u0130<br>S\u00fcre\u00e7 daha sonra T\u00fcrkiye B\u00fcy\u00fck Millet Meclisi zeminine ta\u015f\u0131nd\u0131.<br>5 A\u011fustos 2025 tarihinde TBMM b\u00fcnyesinde Mill\u00ee Dayan\u0131\u015fma, Karde\u015flik ve Demokrasi Komisyonu ilk toplant\u0131s\u0131n\u0131 ger\u00e7ekle\u015ftirdi.<br>Komisyonun amac\u0131, ter\u00f6r\u00fcn sona erdirilmesi ve toplumsal b\u00fct\u00fcnle\u015fmenin g\u00fc\u00e7lendirilmesi konusunda Meclis \u00e7at\u0131s\u0131 alt\u0131nda ortak bir zemin olu\u015fturmakt\u0131.<br>Komisyon \u00e7al\u0131\u015fmalar\u0131nda T\u00fcrkiye\u2019nin \u00fcniter devlet yap\u0131s\u0131, toprak b\u00fct\u00fcnl\u00fc\u011f\u00fc, T\u00fcrk\u00e7enin resmi dil stat\u00fcs\u00fc ve laik Cumhuriyet ilkeleri ortak temel de\u011ferler olarak vurguland\u0131.<br>Bu ayr\u0131nt\u0131 \u00f6nemlidir.<br>\u00c7\u00fcnk\u00fc s\u00fcre\u00e7 yaln\u0131zca \u201cter\u00f6r \u00f6rg\u00fct\u00fcn\u00fcn silah b\u0131rakmas\u0131\u201d ba\u015fl\u0131\u011f\u0131na indirgenmedi.<br>Devletin temel yap\u0131s\u0131, hukuk, toplumsal b\u00fct\u00fcnle\u015fme, g\u00fcvenlik ve gelecekte at\u0131lacak yasal ad\u0131mlar da ayn\u0131 \u00e7er\u00e7evenin i\u00e7ine al\u0131nd\u0131.<strong><br>2025 SONBAHARINDA \u0130LK SOMUT \u00c7EK\u0130LME \u0130\u015eARETLER\u0130<\/strong><br>2025 y\u0131l\u0131n\u0131n sonlar\u0131na do\u011fru PKK&#8217;n\u0131n T\u00fcrkiye s\u0131n\u0131rlar\u0131 i\u00e7erisindeki silahl\u0131 unsurlar\u0131n\u0131 Irak&#8217;a \u00e7ekmeye ba\u015flad\u0131\u011f\u0131na ili\u015fkin a\u00e7\u0131klamalar geldi.<br>Bu geli\u015fme, s\u00fcrecin sahadaki ilk \u00f6nemli sonu\u00e7lar\u0131ndan biri olarak de\u011ferlendirildi.<br>B\u00f6ylece T\u00fcrkiye\u2019nin k\u0131rk y\u0131l\u0131 a\u015fk\u0131n s\u00fcredir m\u00fccadele etti\u011fi ter\u00f6r sorununun askeri boyutunda yeni bir a\u015famaya ge\u00e7ilmi\u015f oldu.<br>Fakat as\u0131l kritik soru h\u00e2l\u00e2 ortadayd\u0131:<br>Suriye\u2019de ne olacakt\u0131?<br><strong>SUR\u0130YE\u2019DEK\u0130 YAPILANMA S\u00dcREC\u0130N EN KR\u0130T\u0130K NOKTASIYDI<\/strong><br>T\u00fcrkiye a\u00e7\u0131s\u0131ndan Suriye\u2019deki YPG\/SDG yap\u0131lanmas\u0131, Ter\u00f6rs\u00fcz T\u00fcrkiye s\u00fcrecinin en \u00f6nemli d\u0131\u015f g\u00fcvenlik ba\u015fl\u0131klar\u0131ndan biri haline geldi.<br>\u00c7\u00fcnk\u00fc Ankara\u2019n\u0131n bak\u0131\u015f a\u00e7\u0131s\u0131na g\u00f6re T\u00fcrkiye s\u0131n\u0131r\u0131n\u0131n hemen kar\u015f\u0131s\u0131nda silahl\u0131 bir \u00f6rg\u00fctsel yap\u0131n\u0131n varl\u0131\u011f\u0131n\u0131 s\u00fcrd\u00fcrmesi, T\u00fcrkiye i\u00e7erisindeki ter\u00f6r tehdidinin sona erdi\u011finin s\u00f6ylenmesini eksik b\u0131rakacakt\u0131.<br>Bu nedenle Ankara uzun s\u00fcre boyunca Suriye\u2019deki silahl\u0131 yap\u0131lar\u0131n \u015eam y\u00f6netimine entegre edilmesi gerekti\u011fini savundu.<br>Ve nihayet bug\u00fcn geldi\u011fimiz noktada \u00e7ok \u00f6nemli bir geli\u015fme ya\u015fand\u0131.<br><strong>BUG\u00dcN: SDG\/YPG YAPILANMASINDA FES\u0130H VE ENTEGRASYON A\u015eAMASI<\/strong><br>Suriye\u2019de SDG\/YPG yap\u0131lanmas\u0131n\u0131n sona erdirilmesi ve silahl\u0131 unsurlar\u0131n Suriye devlet yap\u0131s\u0131na entegre edilmesine y\u00f6nelik s\u00fcre\u00e7 bug\u00fcn yeni bir a\u015famaya ula\u015ft\u0131.<br>Bu geli\u015fme, T\u00fcrkiye\u2019nin uzun s\u00fcredir dile getirdi\u011fi \u201cSuriye\u2019nin toprak b\u00fct\u00fcnl\u00fc\u011f\u00fc ve tek devlet, tek ordu\u201d yakla\u015f\u0131m\u0131 a\u00e7\u0131s\u0131ndan kritik bir e\u015fik olu\u015fturuyor.<br>T\u00fcrkiye de bu geli\u015fmeyi Suriye\u2019nin i\u00e7 b\u00fct\u00fcnl\u00fc\u011f\u00fcn\u00fc g\u00fc\u00e7lendiren ve s\u0131n\u0131r g\u00fcvenli\u011fine katk\u0131 sa\u011flayan bir ad\u0131m olarak de\u011ferlendiriyor. ([Reuters][2])<br>B\u00f6ylece 2011 y\u0131l\u0131nda ba\u015flayan Suriye sava\u015f\u0131ndan bug\u00fcne kadar ge\u00e7en yakla\u015f\u0131k 15 y\u0131ll\u0131k d\u00f6nemde, T\u00fcrkiye a\u00e7\u0131s\u0131ndan g\u00fcvenlik denkleminin \u00f6nemli par\u00e7alar\u0131ndan biri de\u011fi\u015fmi\u015f oluyor.<br><strong>PEK\u0130 B\u00dcT\u00dcN BUNLARIN \u201cTER\u00d6RS\u00dcZ T\u00dcRK\u0130YE\u201d \u0130LE NE \u0130LG\u0130S\u0130 VAR?<\/strong><br>\u015eimdi sorunun tam merkezine gelelim.<br>Ter\u00f6r \u00f6rg\u00fctleri yaln\u0131zca T\u00fcrkiye s\u0131n\u0131rlar\u0131 i\u00e7erisinde faaliyet g\u00f6steren yap\u0131lardan ibaret de\u011fil.<br>S\u0131n\u0131r\u0131n \u00f6tesindeki kamplar, lojistik merkezleri, silah depolar\u0131, finans kaynaklar\u0131, insan trafi\u011fi ve siyasi yap\u0131lanmalar da ayn\u0131 g\u00fcvenlik zincirinin par\u00e7alar\u0131d\u0131r.<br>T\u00fcrkiye y\u0131llard\u0131r bu zincirin farkl\u0131 halkalar\u0131yla m\u00fccadele etti.<br>\u015eimdi ise ilk kez bu zincirin bir\u00e7ok halkas\u0131n\u0131n ayn\u0131 anda \u00e7\u00f6z\u00fclmeye ba\u015flad\u0131\u011f\u0131 bir d\u00f6nemden ge\u00e7iyoruz.<br>PKK\u2019n\u0131n fesih ve silah b\u0131rakma karar\u0131&#8230;<br>Irak\u2019taki yap\u0131lanman\u0131n gelece\u011fi&#8230;<br>Suriye\u2019de SDG\/YPG\u2019nin merkezi devlet yap\u0131s\u0131na entegrasyonu&#8230;<br>TBMM\u2019de y\u00fcr\u00fct\u00fclen \u00e7al\u0131\u015fmalar&#8230;<br>Ve nihayet s\u00fcrecin hukuki zemininin olu\u015fturulmas\u0131na y\u00f6nelik \u00e7er\u00e7eve yasa&#8230;<br>B\u00fct\u00fcn bunlar birbirinden kopuk geli\u015fmeler de\u011fildir.<br><strong>\u015e\u0130MD\u0130 YEN\u0130 B\u0130R D\u00d6NEM\u0130N E\u015e\u0130\u011e\u0130NDEY\u0130Z<\/strong><br>Bug\u00fcn T\u00fcrkiye B\u00fcy\u00fck Millet Meclisi\u2019nde \u201cTer\u00f6rs\u00fcz T\u00fcrkiye\u201d s\u00fcrecinin hukuki zemininin olu\u015fturulmas\u0131na y\u00f6nelik \u00e7er\u00e7eve yasa \u00e7al\u0131\u015fmalar\u0131 da yeni bir a\u015famaya ula\u015ft\u0131.<br>TBMM Adalet Komisyonu, \u201cMilli Dayan\u0131\u015fma ve Toplumsal B\u00fct\u00fcnle\u015fmenin G\u00fc\u00e7lendirilmesine Dair Kanun Teklifi\u201dni kabul etti.<br>Teklifte T\u00fcrkiye\u2019nin \u00fcniter devlet yap\u0131s\u0131, toprak b\u00fct\u00fcnl\u00fc\u011f\u00fc, T\u00fcrk\u00e7enin resmi dil stat\u00fcs\u00fc ve laik Cumhuriyet ilkelerinin temel de\u011ferler oldu\u011fu \u00f6zellikle vurguland\u0131. ([TRT Haber][3])<br>Dolay\u0131s\u0131yla \u00f6n\u00fcm\u00fczdeki d\u00f6nem yaln\u0131zca g\u00fcvenlik g\u00fc\u00e7lerinin operasyonlar\u0131yla de\u011fil, hukuk ve siyaset alan\u0131ndaki d\u00fczenlemelerle de \u015fekillenecek.<br><\/p>\n\n\n\n<p class=\"wp-block-paragraph\"><strong>\u015e\u0130MD\u0130 BU YASAYA, BU OLU\u015eUMA, KISACASI BU PROJEYE KAR\u015eI \u00c7IKANLARA SESLEN\u0130YORUM<\/strong><\/p>\n\n\n\n<p class=\"wp-block-paragraph\"><strong><br>\u015eAYET M\u0130LL\u0130YET\u00c7\u0130 \u0130SEN\u0130Z!<\/strong><br>\u015eehit kan\u0131na, gazi say\u0131s\u0131na ve milli servetin bo\u015fa harcanmas\u0131na \u201cyeter\u201d demek bu kadar zor mu?<br>Y\u0131llard\u0131r T\u00fcrkiye\u2019nin kaynaklar\u0131 ter\u00f6rle m\u00fccadeleye harcand\u0131.<br>Y\u0131llard\u0131r gen\u00e7lerimiz da\u011flarda, \u015fehirlerde, s\u0131n\u0131r \u00f6tesinde m\u00fccadele etti.<br>Y\u0131llard\u0131r aileler evlatlar\u0131n\u0131n yolunu g\u00f6zledi.<br>Ter\u00f6r\u00fcn sona ermesi, \u015fehit haberlerinin bitmesi ve T\u00fcrkiye\u2019nin enerjisini art\u0131k kendi kalk\u0131nmas\u0131na y\u00f6neltmesi neden milli bir hedef olmas\u0131n?<br><strong>\u015eAYET ATAT\u00dcRK\u00c7\u00dc \u0130SEN\u0130Z!<\/strong><br>\u201cYurtta sulh, cihanda sulh.\u201d<br>Mustafa Kemal Atat\u00fcrk\u2019\u00fcn Hatay meselesine verdi\u011fi \u00f6nem ortadad\u0131r.<br>Hatay, Atat\u00fcrk d\u00f6neminde y\u00fcr\u00fct\u00fclen yo\u011fun diplomatik ve siyasi m\u00fccadelenin ard\u0131ndan 1939 y\u0131l\u0131nda T\u00fcrkiye\u2019ye kat\u0131ld\u0131.<br>Dolay\u0131s\u0131yla Hatay meselesi, T\u00fcrkiye\u2019nin s\u0131n\u0131r g\u00fcvenli\u011fi ile milli \u00e7\u0131karlar\u0131n\u0131n nas\u0131l birlikte ele al\u0131nd\u0131\u011f\u0131n\u0131 g\u00f6steren tarihi \u00f6rneklerden biridir. ([Hatay Mustafa Kemal \u00dcniversitesi][4])<br>Bug\u00fcn T\u00fcrkiye\u2019nin Suriye\u2019nin kuzeyindeki g\u00fcvenlik meselelerini yak\u0131ndan takip etmesinin temelinde de s\u0131n\u0131r g\u00fcvenli\u011fi, ter\u00f6r tehdidi ve b\u00f6lgesel istikrar bulunmaktad\u0131r.<br>Atat\u00fcrk\u2019\u00fcn \u201cYurtta sulh, cihanda sulh\u201d anlay\u0131\u015f\u0131n\u0131 yaln\u0131zca sava\u015fmamak olarak de\u011fil, \u00fclkenin g\u00fcvenli\u011fini ve ba\u011f\u0131ms\u0131zl\u0131\u011f\u0131n\u0131 koruyacak bir bar\u0131\u015f d\u00fczeni olu\u015fturmak olarak da okumak gerekir.<br><strong>\u015eAYET \u0130SLAM\u0130 B\u0130R G\u00d6R\u00dc\u015e\u00dc VEYA S\u0130YAS\u0130 YAPIYI DESTEKL\u0130YORSANIZ!<\/strong><br>Orada zul\u00fcm g\u00f6ren, katledilenler, \u015fehit veya gazilik mertebesine eri\u015fenler M\u00fcsl\u00fcman de\u011filler mi?<br>Neresi zorunuza gidiyor?<br>Y\u0131llard\u0131r Suriye\u2019de sava\u015f\u0131n ortas\u0131nda kalan milyonlarca insan\u0131n ya\u015fad\u0131\u011f\u0131 ac\u0131lar\u0131 g\u00f6rmezden gelmek m\u00fcmk\u00fcn m\u00fc?<br>Ter\u00f6r\u00fcn sona ermesi, insanlar\u0131n kendi topraklar\u0131nda g\u00fcven i\u00e7erisinde ya\u015fayabilmesi ve b\u00f6lgenin yeniden istikrara kavu\u015fmas\u0131 neden ortak bir hedef olmas\u0131n?<br><strong>ASIL MESELE BURADA BA\u015eLIYOR<\/strong><br>Bug\u00fcn T\u00fcrkiye\u2019nin \u00f6n\u00fcnde tarihi bir f\u0131rsat bulunmaktad\u0131r.<br>Ter\u00f6r\u00fcn bitirilmesi&#8230;<br>S\u0131n\u0131rlar\u0131n g\u00fcvenli hale getirilmesi&#8230;<br>Suriye\u2019nin toprak b\u00fct\u00fcnl\u00fc\u011f\u00fcn\u00fcn korunmas\u0131&#8230;<br>Irak ve Suriye\u2019deki silahl\u0131 yap\u0131lar\u0131n sona erdirilmesi&#8230;<br>Ter\u00f6r\u00fcn finans kaynaklar\u0131n\u0131n kurutulmas\u0131&#8230;<br>Ve T\u00fcrkiye\u2019nin k\u0131rk y\u0131l\u0131 a\u015fk\u0131n s\u00fcredir enerjisini t\u00fcketen bir g\u00fcvenlik sorununu geride b\u0131rakmas\u0131&#8230;<br>Bunlar\u0131n tamam\u0131 ayn\u0131 hedefin farkl\u0131 par\u00e7alar\u0131d\u0131r.<br>Bu nedenle \u201cTer\u00f6rs\u00fcz T\u00fcrkiye\u201d yaln\u0131zca bir g\u00fcvenlik projesi de\u011fildir.<br>Ayn\u0131 zamanda ekonomik bir projedir.<br>\u00c7\u00fcnk\u00fc ter\u00f6r\u00fcn olmad\u0131\u011f\u0131 bir T\u00fcrkiye\u2019de milli kaynaklar g\u00fcvenlik harcamalar\u0131ndan kalk\u0131nmaya daha fazla y\u00f6nlendirilebilir.<br>Bir d\u0131\u015f politika projesidir.<br>\u00c7\u00fcnk\u00fc s\u0131n\u0131rlar\u0131m\u0131z\u0131n \u00f6tesindeki istikrars\u0131zl\u0131k azald\u0131k\u00e7a T\u00fcrkiye\u2019nin b\u00f6lgesel hareket alan\u0131 geni\u015fleyebilir.<br>Bir toplumsal bar\u0131\u015f projesidir.<br>\u00c7\u00fcnk\u00fc ayn\u0131 \u00fclkenin insanlar\u0131n\u0131n birbirine silah do\u011frultmad\u0131\u011f\u0131 bir gelecek, herkesin ortak menfaatidir.<br>Ve en \u00f6nemlisi bir gelecek meselesidir.<br><strong>KISADAN H\u0130SSE<\/strong><br>S\u0131rf siyasi veya \u015fahsi rant u\u011fruna, bu hassas konulara muhalefet etmek, ihanet de\u011fil midir?<br>\u00c7anakkale\u2019de tek y\u00fcrek olup cephede \u015fehadet \u015ferbetini i\u00e7enlerin torunlar\u0131n\u0131n birbirlerine kar\u015f\u0131 silah do\u011frultmas\u0131n\u0131n kime ne faydas\u0131 var?<br>Bu \u00fclkenin \u00e7ocuklar\u0131n\u0131n yeni nesillere ter\u00f6r hik\u00e2yeleri anlatmak yerine T\u00fcrkiye\u2019nin b\u00fcy\u00fcmesini, \u00fcretmesini ve g\u00fc\u00e7lenmesini konu\u015fmas\u0131n\u0131n neresi yanl\u0131\u015ft\u0131r?<br>\u015eehitlerimizin hat\u0131ras\u0131na sahip \u00e7\u0131kman\u0131n yolu, yeni \u015fehitlerin gelmesini \u00f6nlemek de\u011fil midir?<br>Gazilerimizin \u00f6dedi\u011fi bedelin anlam\u0131, ayn\u0131 ac\u0131lar\u0131n bir sonraki nesle aktar\u0131lmamas\u0131 de\u011fil midir?<br>K\u0131rk y\u0131l\u0131 a\u015fk\u0131n s\u00fcren bir ter\u00f6r d\u00f6neminden sonra T\u00fcrkiye\u2019nin \u00f6n\u00fcne yeni bir sayfa a\u00e7\u0131l\u0131yorsa, bu sayfay\u0131 siyasi hesaplar\u0131n de\u011fil, devlet akl\u0131n\u0131n ve millet menfaatinin belirlemesi gerekir.<br>\u00c7\u00fcnk\u00fc bu vatan hepimizin.<br>Bu bayrak hepimizin.<br>Bu Cumhuriyet hepimizin.<br>Ve bu \u00fclkenin gelece\u011fi, siyasi g\u00f6r\u00fc\u015flerimizin \u00fczerinde ortak bir meseledir.<br>Zarar\u0131n neresinden d\u00f6n\u00fclse kazan\u00e7t\u0131r.<br>Esen kal\u0131n.<br><strong>Alp Aslan ER\u0130N<\/strong><\/p>\n","protected":false},"excerpt":{"rendered":"<p>\u201c\u015eehitlerimize ve Gazilerimize \u0130hanet\u201d gibi alg\u0131larla kirletilmeye \u00e7al\u0131\u015f\u0131lan bu b\u00fcy\u00fck projenin son demlerini ya\u015famaktay\u0131z.Peki s\u00fcre\u00e7<\/p>\n","protected":false},"author":10,"featured_media":5532,"comment_status":"open","ping_status":"open","sticky":false,"template":"","format":"standard","meta":{"_rtcl_gb_attr":"","footnotes":""},"categories":[72],"tags":[],"class_list":["post-5530","post","type-post","status-publish","format-standard","has-post-thumbnail","hentry","category-guncel-ve-analiz"],"_links":{"self":[{"href":"https:\/\/turkiyemhaber.com\/index.php?rest_route=\/wp\/v2\/posts\/5530","targetHints":{"allow":["GET"]}}],"collection":[{"href":"https:\/\/turkiyemhaber.com\/index.php?rest_route=\/wp\/v2\/posts"}],"about":[{"href":"https:\/\/turkiyemhaber.com\/index.php?rest_route=\/wp\/v2\/types\/post"}],"author":[{"embeddable":true,"href":"https:\/\/turkiyemhaber.com\/index.php?rest_route=\/wp\/v2\/users\/10"}],"replies":[{"embeddable":true,"href":"https:\/\/turkiyemhaber.com\/index.php?rest_route=%2Fwp%2Fv2%2Fcomments&post=5530"}],"version-history":[{"count":1,"href":"https:\/\/turkiyemhaber.com\/index.php?rest_route=\/wp\/v2\/posts\/5530\/revisions"}],"predecessor-version":[{"id":5531,"href":"https:\/\/turkiyemhaber.com\/index.php?rest_route=\/wp\/v2\/posts\/5530\/revisions\/5531"}],"wp:featuredmedia":[{"embeddable":true,"href":"https:\/\/turkiyemhaber.com\/index.php?rest_route=\/wp\/v2\/media\/5532"}],"wp:attachment":[{"href":"https:\/\/turkiyemhaber.com\/index.php?rest_route=%2Fwp%2Fv2%2Fmedia&parent=5530"}],"wp:term":[{"taxonomy":"category","embeddable":true,"href":"https:\/\/turkiyemhaber.com\/index.php?rest_route=%2Fwp%2Fv2%2Fcategories&post=5530"},{"taxonomy":"post_tag","embeddable":true,"href":"https:\/\/turkiyemhaber.com\/index.php?rest_route=%2Fwp%2Fv2%2Ftags&post=5530"}],"curies":[{"name":"wp","href":"https:\/\/api.w.org\/{rel}","templated":true}]}}