{"id":5521,"date":"2026-08-25T16:39:59","date_gmt":"2026-08-25T16:39:59","guid":{"rendered":"https:\/\/turkiyemhaber.com\/?p=5521"},"modified":"2026-08-26T14:13:49","modified_gmt":"2026-08-26T14:13:49","slug":"secilmislerin-parti-degistirmesi-etik-mi-secmene-saygisizlik-mi","status":"publish","type":"post","link":"https:\/\/turkiyemhaber.com\/?p=5521","title":{"rendered":"Se\u00e7ilmi\u015flerin Parti De\u011fi\u015ftirmesi: Etik mi, Se\u00e7mene Sayg\u0131s\u0131zl\u0131k m\u0131?"},"content":{"rendered":"\n<p class=\"wp-block-paragraph\">Demokrasinin temel ta\u015f\u0131, halk\u0131n iradesinin sand\u0131\u011fa yans\u0131mas\u0131 ve bu iradenin mecliste veya yerel y\u00f6netimlerde namuslu bir \u015fekilde temsil edilmesidir. Se\u00e7men, oy kabinine girerken adaya oldu\u011fu kadar o aday\u0131n arkas\u0131ndaki ilkelere, parti program\u0131na ve vaatlere de kredi a\u00e7ar. Ancak se\u00e7im bittikten hemen sonra ya\u015fanan rozet de\u011fi\u015ftirme t\u00f6renleri, siyaset kurumunun ve se\u00e7ilmi\u015flerin etiket de\u011fi\u015ftirmesini adeta s\u0131radan bir giysi de\u011fi\u015fimi haline getirdi. Peki, s\u0131rt\u0131n\u0131 se\u00e7mene dayay\u0131p kazand\u0131\u011f\u0131 koltu\u011fu ba\u015fka bir siyasi \u00e7at\u0131ya ta\u015f\u0131mak siyasi bir hak m\u0131d\u0131r, yoksa se\u00e7menin iradesine yap\u0131lan en b\u00fcy\u00fck sayg\u0131s\u0131zl\u0131k m\u0131?<\/p>\n\n\n\n<h2 class=\"wp-block-heading\">1. Vekalet Bilinci ve Se\u00e7mene Verilen S\u00f6z<\/h2>\n\n\n\n<p class=\"wp-block-paragraph\">Se\u00e7im d\u00f6nemi sahada at\u0131lan sloganlar, verilen s\u00f6zler ve &#8220;halka hizmet&#8221; yeminleri hep belirli bir program etraf\u0131nda \u015fekillenir. Se\u00e7men, &#8220;Ben bu adaya oy veriyorum, yar\u0131n hangi partiye ge\u00e7erse ge\u00e7sin&#8221; diyerek a\u00e7\u0131k bir vekalet vermez. Aksine, o partinin \u00e7izgisine ve duru\u015funa g\u00fcvenerek oyunu konsolide eder.<\/p>\n\n\n\n<p class=\"wp-block-paragraph\">Se\u00e7imdan sonra r\u00fczgar\u0131n y\u00f6n\u00fcne, \u00e7\u0131kar hesaplar\u0131na veya bireysel ikbal kavgalar\u0131na g\u00f6re parti de\u011fi\u015ftiren bir se\u00e7ilmi\u015f, o sand\u0131ktaki iradeyi yok saym\u0131\u015f demektir. Bu durum, se\u00e7mene &#8220;Ben oyu sizinle ald\u0131m ama istedi\u011fim gibi harcar\u0131m&#8221; demenin en kibar halidir.<\/p>\n\n\n\n<h2 class=\"wp-block-heading\">2. Siyasi Ahlak ve &#8220;Ge\u00e7i\u015fken&#8221; Vekillik<\/h2>\n\n\n\n<p class=\"wp-block-paragraph\">Bug\u00fcn siyaset sahnesinde ideolojilerin, d\u00fcnya g\u00f6r\u00fc\u015flerinin ve ilkelerin yerini \u00e7\u0131karlar\u0131n almas\u0131, bu transfer pazarlar\u0131n\u0131 ola\u011fanla\u015ft\u0131rd\u0131. Sabah ba\u015fka bir partide ele\u015ftirdi\u011finiz genel politikalar\u0131, ak\u015fam transfer oldu\u011funuz partide alk\u0131\u015flamak hangi siyasi ahlakla izah edilebilir?<\/p>\n\n\n\n<p class=\"wp-block-paragraph\">E\u011fer bir siyaset\u00e7i ta\u015f\u0131d\u0131\u011f\u0131 rozetin ilkeleriyle ters d\u00fc\u015fm\u00fc\u015fse, istifa etmenin ve erdemli bir \u015fekilde <strong>tekrar se\u00e7menin \u00f6n\u00fcne gitmenin<\/strong> tek bir yolu vard\u0131r: O da koltu\u011fu b\u0131rak\u0131p yeniden hakem olan halka ba\u015fvurmakt\u0131r. Koltu\u011fu b\u0131rakmadan, sadece parti logosunu de\u011fi\u015ftirmek ise halk\u0131n iradesini cebe indirmekten ba\u015fka bir \u015fey de\u011fildir.<\/p>\n\n\n\n<h2 class=\"wp-block-heading\">Sonu\u00e7: Koltuk De\u011fil, Vicdan Esast\u0131r<\/h2>\n\n\n\n<p class=\"wp-block-paragraph\">Demokrasi sadece sand\u0131k koymaktan ibaret de\u011fildir; se\u00e7ilenlerin se\u00e7mene kar\u015f\u0131 duydu\u011fu ahlaki sorumluluktur. Halk\u0131n oylar\u0131yla gelinen makamlar\u0131 ki\u015fisel siyasi kariyerin bir basama\u011f\u0131 veya pazarl\u0131k masas\u0131 olarak g\u00f6rmek, siyaset kurumuna duyulan g\u00fcveni her ge\u00e7en g\u00fcn biraz daha zedeliyor.<\/p>\n\n\n\n<p class=\"wp-block-paragraph\">Aslolan rozetler, makamlar veya parti binalar\u0131 de\u011fil; o mazbatay\u0131 veren halk\u0131n y\u00fcz\u00fcne bakabilme cesaretidir. Se\u00e7menin iradesini cebinde keklik g\u00f6renler unutmas\u0131n ki, en b\u00fcy\u00fck mahkeme her zaman vicdanlar ve ilk bas\u0131lacak olan sand\u0131kt\u0131r.<\/p>\n","protected":false},"excerpt":{"rendered":"<p>Demokrasinin temel ta\u015f\u0131, halk\u0131n iradesinin sand\u0131\u011fa yans\u0131mas\u0131 ve bu iradenin mecliste veya yerel y\u00f6netimlerde namuslu<\/p>\n","protected":false},"author":10,"featured_media":5532,"comment_status":"open","ping_status":"open","sticky":false,"template":"","format":"standard","meta":{"_rtcl_gb_attr":"","footnotes":""},"categories":[72],"tags":[],"class_list":["post-5521","post","type-post","status-publish","format-standard","has-post-thumbnail","hentry","category-guncel-ve-analiz"],"_links":{"self":[{"href":"https:\/\/turkiyemhaber.com\/index.php?rest_route=\/wp\/v2\/posts\/5521","targetHints":{"allow":["GET"]}}],"collection":[{"href":"https:\/\/turkiyemhaber.com\/index.php?rest_route=\/wp\/v2\/posts"}],"about":[{"href":"https:\/\/turkiyemhaber.com\/index.php?rest_route=\/wp\/v2\/types\/post"}],"author":[{"embeddable":true,"href":"https:\/\/turkiyemhaber.com\/index.php?rest_route=\/wp\/v2\/users\/10"}],"replies":[{"embeddable":true,"href":"https:\/\/turkiyemhaber.com\/index.php?rest_route=%2Fwp%2Fv2%2Fcomments&post=5521"}],"version-history":[{"count":1,"href":"https:\/\/turkiyemhaber.com\/index.php?rest_route=\/wp\/v2\/posts\/5521\/revisions"}],"predecessor-version":[{"id":5522,"href":"https:\/\/turkiyemhaber.com\/index.php?rest_route=\/wp\/v2\/posts\/5521\/revisions\/5522"}],"wp:featuredmedia":[{"embeddable":true,"href":"https:\/\/turkiyemhaber.com\/index.php?rest_route=\/wp\/v2\/media\/5532"}],"wp:attachment":[{"href":"https:\/\/turkiyemhaber.com\/index.php?rest_route=%2Fwp%2Fv2%2Fmedia&parent=5521"}],"wp:term":[{"taxonomy":"category","embeddable":true,"href":"https:\/\/turkiyemhaber.com\/index.php?rest_route=%2Fwp%2Fv2%2Fcategories&post=5521"},{"taxonomy":"post_tag","embeddable":true,"href":"https:\/\/turkiyemhaber.com\/index.php?rest_route=%2Fwp%2Fv2%2Ftags&post=5521"}],"curies":[{"name":"wp","href":"https:\/\/api.w.org\/{rel}","templated":true}]}}