{"id":552,"date":"2026-05-02T21:09:27","date_gmt":"2026-05-02T21:09:27","guid":{"rendered":"https:\/\/turkiyemhaber.com\/?p=552"},"modified":"2026-05-02T21:09:32","modified_gmt":"2026-05-02T21:09:32","slug":"bazi-iller-mayis-ayinda-beyaza-burundu","status":"publish","type":"post","link":"https:\/\/turkiyemhaber.com\/?p=552","title":{"rendered":"Baz\u0131 iller may\u0131s ay\u0131nda beyaza b\u00fcr\u00fcnd\u00fc"},"content":{"rendered":"\n<p class=\"wp-block-paragraph\">Baz\u0131 illerde may\u0131s ay\u0131nda kar etkisini g\u00f6sterdi.<\/p>\n\n\n\n<p class=\"wp-block-paragraph\">Ankara<\/p>\n\n\n\n<p class=\"wp-block-paragraph\">Ankara&#8217;n\u0131n \u00c7ubuk il\u00e7esinde y\u00fcksek kesimlerde etkili olan kar ya\u011f\u0131\u015f\u0131, may\u0131s ay\u0131nda meralar\u0131 ve ormanl\u0131k alanlar\u0131 beyaza b\u00fcr\u00fcd\u00fc.<\/p>\n\n\n\n<p class=\"wp-block-paragraph\">\u0130l\u00e7enin 1500 ile 1900 rak\u0131ml\u0131 Yukar\u0131 \u00c7avundur b\u00f6lgesinde sabah saatlerinde ba\u015flayan ya\u011f\u0131\u015f, k\u0131sa s\u00fcrede etkisini art\u0131rarak k\u0131\u015f manzaralar\u0131n\u0131 and\u0131ran g\u00f6r\u00fcnt\u00fcler olu\u015fturdu.<\/p>\n\n\n\n<p class=\"wp-block-paragraph\">Ya\u011f\u0131\u015f nedeniyle mera ve ormanl\u0131k alanlar ilkbaharda beyaza b\u00fcr\u00fcnd\u00fc.<\/p>\n\n\n\n<figure class=\"wp-block-video\"><\/figure>\n\n\n\n<p class=\"wp-block-paragraph\">B\u00f6lgede ya\u015fayan Erol \u00c7ak\u0131r, may\u0131s ay\u0131nda kar ya\u011f\u0131\u015f\u0131yla kar\u015f\u0131la\u015fman\u0131n \u015fa\u015f\u0131rt\u0131c\u0131 oldu\u011funu belirterek, &#8220;Kar ve ya\u011fmur i\u00e7in dua ettik. Bu y\u0131l bereketli ge\u00e7iyor. Rabbimden gelen her \u015feyi kabul ediyoruz.&#8221; dedi.<\/p>\n\n\n\n<p class=\"wp-block-paragraph\">G\u00fcrb\u00fcz \u00c7al\u0131\u015fkan ve Selahattin Keser ise ya\u011f\u0131\u015flar\u0131n bereket oldu\u011funu ifade etti.<\/p>\n\n\n\n<p class=\"wp-block-paragraph\">Yozgat kent merkezi, may\u0131sta ya\u011fan karla beyaza b\u00fcr\u00fcnd\u00fc.<\/p>\n\n\n\n<figure class=\"wp-block-image\"><img decoding=\"async\" src=\"https:\/\/web-cdnprod.aa.com.tr\/uploads\/Contents\/2026\/05\/02\/ac61b120766732889101394cd84c7efa.jpg\" alt=\"\"\/><\/figure>\n\n\n\n<p class=\"wp-block-paragraph\">Kentte gece ba\u015flayan sa\u011fanak, sabah yerini kara b\u0131rakt\u0131.<\/p>\n\n\n\n<p class=\"wp-block-paragraph\">Kar nedeniyle evlerin \u00e7at\u0131lar\u0131 ile ara\u00e7lar\u0131n \u00fczeri beyaz \u00f6rt\u00fcyle kaplan\u0131rken, \u00e7i\u00e7ek a\u00e7an meyve a\u011fa\u00e7lar\u0131 da kar alt\u0131nda kald\u0131.<\/p>\n\n\n\n<figure class=\"wp-block-image\"><img decoding=\"async\" src=\"https:\/\/web-cdnprod.aa.com.tr\/uploads\/Contents\/2026\/05\/02\/ce9733125c235f2897d915973bca9385.jpg\" alt=\"\"\/><\/figure>\n\n\n\n<p class=\"wp-block-paragraph\">Vatanda\u015flardan Hasan Selvi, may\u0131sta b\u00f6yle bir kar ya\u011f\u0131\u015f\u0131 beklemediklerini belirterek, &#8220;Bu y\u0131l iklimlerde de\u011fi\u015fim var. \u0130n\u015fallah bu kar ya\u011f\u0131\u015f\u0131yla birlikte ge\u00e7en y\u0131llardaki gibi don olay\u0131 ya\u015famay\u0131z. \u00c7ift\u00e7ilerimiz ya\u011f\u0131\u015fla rahat eder. Barajlar\u0131m\u0131z i\u00e7in de g\u00fczel oldu. Bu ya\u011f\u0131\u015flarla birlikte verimli bir y\u0131l ge\u00e7irece\u011fimizi d\u00fc\u015f\u00fcn\u00fcyorum.&#8221; dedi.<\/p>\n\n\n\n<p class=\"wp-block-paragraph\">\u00c7apano\u011flu Mahallesi esnaf\u0131ndan Mesut Ayd\u0131n ise may\u0131sta sabaha g\u00fczel bir kar ya\u011f\u0131\u015f\u0131yla uyand\u0131klar\u0131n\u0131 s\u00f6yleyerek, kar\u0131n rahmet ve bereket getirmesini, kurakl\u0131\u011f\u0131n ya\u015fanmad\u0131\u011f\u0131 bir y\u0131l olmas\u0131n\u0131 temenni etti.<\/p>\n\n\n\n<figure class=\"wp-block-image\"><img decoding=\"async\" src=\"https:\/\/web-cdnprod.aa.com.tr\/uploads\/Contents\/2026\/05\/02\/17a35d98bcbc208d1c2ea87cf82beff7.jpg\" alt=\"\"\/><figcaption class=\"wp-element-caption\">Foto\u011fraf : Erkut Aymak\/AA<\/figcaption><\/figure>\n\n\n\n<h2 class=\"wp-block-heading\">Tokat<\/h2>\n\n\n\n<p class=\"wp-block-paragraph\">Tokat&#8217;\u0131n 1450 rak\u0131ml\u0131 Ba\u015f\u00e7iftlik il\u00e7esinde, \u00dc\u00e7oluk G\u00f6leti ve Ba\u015f\u00e7iftlik Kayak Merkezi&#8217;nin bulundu\u011fu b\u00f6lgede kar ya\u011f\u0131\u015f\u0131 etkisini g\u00f6sterdi.<\/p>\n\n\n\n<p class=\"wp-block-paragraph\">Y\u00fcksek kesimlerde kar kal\u0131nl\u0131\u011f\u0131 10 santimetreye ula\u015ft\u0131.<\/p>\n\n\n\n<p class=\"wp-block-paragraph\">Kar ya\u011f\u0131\u015f\u0131 il\u00e7e merkezinde de aral\u0131klarla devam ediyor.<\/p>\n\n\n\n<p class=\"wp-block-paragraph\">Niksar il\u00e7esinde bulunan \u00c7ami\u00e7i Yaylas\u0131&#8217;nda da kar ya\u011f\u0131\u015f\u0131 etkili oldu.<\/p>\n\n\n\n<p class=\"wp-block-paragraph\"><a href=\"https:\/\/aa.com.tr\/tr\/gundem\/baharda-ev-ve-ahirlarin-kara-gomuldugu-vanin-yuksek-kesimlerinde-karla-mucadele-suruyor\/3924753\"><\/a><\/p>\n\n\n\n<p class=\"wp-block-paragraph\"><a href=\"https:\/\/aa.com.tr\/tr\/gundem\/baharda-ev-ve-ahirlarin-kara-gomuldugu-vanin-yuksek-kesimlerinde-karla-mucadele-suruyor\/3924753\">Baharda ev ve ah\u0131rlar\u0131n kara g\u00f6m\u00fcld\u00fc\u011f\u00fc Van&#8217;\u0131n y\u00fcksek kesimlerinde karla m\u00fccadele s\u00fcr\u00fcyor<\/a><\/p>\n\n\n\n<h2 class=\"wp-block-heading\">Sivas<\/h2>\n\n\n\n<p class=\"wp-block-paragraph\">Sivas&#8217;\u0131n Koyulhisar il\u00e7esinde, \u00e7am a\u011fa\u00e7lar\u0131yla kapl\u0131 E\u011fri\u00e7imen Yaylas\u0131&#8217;nda kar ya\u011f\u0131\u015f\u0131 etkili oldu.<\/p>\n\n\n\n<p class=\"wp-block-paragraph\">Kentte ba\u015flayan sa\u011fanak, y\u00fcksek kesimlerde kara d\u00f6n\u00fc\u015ft\u00fc. Kar ya\u011f\u0131\u015f\u0131, ilkbahar ve yaz mevsiminde vatanda\u015flar\u0131n u\u011frak yeri olan, il\u00e7eye 17 kilometre uzakl\u0131ktaki E\u011fri\u00e7imen Yaylas\u0131&#8217;nda aral\u0131klarla etkisini s\u00fcrd\u00fcr\u00fcyor.<\/p>\n\n\n\n<p class=\"wp-block-paragraph\">\u00d6zellikle ilkbaharda do\u011fal g\u00fczellikleriyle g\u00f6renleri etkileyen ve \u00e7am a\u011fa\u00e7lar\u0131yla kapl\u0131 olan yayla, may\u0131s ay\u0131ndaki kar ya\u011f\u0131\u015f\u0131yla k\u0131smen beyaz \u00f6rt\u00fcyle kapland\u0131.<\/p>\n\n\n\n<h2 class=\"wp-block-heading\">\u00c7orum<\/h2>\n\n\n\n<p class=\"wp-block-paragraph\">Kentte d\u00fcn ak\u015fam saatlerinde ba\u015flayan sa\u011fanak, gece boyu devam etti.<\/p>\n\n\n\n<p class=\"wp-block-paragraph\">Ya\u011f\u0131\u015flar, Sungurlu, O\u011fuzlar, La\u00e7in ve \u0130skilip il\u00e7elerindeki y\u00fcksek kesimlerde kar \u015feklinde g\u00f6r\u00fcld\u00fc.<\/p>\n\n\n\n<p class=\"wp-block-paragraph\">Sungurlu il\u00e7esine ba\u011fl\u0131 Kertme k\u00f6y\u00fc de k\u0131sa s\u00fcreli beyaz \u00f6rt\u00fcyle kapland\u0131.<\/p>\n\n\n\n<p class=\"wp-block-paragraph\">Ya\u011f\u0131\u015fla birlikte il genelinde hava s\u0131cakl\u0131klar\u0131 bir g\u00fcn \u00f6nce kaydedilen en y\u00fcksek 21 dereceden 8 dereceye kadar d\u00fc\u015ft\u00fc.<\/p>\n\n\n\n<p class=\"wp-block-paragraph\">Devlet Meteoroloji Genel M\u00fcd\u00fcrl\u00fc\u011f\u00fc verilerine g\u00f6re, kentte ya\u011f\u0131\u015fl\u0131 hava 6 May\u0131s \u00c7ar\u015famba g\u00fcn\u00fcne kadar devam edecek. 4 g\u00fcn boyunca hava s\u0131cakl\u0131\u011f\u0131n\u0131n en y\u00fcksek 13, en d\u00fc\u015f\u00fck 4 derece seviyesinde olaca\u011f\u0131 tahmin ediliyor.<\/p>\n\n\n\n<figure class=\"wp-block-image\"><img decoding=\"async\" src=\"https:\/\/web-cdnprod.aa.com.tr\/uploads\/Contents\/2026\/05\/02\/29e62bdea632fd0f4aa9df8c10c93af5.jpg\" alt=\"\"\/><figcaption class=\"wp-element-caption\">Foto\u011fraf : Semih Y\u00fcksel\/AA<\/figcaption><\/figure>\n\n\n\n<h2 class=\"wp-block-heading\">Kastamonu<\/h2>\n\n\n\n<p class=\"wp-block-paragraph\">Sabah saatlerinde Kastamonu-\u00c7ank\u0131r\u0131 s\u0131n\u0131r\u0131ndaki Bat\u0131 Karadeniz&#8217;in 2 bin 587 rak\u0131ml\u0131 B\u00fcy\u00fck Hacet Tepesi, Ilgaz Da\u011f\u0131&#8217;n\u0131n milli park b\u00f6lgesi ile 15 Temmuz \u0130stiklal T\u00fcneli mevkilerinde kar ya\u011f\u0131\u015f\u0131 yo\u011funla\u015ft\u0131.<\/p>\n\n\n\n<p class=\"wp-block-paragraph\">Zaman zaman sisin de etkili oldu\u011fu b\u00f6lgede g\u00f6r\u00fc\u015f mesafesi d\u00fc\u015ft\u00fc.<\/p>\n\n\n\n<figure class=\"wp-block-image\"><img decoding=\"async\" src=\"https:\/\/web-cdnprod.aa.com.tr\/uploads\/Contents\/2026\/05\/02\/87341772f0fe8473df667ee618ae16db.jpg\" alt=\"\"\/><\/figure>\n\n\n\n<p class=\"wp-block-paragraph\">Yol \u00fczerindeki ormanl\u0131k alanlar ilkbaharda beyaza b\u00fcr\u00fcnd\u00fc.<\/p>\n\n\n\n<p class=\"wp-block-paragraph\">Vatanda\u015flar, kar ya\u011f\u0131\u015f\u0131n\u0131n ard\u0131ndan olu\u015fan manzaray\u0131 cep telefonlar\u0131n\u0131n kameralar\u0131yla kaydetti.<\/p>\n\n\n\n<p class=\"wp-block-paragraph\">Kar ya\u011f\u0131\u015f\u0131n\u0131n devam etti\u011fi b\u00f6lge dronla havadan g\u00f6r\u00fcnt\u00fclendi.<\/p>\n\n\n\n<figure class=\"wp-block-image\"><img decoding=\"async\" src=\"https:\/\/web-cdnprod.aa.com.tr\/uploads\/Contents\/2026\/05\/02\/129acfa9298f56b3567dd35e9acd31e3.jpg\" alt=\"\"\/><\/figure>\n\n\n\n<p class=\"wp-block-paragraph\">Kastamonu-\u00c7ank\u0131r\u0131 kara yolunu kullanan s\u00fcr\u00fcc\u00fc Muhammed Ali Ka\u015f, AA muhabirine, may\u0131s ay\u0131nda g\u00fcne\u015fi beklerken yeniden kar ya\u011f\u0131\u015f\u0131n\u0131n etkili olmaya ba\u015flad\u0131\u011f\u0131n\u0131 s\u00f6yledi.<\/p>\n\n\n\n<p class=\"wp-block-paragraph\">\u00c7ok g\u00fczel manzaralara denk geldiklerini anlatan Ka\u015f, &#8220;Tam k\u0131sa kollu giyecekken tekrar montlar\u0131m\u0131z\u0131 \u00fczerimize ge\u00e7irdik. Bunda da vard\u0131r bir hay\u0131r diyoruz. \u00c7ok g\u00fczel manzaralar yakalad\u0131k. Her zaman g\u00fczel Kastamonu&#8217;muz ama kar ya\u011f\u0131nca, \u00fczerine beyaz \u00f6rt\u00fc gelince daha bir albenisi oluyor Ilgaz&#8217;\u0131m\u0131z\u0131n, Kastamonu&#8217;muzun.&#8221; dedi.<\/p>\n\n\n\n<figure class=\"wp-block-image\"><img decoding=\"async\" src=\"https:\/\/web-cdnprod.aa.com.tr\/uploads\/Contents\/2026\/05\/02\/be44c24dd5371e21ebcc05ca0f77fd2e.jpg\" alt=\"\"\/><figcaption class=\"wp-element-caption\">Foto\u011fraf : \u015eahin Oktay\/AA<\/figcaption><\/figure>\n\n\n\n<h2 class=\"wp-block-heading\">Kocaeli<\/h2>\n\n\n\n<p class=\"wp-block-paragraph\">Kocaeli&#8217;nin Kartepe il\u00e7esindeki Kuzuyayla Tabiat Park\u0131, kar ya\u011f\u0131\u015f\u0131yla beyaza b\u00fcr\u00fcnd\u00fc.<\/p>\n\n\n\n<p class=\"wp-block-paragraph\">Hava s\u0131cakl\u0131klar\u0131n\u0131n mevsim normallerinin alt\u0131na d\u00fc\u015fmesiyle d\u00fcn y\u00fcksek kesimlerde ba\u015flayan kar ya\u011f\u0131\u015f\u0131 aral\u0131klarla devam ediyor.<\/p>\n\n\n\n<figure class=\"wp-block-image\"><img decoding=\"async\" src=\"https:\/\/web-cdnprod.aa.com.tr\/uploads\/Contents\/2026\/05\/02\/df3f23a19dedf3f99560a24c9e7167dd.jpg\" alt=\"\"\/><\/figure>\n\n\n\n<p class=\"wp-block-paragraph\">Kentin y\u00fcksek noktalar\u0131ndan 1400 rak\u0131ml\u0131 Kuzuyayla Tabiat Park\u0131&#8217;nda kar kal\u0131nl\u0131\u011f\u0131 15 santimetreye ula\u015ft\u0131, b\u00f6lgeye ziyaret\u00e7iler gelmeye ba\u015flad\u0131.<\/p>\n\n\n\n<p class=\"wp-block-paragraph\">\u0130stanbul&#8217;dan ailesiyle gelen Davut L\u00fcle, yakla\u015f\u0131k 1,5 saatlik yolculu\u011fun ard\u0131ndan Kuzuyayla&#8217;ya ula\u015ft\u0131klar\u0131n\u0131 s\u00f6yledi.<\/p>\n\n\n\n<figure class=\"wp-block-image\"><img decoding=\"async\" src=\"https:\/\/web-cdnprod.aa.com.tr\/uploads\/Contents\/2026\/05\/02\/12091bdc52100203aa38c0ac4466475f.jpg\" alt=\"\"\/><\/figure>\n\n\n\n<p class=\"wp-block-paragraph\">Kar ya\u011f\u0131\u015f\u0131n\u0131 g\u00f6r\u00fcnce ailece mutlu olduklar\u0131n\u0131 belirten L\u00fcle, &#8220;5-6 senedir \u0130stanbul&#8217;da g\u00f6rmedi\u011fimiz kar\u0131 burada g\u00f6rd\u00fck. Daha \u00f6nce de may\u0131sta burada kar g\u00f6rm\u00fc\u015ft\u00fcm ama o zaman teleferik yoktu, \u015fimdi ula\u015f\u0131m \u00e7ok rahat olmu\u015f. Tam kartopu havas\u0131 var.&#8221; diye konu\u015ftu.<\/p>\n\n\n\n<p class=\"wp-block-paragraph\">Mehmet Orhan ise birka\u00e7 hafta \u00f6nce havalar\u0131n \u0131s\u0131nmas\u0131yla bungalov tatili planlad\u0131klar\u0131n\u0131 anlatarak, &#8220;Bize de s\u00fcrpriz oldu. A\u015fa\u011f\u0131da ya\u011fmurlu hava vard\u0131. Yukar\u0131ya \u00e7\u0131kt\u0131k, may\u0131s ay\u0131ndaki kar\u0131 g\u00f6rd\u00fck. \u00c7ok g\u00fczel oldu. O\u011flum da kar\u0131 \u00e7ok seviyor. Biraz e\u011flenece\u011fiz burada.&#8221; ifadelerini kulland\u0131.<\/p>\n\n\n\n<figure class=\"wp-block-image\"><img decoding=\"async\" src=\"https:\/\/web-cdnprod.aa.com.tr\/uploads\/Contents\/2026\/05\/02\/4c99924845c19b4371b83f469ff54cb8.jpg\" alt=\"\"\/><\/figure>\n\n\n\n<p class=\"wp-block-paragraph\">G\u00f6rd\u00fc\u011f\u00fc manzaran\u0131n \u015fa\u015fk\u0131nl\u0131\u011f\u0131n\u0131 ya\u015fayan 7 ya\u015f\u0131ndaki Yahya Enes Orhan da \u0130stanbul&#8217;da bu y\u0131l yeterince kar g\u00f6remedi\u011fini kaydetti.<\/p>\n\n\n\n<p class=\"wp-block-paragraph\">Karl\u0131 bir yerde oldu\u011fu i\u00e7in \u00e7ok mutlu oldu\u011funu dile getiren Orhan, &#8220;\u00c7ok \u015fa\u015f\u0131rd\u0131m \u00e7\u00fcnk\u00fc yazdan sadece bir ay uzaktay\u0131z ve kar ya\u011f\u0131yor. \u00c7ok garip bir durum.&#8221; dedi.<\/p>\n\n\n\n<figure class=\"wp-block-image\"><img decoding=\"async\" src=\"https:\/\/web-cdnprod.aa.com.tr\/uploads\/Contents\/2026\/05\/02\/3f4808b595e9b889c7564bdeaa049540.jpg\" alt=\"\"\/><figcaption class=\"wp-element-caption\">Foto\u011fraf : Kocaeli B\u00fcy\u00fck\u015fehir Belediyesi\/AA<\/figcaption><\/figure>\n\n\n\n<h2 class=\"wp-block-heading\">Karab\u00fck<\/h2>\n\n\n\n<p class=\"wp-block-paragraph\">Karab\u00fck Keltepe Kayak Merkezi&#8217;nde kar ve sis etkili oldu.<\/p>\n\n\n\n<p class=\"wp-block-paragraph\">Gen\u00e7lik ve Spor Bakanl\u0131\u011f\u0131nca Ocak 2020&#8217;de 2 bin rak\u0131ml\u0131 Keltepe Da\u011f\u0131&#8217;nda hizmete a\u00e7\u0131lan merkezde aral\u0131klarla kar ya\u011f\u0131\u015f\u0131 etkisini g\u00f6sterdi.<\/p>\n\n\n\n<p class=\"wp-block-paragraph\">Kent merkezine 23 kilometre uzakl\u0131ktaki kayak merkezinde zaman zaman da sis g\u00f6r\u00fcld\u00fc.<\/p>\n\n\n\n<h2 class=\"wp-block-heading\">Bolu<\/h2>\n\n\n\n<p class=\"wp-block-paragraph\">Bolu&#8217;da Alada\u011f b\u00f6lgesi, Gerede Arkut Da\u011f\u0131 ve Kartalkaya kayak merkezleri ile \u00e7evresinde kar ya\u011f\u0131\u015f\u0131 etkisini g\u00f6sterdi.<\/p>\n\n\n\n<p class=\"wp-block-paragraph\">Gece saatlerinde etkili olan kar ya\u011f\u0131\u015f\u0131yla ye\u015fil alanlar beyaz \u00f6rt\u00fcyle kapland\u0131.<\/p>\n\n\n\n<p class=\"wp-block-paragraph\">Y\u00fcksek kesimlerde yer yer sis de etkili oldu.<\/p>\n","protected":false},"excerpt":{"rendered":"<p>Baz\u0131 illerde may\u0131s ay\u0131nda kar etkisini g\u00f6sterdi. Ankara Ankara&#8217;n\u0131n \u00c7ubuk il\u00e7esinde y\u00fcksek kesimlerde etkili olan<\/p>\n","protected":false},"author":1,"featured_media":553,"comment_status":"open","ping_status":"open","sticky":false,"template":"","format":"standard","meta":{"_rtcl_gb_attr":"","footnotes":""},"categories":[7],"tags":[],"class_list":["post-552","post","type-post","status-publish","format-standard","has-post-thumbnail","hentry","category-gundem"],"_links":{"self":[{"href":"https:\/\/turkiyemhaber.com\/index.php?rest_route=\/wp\/v2\/posts\/552","targetHints":{"allow":["GET"]}}],"collection":[{"href":"https:\/\/turkiyemhaber.com\/index.php?rest_route=\/wp\/v2\/posts"}],"about":[{"href":"https:\/\/turkiyemhaber.com\/index.php?rest_route=\/wp\/v2\/types\/post"}],"author":[{"embeddable":true,"href":"https:\/\/turkiyemhaber.com\/index.php?rest_route=\/wp\/v2\/users\/1"}],"replies":[{"embeddable":true,"href":"https:\/\/turkiyemhaber.com\/index.php?rest_route=%2Fwp%2Fv2%2Fcomments&post=552"}],"version-history":[{"count":1,"href":"https:\/\/turkiyemhaber.com\/index.php?rest_route=\/wp\/v2\/posts\/552\/revisions"}],"predecessor-version":[{"id":554,"href":"https:\/\/turkiyemhaber.com\/index.php?rest_route=\/wp\/v2\/posts\/552\/revisions\/554"}],"wp:featuredmedia":[{"embeddable":true,"href":"https:\/\/turkiyemhaber.com\/index.php?rest_route=\/wp\/v2\/media\/553"}],"wp:attachment":[{"href":"https:\/\/turkiyemhaber.com\/index.php?rest_route=%2Fwp%2Fv2%2Fmedia&parent=552"}],"wp:term":[{"taxonomy":"category","embeddable":true,"href":"https:\/\/turkiyemhaber.com\/index.php?rest_route=%2Fwp%2Fv2%2Fcategories&post=552"},{"taxonomy":"post_tag","embeddable":true,"href":"https:\/\/turkiyemhaber.com\/index.php?rest_route=%2Fwp%2Fv2%2Ftags&post=552"}],"curies":[{"name":"wp","href":"https:\/\/api.w.org\/{rel}","templated":true}]}}