{"id":5512,"date":"2026-08-25T13:10:57","date_gmt":"2026-08-25T13:10:57","guid":{"rendered":"https:\/\/turkiyemhaber.com\/?p=5512"},"modified":"2026-08-25T13:11:03","modified_gmt":"2026-08-25T13:11:03","slug":"anne-ve-bebek-sagligi-icin-ortak-toplanti","status":"publish","type":"post","link":"https:\/\/turkiyemhaber.com\/?p=5512","title":{"rendered":"Anne ve Bebek Sa\u011fl\u0131\u011f\u0131 \u0130\u00e7in Ortak Toplant\u0131"},"content":{"rendered":"\n<p class=\"wp-block-paragraph\">Tekirda\u011f&#8217;da anne ve bebek sa\u011fl\u0131\u011f\u0131n\u0131n korunmas\u0131, anne ve bebek \u00f6l\u00fcmlerinin \u00f6nlenmesine y\u00f6nelik \u00e7al\u0131\u015fmalar kapsam\u0131nda Anne \u00d6l\u00fcmleri \u0130l \u0130nceleme Komisyonu ile Bebek \u00d6l\u00fcmleri \u0130nceleme Kurulu ortak toplant\u0131s\u0131 d\u00fczenledi.<\/p>\n\n\n\n<p class=\"wp-block-paragraph\">Tekirda\u011f Dr. \u0130smail Fehmi Cumal\u0131o\u011flu \u015eehir Hastanesi&#8217;nde ger\u00e7ekle\u015ftirilen toplant\u0131ya \u0130l Sa\u011fl\u0131k M\u00fcd\u00fcrl\u00fc\u011f\u00fc Halk Sa\u011fl\u0131\u011f\u0131 Hizmetleri Ba\u015fkan\u0131 Dr. Hac\u0131 Bayram Zengin ile uzman hekimler kat\u0131ld\u0131.<\/p>\n\n\n\n<p class=\"wp-block-paragraph\">Toplant\u0131da anne ve bebek sa\u011fl\u0131\u011f\u0131n\u0131 etkileyen risk fakt\u00f6rleri ile anne ve bebek \u00f6l\u00fcmlerine ili\u015fkin incelemelerde elde edilen bulgular de\u011ferlendirildi. Sa\u011fl\u0131k hizmetlerinde ya\u015fanan aksakl\u0131klar, sevk zincirinin i\u015fleyi\u015fi, riskli gebeliklerin takibi, do\u011fum hizmetleri ve yenido\u011fan bak\u0131m s\u00fcre\u00e7leri ele al\u0131nd\u0131.<\/p>\n\n\n\n<p class=\"wp-block-paragraph\">Ortak risk alanlar\u0131n\u0131n belirlenmesi, koruyucu ve \u00f6nleyici tedbirlerin g\u00fc\u00e7lendirilmesi ve sa\u011fl\u0131k hizmetlerinin daha etkin y\u00fcr\u00fct\u00fclmesine y\u00f6nelik \u00e7al\u0131\u015fmalar g\u00f6r\u00fc\u015f\u00fcld\u00fc.<\/p>\n\n\n\n<p class=\"wp-block-paragraph\">Toplant\u0131da de\u011ferlendirilen konular\u0131n ilgili birimler taraf\u0131ndan takip edilerek il d\u00fczeyindeki sa\u011fl\u0131k hizmeti planlamalar\u0131na yans\u0131t\u0131lmas\u0131 hedefleniyor.<\/p>\n","protected":false},"excerpt":{"rendered":"<p>Tekirda\u011f&#8217;da anne ve bebek sa\u011fl\u0131\u011f\u0131n\u0131n korunmas\u0131, anne ve bebek \u00f6l\u00fcmlerinin \u00f6nlenmesine y\u00f6nelik \u00e7al\u0131\u015fmalar kapsam\u0131nda Anne<\/p>\n","protected":false},"author":1,"featured_media":5513,"comment_status":"open","ping_status":"open","sticky":false,"template":"","format":"standard","meta":{"_rtcl_gb_attr":"","footnotes":""},"categories":[74],"tags":[],"class_list":["post-5512","post","type-post","status-publish","format-standard","has-post-thumbnail","hentry","category-yerel-haberler"],"_links":{"self":[{"href":"https:\/\/turkiyemhaber.com\/index.php?rest_route=\/wp\/v2\/posts\/5512","targetHints":{"allow":["GET"]}}],"collection":[{"href":"https:\/\/turkiyemhaber.com\/index.php?rest_route=\/wp\/v2\/posts"}],"about":[{"href":"https:\/\/turkiyemhaber.com\/index.php?rest_route=\/wp\/v2\/types\/post"}],"author":[{"embeddable":true,"href":"https:\/\/turkiyemhaber.com\/index.php?rest_route=\/wp\/v2\/users\/1"}],"replies":[{"embeddable":true,"href":"https:\/\/turkiyemhaber.com\/index.php?rest_route=%2Fwp%2Fv2%2Fcomments&post=5512"}],"version-history":[{"count":1,"href":"https:\/\/turkiyemhaber.com\/index.php?rest_route=\/wp\/v2\/posts\/5512\/revisions"}],"predecessor-version":[{"id":5514,"href":"https:\/\/turkiyemhaber.com\/index.php?rest_route=\/wp\/v2\/posts\/5512\/revisions\/5514"}],"wp:featuredmedia":[{"embeddable":true,"href":"https:\/\/turkiyemhaber.com\/index.php?rest_route=\/wp\/v2\/media\/5513"}],"wp:attachment":[{"href":"https:\/\/turkiyemhaber.com\/index.php?rest_route=%2Fwp%2Fv2%2Fmedia&parent=5512"}],"wp:term":[{"taxonomy":"category","embeddable":true,"href":"https:\/\/turkiyemhaber.com\/index.php?rest_route=%2Fwp%2Fv2%2Fcategories&post=5512"},{"taxonomy":"post_tag","embeddable":true,"href":"https:\/\/turkiyemhaber.com\/index.php?rest_route=%2Fwp%2Fv2%2Ftags&post=5512"}],"curies":[{"name":"wp","href":"https:\/\/api.w.org\/{rel}","templated":true}]}}