{"id":5506,"date":"2026-08-25T13:05:38","date_gmt":"2026-08-25T13:05:38","guid":{"rendered":"https:\/\/turkiyemhaber.com\/?p=5506"},"modified":"2026-08-25T13:05:43","modified_gmt":"2026-08-25T13:05:43","slug":"pepsico-turkiyenin-bir-damla-bir-dunya-projesi-tekirdagda-devam-ediyor","status":"publish","type":"post","link":"https:\/\/turkiyemhaber.com\/?p=5506","title":{"rendered":"PepsiCo T\u00fcrkiye\u2019nin Bir Damla Bir D\u00fcnya Projesi Tekirda\u011f\u2019da devam ediyor"},"content":{"rendered":"\n<p class=\"wp-block-paragraph\">PepsiCo T\u00fcrkiye\u2019nin Net Su Pozitif vizyonu do\u011frultusunda Do\u011fa Koruma Merkezi i\u015f birli\u011fiyle 2023 y\u0131l\u0131nda hayata ge\u00e7irilen Bir Damla Bir D\u00fcnya Projesi, 2026 y\u0131l\u0131nda Tekirda\u011f\u2019da \u00d6nder \u00c7ift\u00e7i \u00dcretim ve Pazarlama Kooperatifi i\u015f birli\u011fiyle devam ediyor.<\/p>\n\n\n\n<p class=\"wp-block-paragraph\">Projenin bu y\u0131lki uygulamalar\u0131na koruyucu tar\u0131m \u00e7al\u0131\u015fmalar\u0131 da eklenirken, Meri\u00e7-Ergene Havzas\u0131\u2019ndaki yer alt\u0131 ve yer \u00fcst\u00fc su kaynaklar\u0131n\u0131n korunmas\u0131 hedefleniyor.<\/p>\n\n\n\n<p class=\"wp-block-paragraph\">2023 y\u0131l\u0131nda Tarsus Berdan Havzas\u0131\u2019nda ba\u015flayan proje, 2024 y\u0131l\u0131nda Manisa ve \u0130zmir\u2019de, 2025 y\u0131l\u0131nda ise Adana\u2019da uyguland\u0131. Proje kapsam\u0131nda bug\u00fcne kadar yakla\u015f\u0131k 3 bin dekar arazide damla sulama uygulamalar\u0131 ger\u00e7ekle\u015ftirildi.<\/p>\n\n\n\n<p class=\"wp-block-paragraph\">PepsiCo T\u00fcrkiye Genel M\u00fcd\u00fcr\u00fc Erg\u00fcn G\u00fcnay, su y\u00f6netiminin sosyal, ekonomik ve \u00e7evresel a\u00e7\u0131dan b\u00fcy\u00fck \u00f6nem ta\u015f\u0131d\u0131\u011f\u0131n\u0131 belirterek, Tekirda\u011f\u2019da ger\u00e7ekle\u015ftirilecek \u00e7al\u0131\u015fmalarla Meri\u00e7-Ergene Havzas\u0131&#8217;ndaki su kaynaklar\u0131n\u0131n korunmas\u0131na katk\u0131 sa\u011flamay\u0131 hedeflediklerini ifade etti.<\/p>\n\n\n\n<p class=\"wp-block-paragraph\">Projenin 2026 faz\u0131nda damla sulaman\u0131n yan\u0131 s\u0131ra koruyucu tar\u0131m uygulamalar\u0131 da devreye al\u0131nd\u0131. \u00c7ift\u00e7ilerin topra\u011f\u0131 daha az i\u015flemesi ve an\u0131z \u00fczerine do\u011frudan ekim yapmas\u0131yla topra\u011f\u0131n yap\u0131s\u0131n\u0131n korunmas\u0131 ve su tutma kapasitesinin art\u0131r\u0131lmas\u0131 ama\u00e7lan\u0131yor.<\/p>\n\n\n\n<p class=\"wp-block-paragraph\">Do\u011frudan ekim y\u00f6ntemiyle topra\u011f\u0131n neminin korunmas\u0131, organik madde miktar\u0131n\u0131n art\u0131r\u0131lmas\u0131 ve tar\u0131msal \u00fcretimin kurakl\u0131\u011fa kar\u015f\u0131 daha dayan\u0131kl\u0131 hale getirilmesi hedefleniyor. Toprak i\u015flemenin azalmas\u0131yla yak\u0131t ve i\u015f\u00e7ilik maliyetlerinin d\u00fc\u015f\u00fcr\u00fclerek \u00e7ift\u00e7ilerin gelirlerine katk\u0131 sa\u011flanmas\u0131 da ama\u00e7lan\u0131yor.<\/p>\n","protected":false},"excerpt":{"rendered":"<p>PepsiCo T\u00fcrkiye\u2019nin Net Su Pozitif vizyonu do\u011frultusunda Do\u011fa Koruma Merkezi i\u015f birli\u011fiyle 2023 y\u0131l\u0131nda hayata<\/p>\n","protected":false},"author":1,"featured_media":5507,"comment_status":"open","ping_status":"open","sticky":false,"template":"","format":"standard","meta":{"_rtcl_gb_attr":"","footnotes":""},"categories":[74],"tags":[],"class_list":["post-5506","post","type-post","status-publish","format-standard","has-post-thumbnail","hentry","category-yerel-haberler"],"_links":{"self":[{"href":"https:\/\/turkiyemhaber.com\/index.php?rest_route=\/wp\/v2\/posts\/5506","targetHints":{"allow":["GET"]}}],"collection":[{"href":"https:\/\/turkiyemhaber.com\/index.php?rest_route=\/wp\/v2\/posts"}],"about":[{"href":"https:\/\/turkiyemhaber.com\/index.php?rest_route=\/wp\/v2\/types\/post"}],"author":[{"embeddable":true,"href":"https:\/\/turkiyemhaber.com\/index.php?rest_route=\/wp\/v2\/users\/1"}],"replies":[{"embeddable":true,"href":"https:\/\/turkiyemhaber.com\/index.php?rest_route=%2Fwp%2Fv2%2Fcomments&post=5506"}],"version-history":[{"count":1,"href":"https:\/\/turkiyemhaber.com\/index.php?rest_route=\/wp\/v2\/posts\/5506\/revisions"}],"predecessor-version":[{"id":5508,"href":"https:\/\/turkiyemhaber.com\/index.php?rest_route=\/wp\/v2\/posts\/5506\/revisions\/5508"}],"wp:featuredmedia":[{"embeddable":true,"href":"https:\/\/turkiyemhaber.com\/index.php?rest_route=\/wp\/v2\/media\/5507"}],"wp:attachment":[{"href":"https:\/\/turkiyemhaber.com\/index.php?rest_route=%2Fwp%2Fv2%2Fmedia&parent=5506"}],"wp:term":[{"taxonomy":"category","embeddable":true,"href":"https:\/\/turkiyemhaber.com\/index.php?rest_route=%2Fwp%2Fv2%2Fcategories&post=5506"},{"taxonomy":"post_tag","embeddable":true,"href":"https:\/\/turkiyemhaber.com\/index.php?rest_route=%2Fwp%2Fv2%2Ftags&post=5506"}],"curies":[{"name":"wp","href":"https:\/\/api.w.org\/{rel}","templated":true}]}}