{"id":5503,"date":"2026-08-25T13:02:29","date_gmt":"2026-08-25T13:02:29","guid":{"rendered":"https:\/\/turkiyemhaber.com\/?p=5503"},"modified":"2026-08-25T13:02:35","modified_gmt":"2026-08-25T13:02:35","slug":"tekirdagda-stajyer-cocuk-elektrik-akimina-kapildi","status":"publish","type":"post","link":"https:\/\/turkiyemhaber.com\/?p=5503","title":{"rendered":"Tekirda\u011f&#8217;da Stajyer \u00c7ocuk Elektrik Ak\u0131m\u0131na Kap\u0131ld\u0131"},"content":{"rendered":"\n<p class=\"wp-block-paragraph\">Tekirda\u011f&#8217;\u0131n \u00c7erkezk\u00f6y il\u00e7esinde staj yapt\u0131\u011f\u0131 in\u015faatta kablo \u00e7ekti\u011fi s\u0131rada elektrik ak\u0131m\u0131na kap\u0131lan 15 ya\u015f\u0131ndaki Eren G., kald\u0131r\u0131ld\u0131\u011f\u0131 hastanede hayat\u0131n\u0131 kaybetti.<\/p>\n\n\n\n<p class=\"wp-block-paragraph\">Olay, K\u0131z\u0131lp\u0131nar Nam\u0131k Kemal Mahallesi&#8217;nde bulunan bir in\u015faatta meydana geldi. \u0130ddiaya g\u00f6re stajyer olarak \u00e7al\u0131\u015fan Eren G., kablo \u00e7ekti\u011fi s\u0131rada elektrik ak\u0131m\u0131na kap\u0131larak a\u011f\u0131r yaraland\u0131. \u00c7evredeki i\u015f\u00e7ilerin ihbar\u0131 \u00fczerine olay yerine sa\u011fl\u0131k ve jandarma ekipleri sevk edildi.<\/p>\n\n\n\n<p class=\"wp-block-paragraph\">Sa\u011fl\u0131k ekiplerinin olay yerindeki ilk m\u00fcdahalesinin ard\u0131ndan \u00c7erkezk\u00f6y Devlet Hastanesi&#8217;ne kald\u0131r\u0131lan Eren G., doktorlar\u0131n t\u00fcm m\u00fcdahalelerine ra\u011fmen kurtar\u0131lamad\u0131.<\/p>\n\n\n\n<p class=\"wp-block-paragraph\">Jandarma ekipleri olay\u0131n meydana geldi\u011fi in\u015faatta inceleme ba\u015flat\u0131rken, olayla ilgili soru\u015fturman\u0131n s\u00fcrd\u00fc\u011f\u00fc bildirildi.<\/p>\n","protected":false},"excerpt":{"rendered":"<p>Tekirda\u011f&#8217;\u0131n \u00c7erkezk\u00f6y il\u00e7esinde staj yapt\u0131\u011f\u0131 in\u015faatta kablo \u00e7ekti\u011fi s\u0131rada elektrik ak\u0131m\u0131na kap\u0131lan 15 ya\u015f\u0131ndaki Eren<\/p>\n","protected":false},"author":1,"featured_media":5504,"comment_status":"open","ping_status":"open","sticky":false,"template":"","format":"standard","meta":{"_rtcl_gb_attr":"","footnotes":""},"categories":[74],"tags":[],"class_list":["post-5503","post","type-post","status-publish","format-standard","has-post-thumbnail","hentry","category-yerel-haberler"],"_links":{"self":[{"href":"https:\/\/turkiyemhaber.com\/index.php?rest_route=\/wp\/v2\/posts\/5503","targetHints":{"allow":["GET"]}}],"collection":[{"href":"https:\/\/turkiyemhaber.com\/index.php?rest_route=\/wp\/v2\/posts"}],"about":[{"href":"https:\/\/turkiyemhaber.com\/index.php?rest_route=\/wp\/v2\/types\/post"}],"author":[{"embeddable":true,"href":"https:\/\/turkiyemhaber.com\/index.php?rest_route=\/wp\/v2\/users\/1"}],"replies":[{"embeddable":true,"href":"https:\/\/turkiyemhaber.com\/index.php?rest_route=%2Fwp%2Fv2%2Fcomments&post=5503"}],"version-history":[{"count":1,"href":"https:\/\/turkiyemhaber.com\/index.php?rest_route=\/wp\/v2\/posts\/5503\/revisions"}],"predecessor-version":[{"id":5505,"href":"https:\/\/turkiyemhaber.com\/index.php?rest_route=\/wp\/v2\/posts\/5503\/revisions\/5505"}],"wp:featuredmedia":[{"embeddable":true,"href":"https:\/\/turkiyemhaber.com\/index.php?rest_route=\/wp\/v2\/media\/5504"}],"wp:attachment":[{"href":"https:\/\/turkiyemhaber.com\/index.php?rest_route=%2Fwp%2Fv2%2Fmedia&parent=5503"}],"wp:term":[{"taxonomy":"category","embeddable":true,"href":"https:\/\/turkiyemhaber.com\/index.php?rest_route=%2Fwp%2Fv2%2Fcategories&post=5503"},{"taxonomy":"post_tag","embeddable":true,"href":"https:\/\/turkiyemhaber.com\/index.php?rest_route=%2Fwp%2Fv2%2Ftags&post=5503"}],"curies":[{"name":"wp","href":"https:\/\/api.w.org\/{rel}","templated":true}]}}