{"id":5497,"date":"2026-08-25T12:57:37","date_gmt":"2026-08-25T12:57:37","guid":{"rendered":"https:\/\/turkiyemhaber.com\/?p=5497"},"modified":"2026-08-25T12:57:44","modified_gmt":"2026-08-25T12:57:44","slug":"tgc-tgs-turkyaybir-tys-ve-pen-turkiye-igc-ve-gazeteci-dilek-gappi-ile-dayanisma-icindeyiz","status":"publish","type":"post","link":"https:\/\/turkiyemhaber.com\/?p=5497","title":{"rendered":"TGC, TGS, T\u00dcRKYAYB\u0130R, TYS ve PEN T\u00fcrkiye: \u0130GC ve gazeteci Dilek Gappi ile dayan\u0131\u015fma i\u00e7indeyiz"},"content":{"rendered":"\n<p class=\"wp-block-paragraph\">T\u00fcrkiye Gazeteciler Cemiyeti (TGC), T\u00fcrkiye Gazeteciler Sendikas\u0131 (TGS), T\u00fcrkiye Yay\u0131nc\u0131lar Birli\u011fi (T\u00dcRKYAYB\u0130R), T\u00fcrkiye Yazarlar Sendikas\u0131 (TYS) ve PEN T\u00fcrkiye, \u0130zmir Gazeteciler Cemiyeti Ba\u015fkan\u0131 Dilek Gappi&#8217;nin bir gazetecinin hakk\u0131n\u0131 savundu\u011fu gerek\u00e7esiyle Bas\u0131n Savc\u0131l\u0131\u011f\u0131&#8217;na ifadeye \u00e7a\u011fr\u0131lmas\u0131n\u0131 kayg\u0131yla kar\u015f\u0131lad\u0131klar\u0131n\u0131 a\u00e7\u0131klad\u0131.<\/p>\n\n\n\n<p class=\"wp-block-paragraph\">Be\u015f meslek \u00f6rg\u00fct\u00fcn\u00fcn ortak a\u00e7\u0131klamas\u0131nda, \u0130zmir Gazeteciler Cemiyeti&#8217;nin, AK Parti Genel Sekreteri ve \u0130zmir Milletvekili Eyy\u00fcp Kadir \u0130nan&#8217;\u0131n bir belediye ba\u015fkan\u0131n\u0131 ziyareti sonras\u0131nda yay\u0131mlanan habere y\u00f6nelik \u201cpa\u00e7avra\u201d ifadesini kullanmas\u0131n\u0131 k\u0131nad\u0131\u011f\u0131 belirtildi.<\/p>\n\n\n\n<p class=\"wp-block-paragraph\">A\u00e7\u0131klamada, \u0130GC&#8217;nin bildirisi sonras\u0131nda \u0130nan&#8217;\u0131n Dilek Gappi&#8217;ye y\u00f6nelik ifadeler kulland\u0131\u011f\u0131, ard\u0131ndan Gappi hakk\u0131nda \u201ciftira\u201d ve \u201chalk\u0131 yan\u0131lt\u0131c\u0131 bilgiyi alenen yayma\u201d iddialar\u0131yla soru\u015fturma ba\u015flat\u0131ld\u0131\u011f\u0131 aktar\u0131ld\u0131. Gappi&#8217;nin y\u00f6netim kurulu \u00fcyeleri ve avukat\u0131yla birlikte adliyeye giderek ifade verdi\u011fi belirtildi.<\/p>\n\n\n\n<p class=\"wp-block-paragraph\">Gazetecilik meslek \u00f6rg\u00fctlerinin temel g\u00f6revlerinden birinin gazetecilerin mesleki haklar\u0131n\u0131 savunmak ve bas\u0131n \u00f6zg\u00fcrl\u00fc\u011f\u00fcne y\u00f6nelik bask\u0131lara kar\u015f\u0131 \u00e7\u0131kmak oldu\u011fu vurgulanan a\u00e7\u0131klamada, bir gazeteci haks\u0131zl\u0131\u011fa u\u011frad\u0131\u011f\u0131nda meslek \u00f6rg\u00fct\u00fcn\u00fcn sessiz kalmas\u0131n\u0131n d\u00fc\u015f\u00fcn\u00fclemeyece\u011fi ifade edildi.<\/p>\n\n\n\n<p class=\"wp-block-paragraph\">Ortak a\u00e7\u0131klamada, \u201cKamu g\u00fcc\u00fc, gazetecileri susturman\u0131n, sindirmenin veya onlar\u0131 savunan meslek \u00f6rg\u00fctlerini geri ad\u0131m atmaya zorlaman\u0131n arac\u0131 haline getirilmemelidir\u201d denildi.<\/p>\n\n\n\n<p class=\"wp-block-paragraph\">Be\u015f kurulu\u015f, Dilek Gappi ve \u0130zmir Gazeteciler Cemiyeti&#8217;nin yan\u0131nda olduklar\u0131n\u0131 belirterek, gazetecilerin hakk\u0131n\u0131 savunmaktan ve bas\u0131n ile d\u00fc\u015f\u00fcnceyi ifade \u00f6zg\u00fcrl\u00fc\u011f\u00fcn\u00fcn yan\u0131nda durmaktan vazge\u00e7meyeceklerini bildirdi.<\/p>\n","protected":false},"excerpt":{"rendered":"<p>T\u00fcrkiye Gazeteciler Cemiyeti (TGC), T\u00fcrkiye Gazeteciler Sendikas\u0131 (TGS), T\u00fcrkiye Yay\u0131nc\u0131lar Birli\u011fi (T\u00dcRKYAYB\u0130R), T\u00fcrkiye Yazarlar Sendikas\u0131<\/p>\n","protected":false},"author":1,"featured_media":5498,"comment_status":"open","ping_status":"open","sticky":false,"template":"","format":"standard","meta":{"_rtcl_gb_attr":"","footnotes":""},"categories":[1],"tags":[],"class_list":["post-5497","post","type-post","status-publish","format-standard","has-post-thumbnail","hentry","category-http-turkiyemhaber-com-wp-content-uploads-2026-03-saray-59-haber-13-mart-pdf"],"_links":{"self":[{"href":"https:\/\/turkiyemhaber.com\/index.php?rest_route=\/wp\/v2\/posts\/5497","targetHints":{"allow":["GET"]}}],"collection":[{"href":"https:\/\/turkiyemhaber.com\/index.php?rest_route=\/wp\/v2\/posts"}],"about":[{"href":"https:\/\/turkiyemhaber.com\/index.php?rest_route=\/wp\/v2\/types\/post"}],"author":[{"embeddable":true,"href":"https:\/\/turkiyemhaber.com\/index.php?rest_route=\/wp\/v2\/users\/1"}],"replies":[{"embeddable":true,"href":"https:\/\/turkiyemhaber.com\/index.php?rest_route=%2Fwp%2Fv2%2Fcomments&post=5497"}],"version-history":[{"count":1,"href":"https:\/\/turkiyemhaber.com\/index.php?rest_route=\/wp\/v2\/posts\/5497\/revisions"}],"predecessor-version":[{"id":5499,"href":"https:\/\/turkiyemhaber.com\/index.php?rest_route=\/wp\/v2\/posts\/5497\/revisions\/5499"}],"wp:featuredmedia":[{"embeddable":true,"href":"https:\/\/turkiyemhaber.com\/index.php?rest_route=\/wp\/v2\/media\/5498"}],"wp:attachment":[{"href":"https:\/\/turkiyemhaber.com\/index.php?rest_route=%2Fwp%2Fv2%2Fmedia&parent=5497"}],"wp:term":[{"taxonomy":"category","embeddable":true,"href":"https:\/\/turkiyemhaber.com\/index.php?rest_route=%2Fwp%2Fv2%2Fcategories&post=5497"},{"taxonomy":"post_tag","embeddable":true,"href":"https:\/\/turkiyemhaber.com\/index.php?rest_route=%2Fwp%2Fv2%2Ftags&post=5497"}],"curies":[{"name":"wp","href":"https:\/\/api.w.org\/{rel}","templated":true}]}}