{"id":5492,"date":"2026-08-25T12:53:48","date_gmt":"2026-08-25T12:53:48","guid":{"rendered":"https:\/\/turkiyemhaber.com\/?p=5492"},"modified":"2026-08-25T12:53:53","modified_gmt":"2026-08-25T12:53:53","slug":"ozgu-kayadan-iddiali-bikinili-pozlar-dalkilica-gelen-yorum-olay","status":"publish","type":"post","link":"https:\/\/turkiyemhaber.com\/?p=5492","title":{"rendered":"\u00d6zg\u00fc Kaya\u2019dan iddial\u0131 bikinili pozlar! Dalk\u0131l\u0131\u00e7\u2019a gelen yorum olay"},"content":{"rendered":"\n<p class=\"wp-block-paragraph\">Murat Dalk\u0131l\u0131\u00e7 ile a\u015fk ya\u015fayan oyuncu \u00d6zg\u00fc Kaya, tatilinden yeni kareleri sosyal medya hesab\u0131ndan payla\u015ft\u0131. Kaya\u2019n\u0131n puantiyeli bikinisiyle verdi\u011fi pozlar k\u0131sa s\u00fcrede dikkat \u00e7ekerken, bir takip\u00e7isinin Murat Dalk\u0131l\u0131\u00e7\u2019a yapt\u0131\u011f\u0131 yorum da g\u00fcndem oldu.<\/p>\n\n\n\n<figure class=\"wp-block-image size-large\"><img loading=\"lazy\" decoding=\"async\" width=\"631\" height=\"1024\" src=\"https:\/\/turkiyemhaber.com\/wp-content\/uploads\/2026\/08\/20260825_dad1e6a2af474abca058d3a9a692848d-631x1024.webp\" alt=\"\" class=\"wp-image-5493\" srcset=\"https:\/\/turkiyemhaber.com\/wp-content\/uploads\/2026\/08\/20260825_dad1e6a2af474abca058d3a9a692848d-631x1024.webp 631w, https:\/\/turkiyemhaber.com\/wp-content\/uploads\/2026\/08\/20260825_dad1e6a2af474abca058d3a9a692848d-185x300.webp 185w, https:\/\/turkiyemhaber.com\/wp-content\/uploads\/2026\/08\/20260825_dad1e6a2af474abca058d3a9a692848d-7x12.webp 7w, https:\/\/turkiyemhaber.com\/wp-content\/uploads\/2026\/08\/20260825_dad1e6a2af474abca058d3a9a692848d.webp 640w\" sizes=\"auto, (max-width: 631px) 100vw, 631px\" \/><\/figure>\n\n\n\n<p class=\"wp-block-paragraph\">Bir takip\u00e7i, \u201cAbi manitan bikinili post atm\u0131\u015f @muratdalkilic\u201d diyerek Dalk\u0131l\u0131\u00e7\u2019a seslendi.<\/p>\n\n\n\n<figure class=\"wp-block-image size-full\"><img loading=\"lazy\" decoding=\"async\" width=\"735\" height=\"490\" src=\"https:\/\/turkiyemhaber.com\/wp-content\/uploads\/2026\/08\/ozgu-kayadan-iddiali-bikinili-pozlar-dalkilica-gelen-yorum-olay_20174154_58.jpg\" alt=\"\" class=\"wp-image-5494\" srcset=\"https:\/\/turkiyemhaber.com\/wp-content\/uploads\/2026\/08\/ozgu-kayadan-iddiali-bikinili-pozlar-dalkilica-gelen-yorum-olay_20174154_58.jpg 735w, https:\/\/turkiyemhaber.com\/wp-content\/uploads\/2026\/08\/ozgu-kayadan-iddiali-bikinili-pozlar-dalkilica-gelen-yorum-olay_20174154_58-300x200.jpg 300w, https:\/\/turkiyemhaber.com\/wp-content\/uploads\/2026\/08\/ozgu-kayadan-iddiali-bikinili-pozlar-dalkilica-gelen-yorum-olay_20174154_58-18x12.jpg 18w\" sizes=\"auto, (max-width: 735px) 100vw, 735px\" \/><\/figure>\n\n\n\n<p class=\"wp-block-paragraph\">Yorum, Dalk\u0131l\u0131\u00e7\u2019\u0131n ge\u00e7ti\u011fimiz d\u00f6nemde sevgilisinin bikinili foto\u011fraflar\u0131ndan haz\u0131rlad\u0131\u011f\u0131 ve \u201cYok can\u0131m ne k\u0131skanmas\u0131\u201d notuyla payla\u015ft\u0131\u011f\u0131 e\u011flenceli videoyu yeniden ak\u0131llara getirdi.<\/p>\n","protected":false},"excerpt":{"rendered":"<p>Murat Dalk\u0131l\u0131\u00e7 ile a\u015fk ya\u015fayan oyuncu \u00d6zg\u00fc Kaya, tatilinden yeni kareleri sosyal medya hesab\u0131ndan payla\u015ft\u0131.<\/p>\n","protected":false},"author":1,"featured_media":5495,"comment_status":"open","ping_status":"open","sticky":false,"template":"","format":"standard","meta":{"_rtcl_gb_attr":"","footnotes":""},"categories":[41],"tags":[],"class_list":["post-5492","post","type-post","status-publish","format-standard","has-post-thumbnail","hentry","category-magazin"],"_links":{"self":[{"href":"https:\/\/turkiyemhaber.com\/index.php?rest_route=\/wp\/v2\/posts\/5492","targetHints":{"allow":["GET"]}}],"collection":[{"href":"https:\/\/turkiyemhaber.com\/index.php?rest_route=\/wp\/v2\/posts"}],"about":[{"href":"https:\/\/turkiyemhaber.com\/index.php?rest_route=\/wp\/v2\/types\/post"}],"author":[{"embeddable":true,"href":"https:\/\/turkiyemhaber.com\/index.php?rest_route=\/wp\/v2\/users\/1"}],"replies":[{"embeddable":true,"href":"https:\/\/turkiyemhaber.com\/index.php?rest_route=%2Fwp%2Fv2%2Fcomments&post=5492"}],"version-history":[{"count":1,"href":"https:\/\/turkiyemhaber.com\/index.php?rest_route=\/wp\/v2\/posts\/5492\/revisions"}],"predecessor-version":[{"id":5496,"href":"https:\/\/turkiyemhaber.com\/index.php?rest_route=\/wp\/v2\/posts\/5492\/revisions\/5496"}],"wp:featuredmedia":[{"embeddable":true,"href":"https:\/\/turkiyemhaber.com\/index.php?rest_route=\/wp\/v2\/media\/5495"}],"wp:attachment":[{"href":"https:\/\/turkiyemhaber.com\/index.php?rest_route=%2Fwp%2Fv2%2Fmedia&parent=5492"}],"wp:term":[{"taxonomy":"category","embeddable":true,"href":"https:\/\/turkiyemhaber.com\/index.php?rest_route=%2Fwp%2Fv2%2Fcategories&post=5492"},{"taxonomy":"post_tag","embeddable":true,"href":"https:\/\/turkiyemhaber.com\/index.php?rest_route=%2Fwp%2Fv2%2Ftags&post=5492"}],"curies":[{"name":"wp","href":"https:\/\/api.w.org\/{rel}","templated":true}]}}