{"id":5488,"date":"2026-08-25T12:47:12","date_gmt":"2026-08-25T12:47:12","guid":{"rendered":"https:\/\/turkiyemhaber.com\/?p=5488"},"modified":"2026-08-25T12:47:30","modified_gmt":"2026-08-25T12:47:30","slug":"siyasetin-dengelerini-degistirecek-anket-ikinci-siradaki-parti-degisti","status":"publish","type":"post","link":"https:\/\/turkiyemhaber.com\/?p=5488","title":{"rendered":"Siyasetin dengelerini de\u011fi\u015ftirecek anket! \u0130kinci s\u0131radaki parti de\u011fi\u015fti"},"content":{"rendered":"\n<p class=\"wp-block-paragraph\">ORC Ara\u015ft\u0131rma taraf\u0131ndan 20-23 A\u011fustos 2026 tarihleri aras\u0131nda 26 ilde 2 bin 200 kat\u0131l\u0131mc\u0131yla ger\u00e7ekle\u015ftirilen se\u00e7im anketinin sonu\u00e7lar\u0131 a\u00e7\u0131kland\u0131.<\/p>\n\n\n\n<p class=\"wp-block-paragraph\">\u201cBu pazar genel se\u00e7im olsa hangi partiye oy verirsiniz?\u201d sorusunun y\u00f6neltildi\u011fi ara\u015ft\u0131rmada, karars\u0131zlar da\u011f\u0131t\u0131ld\u0131ktan sonra AK Parti y\u00fczde 33,1 oy oran\u0131yla ilk s\u0131rada yer ald\u0131.<\/p>\n\n\n\n<p class=\"wp-block-paragraph\">Anketin en dikkat \u00e7ekici sonucu ise Yeni Parti&#8217;nin y\u00fczde 17,2&#8217;lik oy oran\u0131na ula\u015farak CHP&#8217;yi geride b\u0131rakmas\u0131 oldu. Yeni Parti ikinci s\u0131raya yerle\u015firken, CHP y\u00fczde 10,6 ile \u00fc\u00e7\u00fcnc\u00fc s\u0131rada kald\u0131.<\/p>\n\n\n\n<figure class=\"wp-block-image size-full\"><img loading=\"lazy\" decoding=\"async\" width=\"640\" height=\"960\" src=\"https:\/\/turkiyemhaber.com\/wp-content\/uploads\/2026\/08\/siyasetin-dengelerini-degistir-46363159-5416_1_m.webp\" alt=\"\" class=\"wp-image-5490\" srcset=\"https:\/\/turkiyemhaber.com\/wp-content\/uploads\/2026\/08\/siyasetin-dengelerini-degistir-46363159-5416_1_m.webp 640w, https:\/\/turkiyemhaber.com\/wp-content\/uploads\/2026\/08\/siyasetin-dengelerini-degistir-46363159-5416_1_m-200x300.webp 200w, https:\/\/turkiyemhaber.com\/wp-content\/uploads\/2026\/08\/siyasetin-dengelerini-degistir-46363159-5416_1_m-8x12.webp 8w\" sizes=\"auto, (max-width: 640px) 100vw, 640px\" \/><\/figure>\n\n\n\n<p class=\"wp-block-paragraph\">Ara\u015ft\u0131rmada DEM Parti y\u00fczde 8,3, MHP y\u00fczde 7,7, \u0130Y\u0130 Parti y\u00fczde 5,3, Zafer Partisi y\u00fczde 3,6, BBP y\u00fczde 3,4, Saadet Partisi y\u00fczde 2,4, Yeniden Refah Partisi y\u00fczde 2,0 ve Anahtar Parti y\u00fczde 1,7 oy ald\u0131. Di\u011fer partilerin toplam oy oran\u0131 ise y\u00fczde 4,7 olarak \u00f6l\u00e7\u00fcld\u00fc.<\/p>\n","protected":false},"excerpt":{"rendered":"<p>ORC Ara\u015ft\u0131rma taraf\u0131ndan 20-23 A\u011fustos 2026 tarihleri aras\u0131nda 26 ilde 2 bin 200 kat\u0131l\u0131mc\u0131yla ger\u00e7ekle\u015ftirilen<\/p>\n","protected":false},"author":1,"featured_media":5489,"comment_status":"open","ping_status":"open","sticky":false,"template":"","format":"standard","meta":{"_rtcl_gb_attr":"","footnotes":""},"categories":[44],"tags":[],"class_list":["post-5488","post","type-post","status-publish","format-standard","has-post-thumbnail","hentry","category-politika"],"_links":{"self":[{"href":"https:\/\/turkiyemhaber.com\/index.php?rest_route=\/wp\/v2\/posts\/5488","targetHints":{"allow":["GET"]}}],"collection":[{"href":"https:\/\/turkiyemhaber.com\/index.php?rest_route=\/wp\/v2\/posts"}],"about":[{"href":"https:\/\/turkiyemhaber.com\/index.php?rest_route=\/wp\/v2\/types\/post"}],"author":[{"embeddable":true,"href":"https:\/\/turkiyemhaber.com\/index.php?rest_route=\/wp\/v2\/users\/1"}],"replies":[{"embeddable":true,"href":"https:\/\/turkiyemhaber.com\/index.php?rest_route=%2Fwp%2Fv2%2Fcomments&post=5488"}],"version-history":[{"count":1,"href":"https:\/\/turkiyemhaber.com\/index.php?rest_route=\/wp\/v2\/posts\/5488\/revisions"}],"predecessor-version":[{"id":5491,"href":"https:\/\/turkiyemhaber.com\/index.php?rest_route=\/wp\/v2\/posts\/5488\/revisions\/5491"}],"wp:featuredmedia":[{"embeddable":true,"href":"https:\/\/turkiyemhaber.com\/index.php?rest_route=\/wp\/v2\/media\/5489"}],"wp:attachment":[{"href":"https:\/\/turkiyemhaber.com\/index.php?rest_route=%2Fwp%2Fv2%2Fmedia&parent=5488"}],"wp:term":[{"taxonomy":"category","embeddable":true,"href":"https:\/\/turkiyemhaber.com\/index.php?rest_route=%2Fwp%2Fv2%2Fcategories&post=5488"},{"taxonomy":"post_tag","embeddable":true,"href":"https:\/\/turkiyemhaber.com\/index.php?rest_route=%2Fwp%2Fv2%2Ftags&post=5488"}],"curies":[{"name":"wp","href":"https:\/\/api.w.org\/{rel}","templated":true}]}}