{"id":5485,"date":"2026-08-25T12:42:03","date_gmt":"2026-08-25T12:42:03","guid":{"rendered":"https:\/\/turkiyemhaber.com\/?p=5485"},"modified":"2026-08-25T12:42:11","modified_gmt":"2026-08-25T12:42:11","slug":"corluda-yeni-ortaokul-temeli-atildi","status":"publish","type":"post","link":"https:\/\/turkiyemhaber.com\/?p=5485","title":{"rendered":"\u00c7orlu&#8217;da Yeni Ortaokul Temeli At\u0131ld\u0131"},"content":{"rendered":"\n<p class=\"wp-block-paragraph\">Tekirda\u011f&#8217;\u0131n \u00c7orlu il\u00e7esinde hay\u0131rseverler \u00d6mer \u015eanal, Murat Y\u0131lmaz ve Osman Turan taraf\u0131ndan yapt\u0131r\u0131lacak 16 derslikli ortaokulun temeli t\u00f6renle at\u0131ld\u0131.<\/p>\n\n\n\n<p class=\"wp-block-paragraph\">\u00d6nerler Mahallesi&#8217;nde ger\u00e7ekle\u015ftirilen temel atma t\u00f6renine Tekirda\u011f Valisi Recep Soyt\u00fcrk, \u00c7orlu Kaymakam\u0131 Niyazi Erten, \u00c7orlu Belediye Ba\u015fkan\u0131 Ahmet Sar\u0131kurt, \u0130l Milli E\u011fitim M\u00fcd\u00fcr\u00fc Abdulaziz Yeniyol, \u00c7orlu Ticaret ve Sanayi Odas\u0131 Ba\u015fkan\u0131 \u0130zzet Volkan, il\u00e7e protokol\u00fc, hay\u0131rseverler ve vatanda\u015flar kat\u0131ld\u0131.<\/p>\n\n\n\n<p class=\"wp-block-paragraph\">T\u00f6rende yap\u0131lan konu\u015fmalar\u0131n ard\u0131ndan 16 derslikli ortaokulun temel atma i\u015flemi ger\u00e7ekle\u015ftirildi.<\/p>\n\n\n\n<p class=\"wp-block-paragraph\">Hay\u0131rseverlerin deste\u011fiyle il\u00e7eye kazand\u0131r\u0131lacak okulun, \u00d6nerler Mahallesi&#8217;nde e\u011fitim g\u00f6ren \u00f6\u011frencilerin e\u011fitim ihtiya\u00e7lar\u0131n\u0131n kar\u015f\u0131lanmas\u0131na katk\u0131 sa\u011flamas\u0131 hedefleniyor.<\/p>\n","protected":false},"excerpt":{"rendered":"<p>Tekirda\u011f&#8217;\u0131n \u00c7orlu il\u00e7esinde hay\u0131rseverler \u00d6mer \u015eanal, Murat Y\u0131lmaz ve Osman Turan taraf\u0131ndan yapt\u0131r\u0131lacak 16 derslikli<\/p>\n","protected":false},"author":1,"featured_media":5486,"comment_status":"open","ping_status":"open","sticky":false,"template":"","format":"standard","meta":{"_rtcl_gb_attr":"","footnotes":""},"categories":[74],"tags":[],"class_list":["post-5485","post","type-post","status-publish","format-standard","has-post-thumbnail","hentry","category-yerel-haberler"],"_links":{"self":[{"href":"https:\/\/turkiyemhaber.com\/index.php?rest_route=\/wp\/v2\/posts\/5485","targetHints":{"allow":["GET"]}}],"collection":[{"href":"https:\/\/turkiyemhaber.com\/index.php?rest_route=\/wp\/v2\/posts"}],"about":[{"href":"https:\/\/turkiyemhaber.com\/index.php?rest_route=\/wp\/v2\/types\/post"}],"author":[{"embeddable":true,"href":"https:\/\/turkiyemhaber.com\/index.php?rest_route=\/wp\/v2\/users\/1"}],"replies":[{"embeddable":true,"href":"https:\/\/turkiyemhaber.com\/index.php?rest_route=%2Fwp%2Fv2%2Fcomments&post=5485"}],"version-history":[{"count":1,"href":"https:\/\/turkiyemhaber.com\/index.php?rest_route=\/wp\/v2\/posts\/5485\/revisions"}],"predecessor-version":[{"id":5487,"href":"https:\/\/turkiyemhaber.com\/index.php?rest_route=\/wp\/v2\/posts\/5485\/revisions\/5487"}],"wp:featuredmedia":[{"embeddable":true,"href":"https:\/\/turkiyemhaber.com\/index.php?rest_route=\/wp\/v2\/media\/5486"}],"wp:attachment":[{"href":"https:\/\/turkiyemhaber.com\/index.php?rest_route=%2Fwp%2Fv2%2Fmedia&parent=5485"}],"wp:term":[{"taxonomy":"category","embeddable":true,"href":"https:\/\/turkiyemhaber.com\/index.php?rest_route=%2Fwp%2Fv2%2Fcategories&post=5485"},{"taxonomy":"post_tag","embeddable":true,"href":"https:\/\/turkiyemhaber.com\/index.php?rest_route=%2Fwp%2Fv2%2Ftags&post=5485"}],"curies":[{"name":"wp","href":"https:\/\/api.w.org\/{rel}","templated":true}]}}