{"id":5482,"date":"2026-08-25T12:39:04","date_gmt":"2026-08-25T12:39:04","guid":{"rendered":"https:\/\/turkiyemhaber.com\/?p=5482"},"modified":"2026-08-25T12:39:11","modified_gmt":"2026-08-25T12:39:11","slug":"ceplerine-ne-kadar-para-girecek-memur-ve-emeklinin-bekledigi-hesap-yapildi","status":"publish","type":"post","link":"https:\/\/turkiyemhaber.com\/?p=5482","title":{"rendered":"Ceplerine Ne Kadar Para Girecek? Memur ve Emeklinin Bekledi\u011fi Hesap Yap\u0131ld\u0131"},"content":{"rendered":"\n<p class=\"wp-block-paragraph\">Ocak 2027 zam d\u00f6nemi yakla\u015f\u0131rken milyonlarca SSK, Ba\u011f-Kur ve memur emeklisinin maa\u015flar\u0131na yap\u0131lacak art\u0131\u015fla ilgili hesaplamalar g\u00fcndeme geldi. 2026 y\u0131l sonu enflasyon beklentilerine g\u00f6re haz\u0131rlanan 4 farkl\u0131 senaryoda, SSK ve Ba\u011f-Kur emeklilerinin zam oran\u0131 y\u00fczde 8,70 ile y\u00fczde 10,80 aras\u0131nda, memur ve memur emeklilerinin zam oran\u0131 ise y\u00fczde 6,67 ile y\u00fczde 8,73 aras\u0131nda hesapland\u0131.<\/p>\n\n\n\n<p class=\"wp-block-paragraph\">Yasal d\u00fczenlemelere g\u00f6re SSK ve Ba\u011f-Kur emeklileri, 2026&#8217;n\u0131n ikinci 6 ayl\u0131k d\u00f6nemindeki enflasyon oran\u0131 kadar zam alacak. Memur ve memur emeklilerinin maa\u015flar\u0131na ise toplu s\u00f6zle\u015fme zamm\u0131na ek olarak olu\u015facak enflasyon fark\u0131 yans\u0131t\u0131lacak.<\/p>\n\n\n\n<h3 class=\"wp-block-heading\">4 FARKLI ENFLASYON SENARYOSU<\/h3>\n\n\n\n<p class=\"wp-block-paragraph\"><strong>1. Senaryo \u2013 Y\u0131l sonu enflasyonu y\u00fczde 28<\/strong><\/p>\n\n\n\n<p class=\"wp-block-paragraph\">6 ayl\u0131k enflasyonun y\u00fczde 8,70 olmas\u0131 halinde SSK ve Ba\u011f-Kur emeklilerinin zam oran\u0131 y\u00fczde 8,70 olacak. Memur ve memur emeklilerinin toplam maa\u015f art\u0131\u015f\u0131 ise y\u00fczde 1,59 enflasyon fark\u0131yla y\u00fczde 6,67 olarak hesaplan\u0131yor.<\/p>\n\n\n\n<p class=\"wp-block-paragraph\">Bu senaryoda en d\u00fc\u015f\u00fck memur maa\u015f\u0131n\u0131n 70 bin 224 TL&#8217;den 74 bin 908 TL&#8217;ye, en d\u00fc\u015f\u00fck memur emeklisi ayl\u0131\u011f\u0131n\u0131n 31 bin 527 TL&#8217;den 33 bin 630 TL&#8217;ye y\u00fckselmesi bekleniyor. SSK ve Ba\u011f-Kur taban ayl\u0131\u011f\u0131n\u0131n ise 25 bin 601 TL seviyesine \u00e7\u0131kaca\u011f\u0131 hesaplan\u0131yor.<\/p>\n\n\n\n<p class=\"wp-block-paragraph\"><strong>2. Senaryo \u2013 Piyasa Kat\u0131l\u0131mc\u0131lar\u0131 Anketi y\u00fczde 29,43<\/strong><\/p>\n\n\n\n<p class=\"wp-block-paragraph\">Y\u0131l sonu enflasyonunun y\u00fczde 29,43 seviyesinde ger\u00e7ekle\u015fmesi halinde 6 ayl\u0131k enflasyon y\u00fczde 9,91 olarak hesaplan\u0131yor. Bu durumda SSK ve Ba\u011f-Kur emeklilerinin zam oran\u0131n\u0131n y\u00fczde 9,91 olmas\u0131 bekleniyor.<\/p>\n\n\n\n<p class=\"wp-block-paragraph\"><strong>3. Senaryo \u2013 AA Finans Anketi y\u00fczde 29,55<\/strong><\/p>\n\n\n\n<p class=\"wp-block-paragraph\">Y\u0131l sonu enflasyonunun y\u00fczde 29,55 olmas\u0131 halinde 6 ayl\u0131k enflasyon y\u00fczde 10,01 seviyesine ula\u015f\u0131yor.<\/p>\n\n\n\n<p class=\"wp-block-paragraph\">Bu senaryoda SSK ve Ba\u011f-Kur emeklilerinin zam oran\u0131 y\u00fczde 10,01 olurken, memur ve memur emeklilerinin y\u00fczde 2,81 enflasyon fark\u0131yla birlikte toplam zam oran\u0131 y\u00fczde 7,95 olarak hesaplan\u0131yor.<\/p>\n\n\n\n<p class=\"wp-block-paragraph\">En d\u00fc\u015f\u00fck memur maa\u015f\u0131n\u0131n 75 bin 807 TL&#8217;ye, en d\u00fc\u015f\u00fck memur emeklisi ayl\u0131\u011f\u0131n\u0131n 34 bin 33 TL&#8217;ye, SSK ve Ba\u011f-Kur taban ayl\u0131\u011f\u0131n\u0131n ise 25 bin 910 TL&#8217;ye y\u00fckselmesi bekleniyor.<\/p>\n\n\n\n<p class=\"wp-block-paragraph\"><strong>4. Senaryo \u2013 Finansal Kurumlar Birli\u011fi y\u00fczde 30,47<\/strong><\/p>\n\n\n\n<p class=\"wp-block-paragraph\">En y\u00fcksek enflasyon beklentisinin ger\u00e7ekle\u015fmesi halinde 6 ayl\u0131k enflasyon y\u00fczde 10,80 seviyesine \u00e7\u0131k\u0131yor.<\/p>\n\n\n\n<p class=\"wp-block-paragraph\">Bu durumda SSK ve Ba\u011f-Kur emeklileri y\u00fczde 10,80 zam al\u0131rken, memur ve memur emeklilerinin y\u00fczde 3,55 enflasyon fark\u0131yla birlikte toplam zam oran\u0131 y\u00fczde 8,73 oluyor.<\/p>\n\n\n\n<p class=\"wp-block-paragraph\">En d\u00fc\u015f\u00fck memur maa\u015f\u0131n\u0131n 76 bin 355 TL&#8217;ye, en d\u00fc\u015f\u00fck memur emeklisi ayl\u0131\u011f\u0131n\u0131n 34 bin 279 TL&#8217;ye, SSK ve Ba\u011f-Kur taban ayl\u0131\u011f\u0131n\u0131n ise 26 bin 96 TL&#8217;ye y\u00fckselmesi bekleniyor.<\/p>\n","protected":false},"excerpt":{"rendered":"<p>Ocak 2027 zam d\u00f6nemi yakla\u015f\u0131rken milyonlarca SSK, Ba\u011f-Kur ve memur emeklisinin maa\u015flar\u0131na yap\u0131lacak art\u0131\u015fla ilgili<\/p>\n","protected":false},"author":1,"featured_media":5483,"comment_status":"open","ping_status":"open","sticky":false,"template":"","format":"standard","meta":{"_rtcl_gb_attr":"","footnotes":""},"categories":[14],"tags":[],"class_list":["post-5482","post","type-post","status-publish","format-standard","has-post-thumbnail","hentry","category-ekonomi"],"_links":{"self":[{"href":"https:\/\/turkiyemhaber.com\/index.php?rest_route=\/wp\/v2\/posts\/5482","targetHints":{"allow":["GET"]}}],"collection":[{"href":"https:\/\/turkiyemhaber.com\/index.php?rest_route=\/wp\/v2\/posts"}],"about":[{"href":"https:\/\/turkiyemhaber.com\/index.php?rest_route=\/wp\/v2\/types\/post"}],"author":[{"embeddable":true,"href":"https:\/\/turkiyemhaber.com\/index.php?rest_route=\/wp\/v2\/users\/1"}],"replies":[{"embeddable":true,"href":"https:\/\/turkiyemhaber.com\/index.php?rest_route=%2Fwp%2Fv2%2Fcomments&post=5482"}],"version-history":[{"count":1,"href":"https:\/\/turkiyemhaber.com\/index.php?rest_route=\/wp\/v2\/posts\/5482\/revisions"}],"predecessor-version":[{"id":5484,"href":"https:\/\/turkiyemhaber.com\/index.php?rest_route=\/wp\/v2\/posts\/5482\/revisions\/5484"}],"wp:featuredmedia":[{"embeddable":true,"href":"https:\/\/turkiyemhaber.com\/index.php?rest_route=\/wp\/v2\/media\/5483"}],"wp:attachment":[{"href":"https:\/\/turkiyemhaber.com\/index.php?rest_route=%2Fwp%2Fv2%2Fmedia&parent=5482"}],"wp:term":[{"taxonomy":"category","embeddable":true,"href":"https:\/\/turkiyemhaber.com\/index.php?rest_route=%2Fwp%2Fv2%2Fcategories&post=5482"},{"taxonomy":"post_tag","embeddable":true,"href":"https:\/\/turkiyemhaber.com\/index.php?rest_route=%2Fwp%2Fv2%2Ftags&post=5482"}],"curies":[{"name":"wp","href":"https:\/\/api.w.org\/{rel}","templated":true}]}}