{"id":5475,"date":"2026-08-25T12:30:53","date_gmt":"2026-08-25T12:30:53","guid":{"rendered":"https:\/\/turkiyemhaber.com\/?p=5475"},"modified":"2026-08-25T12:30:59","modified_gmt":"2026-08-25T12:30:59","slug":"suleymancilarin-lideri-alihan-kurisin-yakalanma-anlari","status":"publish","type":"post","link":"https:\/\/turkiyemhaber.com\/?p=5475","title":{"rendered":"S\u00fcleymanc\u0131lar\u0131n Lideri Alihan Kuri\u015f\u2019in Yakalanma Anlar\u0131"},"content":{"rendered":"\n<p class=\"wp-block-paragraph\">Ankara Cumhuriyet Ba\u015fsavc\u0131l\u0131\u011f\u0131 taraf\u0131ndan y\u00fcr\u00fct\u00fclen su\u00e7 \u00f6rg\u00fct\u00fc soru\u015fturmas\u0131 kapsam\u0131nda aranan S\u00fcleymanc\u0131lar cemaati lideri Alihan Kuri\u015f\u2019in yakalanma an\u0131na ili\u015fkin operasyon g\u00f6r\u00fcnt\u00fcleri ortaya \u00e7\u0131kt\u0131.<\/p>\n\n\n\n<figure class=\"wp-block-video\"><video height=\"1080\" style=\"aspect-ratio: 1920 \/ 1080;\" width=\"1920\" controls src=\"https:\/\/turkiyemhaber.com\/wp-content\/uploads\/2026\/08\/Altin-ve-Kahverengi-Mimari-Mevlid-Kandili-Videosu-1.mp4\"><\/video><\/figure>\n\n\n\n<p class=\"wp-block-paragraph\">Emniyet g\u00fc\u00e7lerinin \u00dcsk\u00fcdar\u2019daki bir adrese d\u00fczenledi\u011fi operasyonda Kuri\u015f\u2019in, villan\u0131n m\u00fc\u015ftemilat b\u00f6l\u00fcm\u00fcnde \u00f6zel olarak olu\u015fturulan gizli bir b\u00f6lmede sakland\u0131\u011f\u0131 belirlendi.<\/p>\n\n\n\n<p class=\"wp-block-paragraph\">Polis ekiplerinin yapt\u0131\u011f\u0131 aramada gizli b\u00f6lmenin tespit edilmesinin ard\u0131ndan Alihan Kuri\u015f bulundu\u011fu yerde g\u00f6zalt\u0131na al\u0131nd\u0131. Operasyon s\u0131ras\u0131nda Kuri\u015f\u2019in gizli b\u00f6lmeden \u00e7\u0131kar\u0131ld\u0131\u011f\u0131 anlar saniye saniye kaydedildi.<\/p>\n\n\n\n<p class=\"wp-block-paragraph\">Kuri\u015f\u2019in yakalanmas\u0131na ili\u015fkin g\u00f6r\u00fcnt\u00fclerde, ekiplerin m\u00fc\u015ftemilatta yapt\u0131\u011f\u0131 arama ve gizli b\u00f6lmede bulunan Kuri\u015f\u2019in g\u00f6zalt\u0131na al\u0131nmas\u0131 yer ald\u0131.<\/p>\n\n\n\n<p class=\"wp-block-paragraph\">\u00d6te yandan Ankara Cumhuriyet Ba\u015fsavc\u0131l\u0131\u011f\u0131n\u0131n Alihan Kuri\u015f Su\u00e7 \u00d6rg\u00fct\u00fc\u2019ne y\u00f6nelik soru\u015fturmas\u0131nda \u00fc\u00e7\u00fcnc\u00fc dalga operasyon ger\u00e7ekle\u015ftirildi. Dosya kapsam\u0131nda yeni deliller do\u011frultusunda 54 \u015f\u00fcpheli hakk\u0131nda g\u00f6zalt\u0131 karar\u0131 verildi.<\/p>\n\n\n\n<p class=\"wp-block-paragraph\">Soru\u015fturma kapsam\u0131nda 11 \u015firket ile 3 derne\u011fe kayyum atanmas\u0131na da karar verildi.<\/p>\n","protected":false},"excerpt":{"rendered":"<p>Ankara Cumhuriyet Ba\u015fsavc\u0131l\u0131\u011f\u0131 taraf\u0131ndan y\u00fcr\u00fct\u00fclen su\u00e7 \u00f6rg\u00fct\u00fc soru\u015fturmas\u0131 kapsam\u0131nda aranan S\u00fcleymanc\u0131lar cemaati lideri Alihan Kuri\u015f\u2019in<\/p>\n","protected":false},"author":1,"featured_media":5477,"comment_status":"open","ping_status":"open","sticky":false,"template":"","format":"standard","meta":{"_rtcl_gb_attr":"","footnotes":""},"categories":[1],"tags":[],"class_list":["post-5475","post","type-post","status-publish","format-standard","has-post-thumbnail","hentry","category-http-turkiyemhaber-com-wp-content-uploads-2026-03-saray-59-haber-13-mart-pdf"],"_links":{"self":[{"href":"https:\/\/turkiyemhaber.com\/index.php?rest_route=\/wp\/v2\/posts\/5475","targetHints":{"allow":["GET"]}}],"collection":[{"href":"https:\/\/turkiyemhaber.com\/index.php?rest_route=\/wp\/v2\/posts"}],"about":[{"href":"https:\/\/turkiyemhaber.com\/index.php?rest_route=\/wp\/v2\/types\/post"}],"author":[{"embeddable":true,"href":"https:\/\/turkiyemhaber.com\/index.php?rest_route=\/wp\/v2\/users\/1"}],"replies":[{"embeddable":true,"href":"https:\/\/turkiyemhaber.com\/index.php?rest_route=%2Fwp%2Fv2%2Fcomments&post=5475"}],"version-history":[{"count":1,"href":"https:\/\/turkiyemhaber.com\/index.php?rest_route=\/wp\/v2\/posts\/5475\/revisions"}],"predecessor-version":[{"id":5478,"href":"https:\/\/turkiyemhaber.com\/index.php?rest_route=\/wp\/v2\/posts\/5475\/revisions\/5478"}],"wp:featuredmedia":[{"embeddable":true,"href":"https:\/\/turkiyemhaber.com\/index.php?rest_route=\/wp\/v2\/media\/5477"}],"wp:attachment":[{"href":"https:\/\/turkiyemhaber.com\/index.php?rest_route=%2Fwp%2Fv2%2Fmedia&parent=5475"}],"wp:term":[{"taxonomy":"category","embeddable":true,"href":"https:\/\/turkiyemhaber.com\/index.php?rest_route=%2Fwp%2Fv2%2Fcategories&post=5475"},{"taxonomy":"post_tag","embeddable":true,"href":"https:\/\/turkiyemhaber.com\/index.php?rest_route=%2Fwp%2Fv2%2Ftags&post=5475"}],"curies":[{"name":"wp","href":"https:\/\/api.w.org\/{rel}","templated":true}]}}