{"id":5472,"date":"2026-08-25T12:25:12","date_gmt":"2026-08-25T12:25:12","guid":{"rendered":"https:\/\/turkiyemhaber.com\/?p=5472"},"modified":"2026-08-25T12:25:18","modified_gmt":"2026-08-25T12:25:18","slug":"aihm-osman-kavala-hakkindaki-kararini-acikladi","status":"publish","type":"post","link":"https:\/\/turkiyemhaber.com\/?p=5472","title":{"rendered":"A\u0130HM, Osman Kavala Hakk\u0131ndaki Karar\u0131n\u0131 A\u00e7\u0131klad\u0131"},"content":{"rendered":"\n<p class=\"wp-block-paragraph\">Avrupa \u0130nsan Haklar\u0131 Mahkemesi (A\u0130HM) B\u00fcy\u00fck Dairesi, Gezi Davas\u0131 h\u00fck\u00fcml\u00fcs\u00fc Osman Kavala hakk\u0131ndaki karar\u0131n\u0131 a\u00e7\u0131klad\u0131. B\u00fcy\u00fck Daire, Kavala&#8217;n\u0131n m\u00fcmk\u00fcn olan en k\u0131sa s\u00fcrede serbest b\u0131rak\u0131lmas\u0131n\u0131n sa\u011flanmas\u0131na ve T\u00fcrkiye&#8217;nin Kavala&#8217;ya tazminat \u00f6demesine karar verdi.<\/p>\n\n\n\n<p class=\"wp-block-paragraph\">A\u0130HM Ba\u015fkan\u0131 Mattias Guyomar taraf\u0131ndan a\u00e7\u0131klanan kararda, tespit edilen ihlallerin ciddiyeti nedeniyle Kavala&#8217;n\u0131n m\u00fcmk\u00fcn olan en k\u0131sa s\u00fcrede serbest b\u0131rak\u0131lmas\u0131 gerekti\u011fi belirtildi.<\/p>\n\n\n\n<p class=\"wp-block-paragraph\">A\u0130HM ayr\u0131ca T\u00fcrkiye&#8217;nin Osman Kavala&#8217;ya manevi zarar\u0131n\u0131n yan\u0131 s\u0131ra yarg\u0131lama giderleri ve di\u011fer masraflar\u0131 i\u00e7in tazminat \u00f6demesine h\u00fckmetti.<\/p>\n\n\n\n<p class=\"wp-block-paragraph\">B\u00fcy\u00fck Daire karar\u0131 olmas\u0131 nedeniyle T\u00fcrkiye&#8217;nin A\u0130HM i\u00e7indeki itiraz yolu da sona erdi.<\/p>\n\n\n\n<p class=\"wp-block-paragraph\">Kararda, Osman Kavala&#8217;n\u0131n Avrupa \u0130nsan Haklar\u0131 S\u00f6zle\u015fmesi ihlal edilmemi\u015f olsayd\u0131 bulunaca\u011f\u0131 hukuki duruma getirilmesi gerekti\u011fi belirtildi. Mahkeme, Kavala hakk\u0131ndaki mahk\u00fbmiyet karar\u0131n\u0131n S\u00f6zle\u015fme hukuku bak\u0131m\u0131ndan h\u00fck\u00fcms\u00fcz ve ge\u00e7ersiz say\u0131lmas\u0131 gerekti\u011fini ifade etti.<\/p>\n\n\n\n<p class=\"wp-block-paragraph\">A\u0130HM karar\u0131nda, Kavala&#8217;ya y\u00f6neltilen eylemlerin b\u00fcy\u00fck \u00f6l\u00e7\u00fcde kamusal tart\u0131\u015fmalara kat\u0131lmak, sivil toplum giri\u015fimlerini desteklemek, bilgi yaymak ve Gezi Park\u0131 olaylar\u0131yla ba\u011flant\u0131l\u0131 savunuculuk faaliyetlerinden olu\u015ftu\u011fu belirtildi.<\/p>\n\n\n\n<p class=\"wp-block-paragraph\">Mahkeme, bu faaliyetlerin Avrupa \u0130nsan Haklar\u0131 S\u00f6zle\u015fmesi&#8217;nin ifade \u00f6zg\u00fcrl\u00fc\u011f\u00fcn\u00fc d\u00fczenleyen 10. maddesi ile toplant\u0131 ve dernek kurma \u00f6zg\u00fcrl\u00fc\u011f\u00fcn\u00fc d\u00fczenleyen 11. maddesi kapsam\u0131ndaki haklara y\u00f6nelik bir m\u00fcdahale olu\u015fturdu\u011fu sonucuna vard\u0131.<\/p>\n\n\n\n<p class=\"wp-block-paragraph\">Kararda, s\u00f6z konusu m\u00fcdahalenin S\u00f6zle\u015fme&#8217;nin 10. ve 11. maddeleri anlam\u0131nda &#8220;kanunla \u00f6ng\u00f6r\u00fclm\u00fc\u015f&#8221; say\u0131lamayaca\u011f\u0131 belirtilerek bu maddelerin ihlal edildi\u011fine h\u00fckmedildi.<\/p>\n\n\n\n<p class=\"wp-block-paragraph\">A\u0130HM, T\u00fcrk Ceza Kanunu&#8217;nun 312. maddesinde d\u00fczenlenen su\u00e7un cebir ve \u015fiddet kullan\u0131m\u0131n\u0131 i\u00e7ermesine ra\u011fmen, T\u00fcrk mahkemelerinin Kavala&#8217;n\u0131n eylemleri ile Gezi Park\u0131 protestolar\u0131 s\u0131ras\u0131nda meydana gelen \u015fiddet olaylar\u0131 aras\u0131nda somut bir nedensellik ba\u011f\u0131 kuramad\u0131\u011f\u0131n\u0131 belirtti.<\/p>\n\n\n\n<p class=\"wp-block-paragraph\">Kararda, Kavala&#8217;n\u0131n mahk\u00fbmiyetinden \u00f6nceki ve sonraki tutuklulu\u011funun Avrupa \u0130nsan Haklar\u0131 S\u00f6zle\u015fmesi&#8217;nin 5. maddesinin 1. f\u0131kras\u0131 kapsam\u0131nda hukuka uygun olmad\u0131\u011f\u0131 ve 10 Aral\u0131k 2019&#8217;dan bu yana \u00f6zg\u00fcrl\u00fc\u011f\u00fcnden mahrum b\u0131rak\u0131lmas\u0131n\u0131n S\u00f6zle\u015fme&#8217;yi ihlal etti\u011fi ifade edildi.<\/p>\n\n\n\n<p class=\"wp-block-paragraph\">A\u0130HM, sonraki yarg\u0131lamalar\u0131n da s\u00f6z konusu ihlali ortadan kald\u0131rmad\u0131\u011f\u0131n\u0131, yeni, somut ve ikna edici herhangi bir delil sunulmad\u0131\u011f\u0131n\u0131 belirtti.<\/p>\n\n\n\n<p class=\"wp-block-paragraph\">Mahkeme ayr\u0131ca Kavala&#8217;n\u0131n mahk\u00fbmiyetinin belirli bir \u015fiddet eylemine dayanmad\u0131\u011f\u0131na dikkat \u00e7ekerek m\u00fcmk\u00fcn olan en k\u0131sa s\u00fcrede serbest b\u0131rak\u0131lmas\u0131 gerekti\u011fine karar verdi.<\/p>\n\n\n\n<p class=\"wp-block-paragraph\">Kararda, Kavala&#8217;n\u0131n uzun s\u00fcre \u00f6zg\u00fcrl\u00fc\u011f\u00fcnden mahrum b\u0131rak\u0131lmas\u0131n\u0131n siyasal faaliyet \u00f6zg\u00fcrl\u00fc\u011f\u00fcn\u00fc zedeledi\u011fi ve bu ilkelerin demokratik toplumun \u00f6z\u00fcnde yer ald\u0131\u011f\u0131 belirtildi.<\/p>\n","protected":false},"excerpt":{"rendered":"<p>Avrupa \u0130nsan Haklar\u0131 Mahkemesi (A\u0130HM) B\u00fcy\u00fck Dairesi, Gezi Davas\u0131 h\u00fck\u00fcml\u00fcs\u00fc Osman Kavala hakk\u0131ndaki karar\u0131n\u0131 a\u00e7\u0131klad\u0131.<\/p>\n","protected":false},"author":1,"featured_media":5473,"comment_status":"open","ping_status":"open","sticky":false,"template":"","format":"standard","meta":{"_rtcl_gb_attr":"","footnotes":""},"categories":[1],"tags":[],"class_list":["post-5472","post","type-post","status-publish","format-standard","has-post-thumbnail","hentry","category-http-turkiyemhaber-com-wp-content-uploads-2026-03-saray-59-haber-13-mart-pdf"],"_links":{"self":[{"href":"https:\/\/turkiyemhaber.com\/index.php?rest_route=\/wp\/v2\/posts\/5472","targetHints":{"allow":["GET"]}}],"collection":[{"href":"https:\/\/turkiyemhaber.com\/index.php?rest_route=\/wp\/v2\/posts"}],"about":[{"href":"https:\/\/turkiyemhaber.com\/index.php?rest_route=\/wp\/v2\/types\/post"}],"author":[{"embeddable":true,"href":"https:\/\/turkiyemhaber.com\/index.php?rest_route=\/wp\/v2\/users\/1"}],"replies":[{"embeddable":true,"href":"https:\/\/turkiyemhaber.com\/index.php?rest_route=%2Fwp%2Fv2%2Fcomments&post=5472"}],"version-history":[{"count":1,"href":"https:\/\/turkiyemhaber.com\/index.php?rest_route=\/wp\/v2\/posts\/5472\/revisions"}],"predecessor-version":[{"id":5474,"href":"https:\/\/turkiyemhaber.com\/index.php?rest_route=\/wp\/v2\/posts\/5472\/revisions\/5474"}],"wp:featuredmedia":[{"embeddable":true,"href":"https:\/\/turkiyemhaber.com\/index.php?rest_route=\/wp\/v2\/media\/5473"}],"wp:attachment":[{"href":"https:\/\/turkiyemhaber.com\/index.php?rest_route=%2Fwp%2Fv2%2Fmedia&parent=5472"}],"wp:term":[{"taxonomy":"category","embeddable":true,"href":"https:\/\/turkiyemhaber.com\/index.php?rest_route=%2Fwp%2Fv2%2Fcategories&post=5472"},{"taxonomy":"post_tag","embeddable":true,"href":"https:\/\/turkiyemhaber.com\/index.php?rest_route=%2Fwp%2Fv2%2Ftags&post=5472"}],"curies":[{"name":"wp","href":"https:\/\/api.w.org\/{rel}","templated":true}]}}