{"id":5468,"date":"2026-08-25T12:21:19","date_gmt":"2026-08-25T12:21:19","guid":{"rendered":"https:\/\/turkiyemhaber.com\/?p=5468"},"modified":"2026-08-25T12:21:27","modified_gmt":"2026-08-25T12:21:27","slug":"devletin-malina-cokmeye-calisan-haramiler-rezil-diyaloglar-ortaya-sacildi","status":"publish","type":"post","link":"https:\/\/turkiyemhaber.com\/?p=5468","title":{"rendered":"Devletin Mal\u0131na \u00c7\u00f6kmeye \u00c7al\u0131\u015fan Haramiler! Rezil Diyaloglar Ortaya Sa\u00e7\u0131ld\u0131"},"content":{"rendered":"\n<p class=\"wp-block-paragraph\">Antalya merkezli 7 ilde d\u00fczenlenen operasyonda, Kemer&#8217;deki 80 Hazine arazisinin usuls\u00fcz \u015fekilde devredilerek kamuya yakla\u015f\u0131k 10 milyar TL zarar verilmesine ili\u015fkin 27 \u015f\u00fcpheli g\u00f6zalt\u0131na al\u0131nd\u0131. \u015e\u00fcpheliler aras\u0131nda Tapu M\u00fcd\u00fcr\u00fc, Milli Emlak personelleri, mevcut ve eski mahalle muhtarlar\u0131 ile sivil i\u015f takip\u00e7ilerinin bulundu\u011fu belirtildi. \u015e\u00fcphelilerin mal varl\u0131klar\u0131na tedbir konuldu.<\/p>\n\n\n\n<p class=\"wp-block-paragraph\">Antalya&#8217;n\u0131n Kemer il\u00e7esindeki 80 Hazine ta\u015f\u0131nmaz\u0131n\u0131n usuls\u00fcz \u015fekilde devredildi\u011finin tespit edilmesi \u00fczerine Antalya Cumhuriyet Ba\u015fsavc\u0131l\u0131\u011f\u0131 taraf\u0131ndan soru\u015fturma ba\u015flat\u0131ld\u0131. Soru\u015fturma kapsam\u0131nda yap\u0131lan teknik ve fiziki takiplerde, \u015f\u00fcpheliler aras\u0131ndaki arazi ve para trafi\u011fine ili\u015fkin g\u00f6r\u00fc\u015fmeler tespit edildi.<\/p>\n\n\n\n<figure class=\"wp-block-image size-full\"><img loading=\"lazy\" decoding=\"async\" width=\"735\" height=\"490\" src=\"https:\/\/turkiyemhaber.com\/wp-content\/uploads\/2026\/08\/devletin-malina-cokmeye-calisan-haramilerin-rezil-diyaloglari_20174530_83.jpg\" alt=\"\" class=\"wp-image-5470\" srcset=\"https:\/\/turkiyemhaber.com\/wp-content\/uploads\/2026\/08\/devletin-malina-cokmeye-calisan-haramilerin-rezil-diyaloglari_20174530_83.jpg 735w, https:\/\/turkiyemhaber.com\/wp-content\/uploads\/2026\/08\/devletin-malina-cokmeye-calisan-haramilerin-rezil-diyaloglari_20174530_83-18x12.jpg 18w, https:\/\/turkiyemhaber.com\/wp-content\/uploads\/2026\/08\/devletin-malina-cokmeye-calisan-haramilerin-rezil-diyaloglari_20174530_83-300x200.jpg 300w\" sizes=\"auto, (max-width: 735px) 100vw, 735px\" \/><\/figure>\n\n\n\n<p class=\"wp-block-paragraph\">Soru\u015fturma dosyas\u0131na giren ileti\u015fim tespit tutanaklar\u0131nda, organizasyonun kurucusu ve y\u00f6neticisi oldu\u011fu belirlenen G\u00f6khan Kaya ile \u015f\u00fcpheliler aras\u0131nda arazi ve para al\u0131\u015fveri\u015fine ili\u015fkin g\u00f6r\u00fc\u015fmeler yer ald\u0131.<\/p>\n\n\n\n<p class=\"wp-block-paragraph\">Kay\u0131tlara g\u00f6re bir \u015f\u00fcphelinin G\u00f6khan Kaya&#8217;dan, &#8220;Kusursuz yan\u0131k bir yer olursa ayarla bana&#8221; dedi\u011fi, Kaya&#8217;n\u0131n ise &#8220;Ayarlar\u0131m\u2026 Bir \u015fey denk gelirse al\u0131r\u0131z sana&#8221; \u015feklinde kar\u015f\u0131l\u0131k verdi\u011fi belirlendi.<\/p>\n\n\n\n<p class=\"wp-block-paragraph\">G\u00f6r\u00fc\u015fmelerde ayr\u0131ca Milli Emlak personeli Yunus Fesli&#8217;nin Ovac\u0131k&#8217;ta bulunan yakla\u015f\u0131k 700 metrekarelik bir ta\u015f\u0131nmaz\u0131 15 bin TL bedelle kendi \u00fczerine ge\u00e7irdi\u011finin anlat\u0131ld\u0131\u011f\u0131 tespit edildi.<\/p>\n\n\n\n<p class=\"wp-block-paragraph\">Soru\u015fturma kapsam\u0131nda G\u00f6khan Kaya&#8217;n\u0131n tar\u0131msal indirimli Hazine sat\u0131\u015f\u0131 kapsam\u0131nda yap\u0131lan i\u015flemlere ili\u015fkin konu\u015fmalar\u0131nda, &#8220;Vatanda\u015f\u0131n tespitini yapmadan beyana g\u00f6re hareket ediyorduk\u2026 Ben bakm\u0131yordum, tespit etmiyordum\u2026&#8221; ifadelerini kulland\u0131\u011f\u0131 belirlendi.<\/p>\n\n\n\n<p class=\"wp-block-paragraph\">Dosyaya giren di\u011fer ileti\u015fim kay\u0131tlar\u0131nda ise \u015f\u00fcpheliler aras\u0131ndaki para trafi\u011fine ili\u015fkin, &#8220;Emaneti sende, sen takip edersin&#8221;, &#8220;Ben takip ediyorum abi, s\u0131k\u0131nt\u0131 yok&#8221; ve &#8220;Getirmi\u015f mi emaneti? Getirdiyse geleyim&#8221; \u015feklindeki konu\u015fmalar yer ald\u0131.<\/p>\n\n\n\n<p class=\"wp-block-paragraph\">MASAK ve tapu verilerinin incelenmesinin ard\u0131ndan Antalya&#8217;n\u0131n Kemer, Kepez ve Konyaalt\u0131 il\u00e7eleri ile Adana, Burdur, Isparta ve Nev\u015fehir&#8217;de belirlenen 21 adrese e\u015f zamanl\u0131 operasyon d\u00fczenlendi.<\/p>\n\n\n\n<p class=\"wp-block-paragraph\">Operasyonda aralar\u0131nda Milli Emlak g\u00f6revlileri, Tapu M\u00fcd\u00fcr\u00fc, mevcut ve eski mahalle muhtarlar\u0131 ile sivil i\u015f takip\u00e7ilerinin bulundu\u011fu 27 \u015f\u00fcpheli g\u00f6zalt\u0131na al\u0131nd\u0131.<\/p>\n\n\n\n<p class=\"wp-block-paragraph\">Yakla\u015f\u0131k 10 milyar TL de\u011ferindeki 80 Hazine ta\u015f\u0131nmaz\u0131na y\u00f6nelik sat\u0131\u015f i\u015flemlerinin engellenmesi ve \u015f\u00fcphelilerin mal varl\u0131klar\u0131na tedbir konulmas\u0131na ili\u015fkin i\u015flemlerin s\u00fcrd\u00fc\u011f\u00fc bildirildi.<\/p>\n","protected":false},"excerpt":{"rendered":"<p>Antalya merkezli 7 ilde d\u00fczenlenen operasyonda, Kemer&#8217;deki 80 Hazine arazisinin usuls\u00fcz \u015fekilde devredilerek kamuya yakla\u015f\u0131k<\/p>\n","protected":false},"author":1,"featured_media":5469,"comment_status":"open","ping_status":"open","sticky":false,"template":"","format":"standard","meta":{"_rtcl_gb_attr":"","footnotes":""},"categories":[1],"tags":[],"class_list":["post-5468","post","type-post","status-publish","format-standard","has-post-thumbnail","hentry","category-http-turkiyemhaber-com-wp-content-uploads-2026-03-saray-59-haber-13-mart-pdf"],"_links":{"self":[{"href":"https:\/\/turkiyemhaber.com\/index.php?rest_route=\/wp\/v2\/posts\/5468","targetHints":{"allow":["GET"]}}],"collection":[{"href":"https:\/\/turkiyemhaber.com\/index.php?rest_route=\/wp\/v2\/posts"}],"about":[{"href":"https:\/\/turkiyemhaber.com\/index.php?rest_route=\/wp\/v2\/types\/post"}],"author":[{"embeddable":true,"href":"https:\/\/turkiyemhaber.com\/index.php?rest_route=\/wp\/v2\/users\/1"}],"replies":[{"embeddable":true,"href":"https:\/\/turkiyemhaber.com\/index.php?rest_route=%2Fwp%2Fv2%2Fcomments&post=5468"}],"version-history":[{"count":1,"href":"https:\/\/turkiyemhaber.com\/index.php?rest_route=\/wp\/v2\/posts\/5468\/revisions"}],"predecessor-version":[{"id":5471,"href":"https:\/\/turkiyemhaber.com\/index.php?rest_route=\/wp\/v2\/posts\/5468\/revisions\/5471"}],"wp:featuredmedia":[{"embeddable":true,"href":"https:\/\/turkiyemhaber.com\/index.php?rest_route=\/wp\/v2\/media\/5469"}],"wp:attachment":[{"href":"https:\/\/turkiyemhaber.com\/index.php?rest_route=%2Fwp%2Fv2%2Fmedia&parent=5468"}],"wp:term":[{"taxonomy":"category","embeddable":true,"href":"https:\/\/turkiyemhaber.com\/index.php?rest_route=%2Fwp%2Fv2%2Fcategories&post=5468"},{"taxonomy":"post_tag","embeddable":true,"href":"https:\/\/turkiyemhaber.com\/index.php?rest_route=%2Fwp%2Fv2%2Ftags&post=5468"}],"curies":[{"name":"wp","href":"https:\/\/api.w.org\/{rel}","templated":true}]}}