{"id":5465,"date":"2026-08-25T00:05:27","date_gmt":"2026-08-25T00:05:27","guid":{"rendered":"https:\/\/turkiyemhaber.com\/?p=5465"},"modified":"2026-08-25T00:05:32","modified_gmt":"2026-08-25T00:05:32","slug":"hakkinda-2-suclama-vardi-esenyurt-belediye-baskani-ahmet-ozer-hakkinda-karar","status":"publish","type":"post","link":"https:\/\/turkiyemhaber.com\/?p=5465","title":{"rendered":"Hakk\u0131nda 2 Su\u00e7lama Vard\u0131! Esenyurt Belediye Ba\u015fkan\u0131 Ahmet \u00d6zer Hakk\u0131nda Karar"},"content":{"rendered":"\n<p class=\"wp-block-paragraph\">Esenyurt Belediye Ba\u015fkanl\u0131\u011f\u0131 g\u00f6revinden uzakla\u015ft\u0131r\u0131lan tutuksuz san\u0131k Ahmet \u00d6zer hakk\u0131nda, Aziz \u0130hsan Akta\u015f\u2019\u0131n da aralar\u0131nda bulundu\u011fu 200 san\u0131kl\u0131 davada karar \u00e7\u0131kt\u0131. \u00d6zer, \u201c\u00f6zel belgede sahtecilik\u201d su\u00e7lamas\u0131ndan beraat ederken, \u201cihmal suretiyle g\u00f6revi k\u00f6t\u00fcye kullanma\u201d su\u00e7undan 8 ay 10 g\u00fcn hapis cezas\u0131na \u00e7arpt\u0131r\u0131ld\u0131. Heyet, bu cezada h\u00fckm\u00fcn a\u00e7\u0131klanmas\u0131n\u0131n geri b\u0131rak\u0131lmas\u0131na ve \u00d6zer\u2019in memuriyetinin yasaklanmas\u0131na karar verdi.<\/p>\n\n\n\n<p class=\"wp-block-paragraph\">Ahmet \u00d6zer, Aziz \u0130hsan Akta\u015f davas\u0131nda \u201cihmal suretiyle g\u00f6revi k\u00f6t\u00fcye kullanma\u201d su\u00e7lamas\u0131ndan 8 ay 10 g\u00fcn hapis cezas\u0131 ald\u0131. Mahkeme, h\u00fckm\u00fcn a\u00e7\u0131klanmas\u0131n\u0131n geri b\u0131rak\u0131lmas\u0131na karar verdi.<\/p>\n\n\n\n<p class=\"wp-block-paragraph\">Kamuoyunda \u201cAziz \u0130hsan Akta\u015f davas\u0131\u201d olarak bilinen davada, be\u015fi tutuklu olmak \u00fczere toplam 200 san\u0131\u011f\u0131n yarg\u0131lanmas\u0131na devam edildi. \u0130ddianamede, Aziz \u0130hsan Akta\u015f\u2019\u0131n su\u00e7 \u00f6rg\u00fct\u00fc kurarak baz\u0131 belediyelerde ba\u015fkan ve y\u00f6neticiler dahil \u00e7e\u015fitli isimleri r\u00fc\u015fvete ba\u011flad\u0131\u011f\u0131 \u00f6ne s\u00fcr\u00fcld\u00fc.<\/p>\n\n\n\n<h2 class=\"wp-block-heading\">200 SANIKLI DAVADA KARAR \u00c7IKTI<\/h2>\n\n\n\n<p class=\"wp-block-paragraph\">Hakk\u0131ndaki su\u00e7 \u00f6rg\u00fct\u00fc liderli\u011fi ve r\u00fc\u015fvet su\u00e7lamalar\u0131 kapsam\u0131nda etkin pi\u015fmanl\u0131k h\u00fck\u00fcmlerinden yararlanan Aziz \u0130hsan Akta\u015f, tahliye edilmesinin ard\u0131ndan tutuksuz san\u0131k olarak yarg\u0131lanmaya devam ediyor.<\/p>\n\n\n\n<p class=\"wp-block-paragraph\">Dava kapsam\u0131nda san\u0131klar aras\u0131nda yer alan Esenyurt Belediye Ba\u015fkan\u0131 Ahmet \u00d6zer hakk\u0131nda da karar verildi.<\/p>\n\n\n\n<h2 class=\"wp-block-heading\">\u00d6ZER&#8217;E 8 AY 10 G\u00dcN HAP\u0130S CEZASI<\/h2>\n\n\n\n<p class=\"wp-block-paragraph\">Ahmet \u00d6zer, \u201c\u00f6zel belgede sahtecilik\u201d su\u00e7lamas\u0131ndan beraat etti. \u00d6zer, \u201cihmal suretiyle g\u00f6revi k\u00f6t\u00fcye kullanma\u201d su\u00e7undan ise 8 ay 10 g\u00fcn hapis cezas\u0131na \u00e7arpt\u0131r\u0131ld\u0131.<\/p>\n\n\n\n<h2 class=\"wp-block-heading\">H\u00dcKM\u00dcN A\u00c7IKLANMASI GER\u0130 BIRAKILDI, MEMUR\u0130YET\u0130 YASAKLANDI<\/h2>\n\n\n\n<p class=\"wp-block-paragraph\">Mahkeme, Ahmet \u00d6zer hakk\u0131nda verilen 8 ay 10 g\u00fcnl\u00fck hapis cezas\u0131nda h\u00fckm\u00fcn a\u00e7\u0131klanmas\u0131n\u0131n geri b\u0131rak\u0131lmas\u0131na karar verdi. Heyet ayr\u0131ca \u00d6zer\u2019in memuriyetinin yasaklanmas\u0131na h\u00fckmetti.<\/p>\n\n\n\n<p class=\"wp-block-paragraph\">Belediye Ba\u015fkan\u0131 Ahmet \u00d6zer hakk\u0131nda daha \u00f6nce \u201cihmal suretiyle g\u00f6revi k\u00f6t\u00fcye kullanma\u201d su\u00e7undan iki ayr\u0131 kez 6 aydan 2 y\u0131la kadar hapis cezas\u0131 talep edilmi\u015fti.<\/p>\n\n\n\n<h2 class=\"wp-block-heading\">AVUKAT ERS\u00d6Z: KARAR G\u00d6REVE D\u00d6NMES\u0130NE ENGEL DE\u011e\u0130L<\/h2>\n\n\n\n<p class=\"wp-block-paragraph\">Ahmet \u00d6zer\u2019in avukat\u0131 H\u00fcseyin Ers\u00f6z, mahkemenin \u00d6zer hakk\u0131nda ihaleye fesat kar\u0131\u015ft\u0131rma su\u00e7undan ceza vermedi\u011fini belirtti.<\/p>\n\n\n\n<p class=\"wp-block-paragraph\">Ers\u00f6z, \u201chi\u00e7bir delil olmamas\u0131na\u201d ve \u201clehe bilirki\u015fi raporlar\u0131 olmas\u0131na\u201d ra\u011fmen \u00d6zer hakk\u0131nda \u201cihmal suretiyle g\u00f6revi k\u00f6t\u00fcye kullanma\u201d su\u00e7undan h\u00fckm\u00fcn a\u00e7\u0131klanmas\u0131n\u0131n geri b\u0131rak\u0131lmas\u0131na karar verildi\u011fini ifade etti.<\/p>\n\n\n\n<p class=\"wp-block-paragraph\">\u201c\u00d6zel Evrakta Sahtecilik\u201d su\u00e7undan ise beraat karar\u0131 verildi\u011fini belirten Ers\u00f6z, bu karar\u0131n Ahmet \u00d6zer\u2019in g\u00f6revine d\u00f6nmesinin \u00f6n\u00fcnde bir engel olu\u015fturmad\u0131\u011f\u0131n\u0131 s\u00f6yledi.<\/p>\n\n\n\n<p class=\"wp-block-paragraph\">Ers\u00f6z, beraat karar\u0131 verilmesi gerekirken HAGB karar\u0131 verildi\u011fi gerek\u00e7esiyle yasal yollara ba\u015fvuracaklar\u0131n\u0131 a\u00e7\u0131klad\u0131.<\/p>\n\n\n\n<h2 class=\"wp-block-heading\">BAH\u00c7EL\u0130 \u201cAHMETLER G\u00d6REVE\u201d DEM\u0130\u015eT\u0130<\/h2>\n\n\n\n<p class=\"wp-block-paragraph\">MHP Genel Ba\u015fkan\u0131 Devlet Bah\u00e7eli, daha \u00f6nce yapt\u0131\u011f\u0131 a\u00e7\u0131klamada Ahmet \u00d6zer ve Ahmet T\u00fcrk\u2019\u00fcn g\u00f6revlerine d\u00f6nmesi gerekti\u011fini belirtmi\u015fti.<\/p>\n\n\n\n<p class=\"wp-block-paragraph\">Bah\u00e7eli a\u00e7\u0131klamas\u0131nda, \u201c\u00d6calan umuda, Ahmetler g\u00f6reve, Demirta\u015f evine d\u00f6nmeli\u201d ifadelerini kullanm\u0131\u015ft\u0131.<\/p>\n","protected":false},"excerpt":{"rendered":"<p>Esenyurt Belediye Ba\u015fkanl\u0131\u011f\u0131 g\u00f6revinden uzakla\u015ft\u0131r\u0131lan tutuksuz san\u0131k Ahmet \u00d6zer hakk\u0131nda, Aziz \u0130hsan Akta\u015f\u2019\u0131n da aralar\u0131nda<\/p>\n","protected":false},"author":1,"featured_media":5466,"comment_status":"open","ping_status":"open","sticky":false,"template":"","format":"standard","meta":{"_rtcl_gb_attr":"","footnotes":""},"categories":[44],"tags":[],"class_list":["post-5465","post","type-post","status-publish","format-standard","has-post-thumbnail","hentry","category-politika"],"_links":{"self":[{"href":"https:\/\/turkiyemhaber.com\/index.php?rest_route=\/wp\/v2\/posts\/5465","targetHints":{"allow":["GET"]}}],"collection":[{"href":"https:\/\/turkiyemhaber.com\/index.php?rest_route=\/wp\/v2\/posts"}],"about":[{"href":"https:\/\/turkiyemhaber.com\/index.php?rest_route=\/wp\/v2\/types\/post"}],"author":[{"embeddable":true,"href":"https:\/\/turkiyemhaber.com\/index.php?rest_route=\/wp\/v2\/users\/1"}],"replies":[{"embeddable":true,"href":"https:\/\/turkiyemhaber.com\/index.php?rest_route=%2Fwp%2Fv2%2Fcomments&post=5465"}],"version-history":[{"count":1,"href":"https:\/\/turkiyemhaber.com\/index.php?rest_route=\/wp\/v2\/posts\/5465\/revisions"}],"predecessor-version":[{"id":5467,"href":"https:\/\/turkiyemhaber.com\/index.php?rest_route=\/wp\/v2\/posts\/5465\/revisions\/5467"}],"wp:featuredmedia":[{"embeddable":true,"href":"https:\/\/turkiyemhaber.com\/index.php?rest_route=\/wp\/v2\/media\/5466"}],"wp:attachment":[{"href":"https:\/\/turkiyemhaber.com\/index.php?rest_route=%2Fwp%2Fv2%2Fmedia&parent=5465"}],"wp:term":[{"taxonomy":"category","embeddable":true,"href":"https:\/\/turkiyemhaber.com\/index.php?rest_route=%2Fwp%2Fv2%2Fcategories&post=5465"},{"taxonomy":"post_tag","embeddable":true,"href":"https:\/\/turkiyemhaber.com\/index.php?rest_route=%2Fwp%2Fv2%2Ftags&post=5465"}],"curies":[{"name":"wp","href":"https:\/\/api.w.org\/{rel}","templated":true}]}}