{"id":5458,"date":"2026-08-24T23:56:33","date_gmt":"2026-08-24T23:56:33","guid":{"rendered":"https:\/\/turkiyemhaber.com\/?p=5458"},"modified":"2026-08-24T23:56:38","modified_gmt":"2026-08-24T23:56:38","slug":"israilde-mafya-lideri-silahli-saldirida-oldu","status":"publish","type":"post","link":"https:\/\/turkiyemhaber.com\/?p=5458","title":{"rendered":"\u0130srail\u2019de Mafya Lideri Silahl\u0131 Sald\u0131r\u0131da \u00d6ld\u00fc"},"content":{"rendered":"\n<p class=\"wp-block-paragraph\">\u0130srail\u2019in en tehlikeli organize su\u00e7 \u00f6rg\u00fct\u00fc liderlerinden biri olarak bilinen 40 ya\u015f\u0131ndaki Yanis Yushvaev, bir akaryak\u0131t istasyonunda u\u011frad\u0131\u011f\u0131 silahl\u0131 sald\u0131r\u0131da hayat\u0131n\u0131 kaybetti.<\/p>\n\n\n\n<figure class=\"wp-block-video\"><video height=\"1080\" style=\"aspect-ratio: 1920 \/ 1080;\" width=\"1920\" controls src=\"https:\/\/turkiyemhaber.com\/wp-content\/uploads\/2026\/08\/Altin-ve-Kahverengi-Mimari-Mevlid-Kandili-Videosu.mp4\"><\/video><\/figure>\n\n\n\n<p class=\"wp-block-paragraph\">G\u00fcvenlik kameras\u0131na yans\u0131yan g\u00f6r\u00fcnt\u00fclerde, merdivenlerden inen Yushvaev\u2019e arkadan yakla\u015fan bir ki\u015finin ba\u015f\u0131na ate\u015f etti\u011fi g\u00f6r\u00fcld\u00fc. Yushvaev sald\u0131r\u0131n\u0131n ard\u0131ndan yere y\u0131\u011f\u0131l\u0131rken, sald\u0131rgan olay yerinden ka\u00e7t\u0131.<\/p>\n\n\n\n<p class=\"wp-block-paragraph\">\u0130srail polisi, sald\u0131r\u0131n\u0131n ard\u0131ndan olayla ilgili soru\u015fturma ba\u015flatt\u0131. Sald\u0131rgan\u0131n yakalanmas\u0131 ve olay\u0131n ba\u011flant\u0131lar\u0131n\u0131n belirlenmesi i\u00e7in \u00e7al\u0131\u015fmalar s\u00fcrd\u00fcr\u00fcl\u00fcyor.<\/p>\n","protected":false},"excerpt":{"rendered":"<p>\u0130srail\u2019in en tehlikeli organize su\u00e7 \u00f6rg\u00fct\u00fc liderlerinden biri olarak bilinen 40 ya\u015f\u0131ndaki Yanis Yushvaev, bir<\/p>\n","protected":false},"author":1,"featured_media":5459,"comment_status":"open","ping_status":"open","sticky":false,"template":"","format":"standard","meta":{"_rtcl_gb_attr":"","footnotes":""},"categories":[65],"tags":[],"class_list":["post-5458","post","type-post","status-publish","format-standard","has-post-thumbnail","hentry","category-dunya"],"_links":{"self":[{"href":"https:\/\/turkiyemhaber.com\/index.php?rest_route=\/wp\/v2\/posts\/5458","targetHints":{"allow":["GET"]}}],"collection":[{"href":"https:\/\/turkiyemhaber.com\/index.php?rest_route=\/wp\/v2\/posts"}],"about":[{"href":"https:\/\/turkiyemhaber.com\/index.php?rest_route=\/wp\/v2\/types\/post"}],"author":[{"embeddable":true,"href":"https:\/\/turkiyemhaber.com\/index.php?rest_route=\/wp\/v2\/users\/1"}],"replies":[{"embeddable":true,"href":"https:\/\/turkiyemhaber.com\/index.php?rest_route=%2Fwp%2Fv2%2Fcomments&post=5458"}],"version-history":[{"count":1,"href":"https:\/\/turkiyemhaber.com\/index.php?rest_route=\/wp\/v2\/posts\/5458\/revisions"}],"predecessor-version":[{"id":5461,"href":"https:\/\/turkiyemhaber.com\/index.php?rest_route=\/wp\/v2\/posts\/5458\/revisions\/5461"}],"wp:featuredmedia":[{"embeddable":true,"href":"https:\/\/turkiyemhaber.com\/index.php?rest_route=\/wp\/v2\/media\/5459"}],"wp:attachment":[{"href":"https:\/\/turkiyemhaber.com\/index.php?rest_route=%2Fwp%2Fv2%2Fmedia&parent=5458"}],"wp:term":[{"taxonomy":"category","embeddable":true,"href":"https:\/\/turkiyemhaber.com\/index.php?rest_route=%2Fwp%2Fv2%2Fcategories&post=5458"},{"taxonomy":"post_tag","embeddable":true,"href":"https:\/\/turkiyemhaber.com\/index.php?rest_route=%2Fwp%2Fv2%2Ftags&post=5458"}],"curies":[{"name":"wp","href":"https:\/\/api.w.org\/{rel}","templated":true}]}}