{"id":5455,"date":"2026-08-24T19:58:45","date_gmt":"2026-08-24T19:58:45","guid":{"rendered":"https:\/\/turkiyemhaber.com\/?p=5455"},"modified":"2026-08-24T19:58:52","modified_gmt":"2026-08-24T19:58:52","slug":"tekirdag-buyuksehir-belediye-baskani-candan-yuceer-chpden-istifa-ederek-yeni-parti-ile-siyasete-devam-edecegini-acikladi","status":"publish","type":"post","link":"https:\/\/turkiyemhaber.com\/?p=5455","title":{"rendered":"Tekirda\u011f B\u00fcy\u00fck\u015fehir Belediye Ba\u015fkan\u0131 Candan Y\u00fcceer CHP\u2019den istifa ederek Yeni Parti ile siyasete devam edece\u011fini a\u00e7\u0131klad\u0131"},"content":{"rendered":"\n<p class=\"wp-block-paragraph\">Tekirda\u011f B\u00fcy\u00fck\u015fehir Belediye Ba\u015fkan\u0131 Candan Y\u00fcceer, 18 y\u0131ld\u0131r \u00fcyesi oldu\u011fu ve farkl\u0131 kademelerinde g\u00f6rev yapt\u0131\u011f\u0131 Cumhuriyet Halk Partisi\u2019nden ayr\u0131lma karar\u0131 ald\u0131\u011f\u0131n\u0131 a\u00e7\u0131klad\u0131. Y\u00fcceer, CHP\u2019den ayr\u0131l\u0131\u015f\u0131n\u0131n ard\u0131ndan yeni bir yola \u00e7\u0131kaca\u011f\u0131n\u0131 belirterek, siyasete Yeni Parti ile devam edece\u011finin mesaj\u0131n\u0131 verdi.<\/p>\n\n\n\n<p class=\"wp-block-paragraph\">Y\u00fcceer, yapt\u0131\u011f\u0131 a\u00e7\u0131klamada bu karar\u0131n hayat\u0131nda ald\u0131\u011f\u0131 en zor kararlardan biri oldu\u011funu ifade ederek, ayr\u0131l\u0131k gerek\u00e7esinin ki\u015fisel ya da grupsal bir mesele olmad\u0131\u011f\u0131n\u0131, se\u00e7ilmi\u015f iradenin ve parti \u00f6rg\u00fct\u00fcn\u00fcn iradesinin yok say\u0131lmas\u0131na kar\u015f\u0131 oldu\u011funu belirtti.<\/p>\n\n\n\n<p class=\"wp-block-paragraph\">Y\u00fcceer a\u00e7\u0131klamas\u0131nda \u015fu ifadeleri kulland\u0131:<\/p>\n\n\n\n<blockquote class=\"wp-block-quote is-layout-flow wp-block-quote-is-layout-flow\">\n<p class=\"wp-block-paragraph\">18 y\u0131ld\u0131r \u00fcyesi oldu\u011fum, birlikte m\u00fccadele etti\u011fim, bir\u00e7ok kademede emek verdi\u011fim partimden, baba oca\u011f\u0131mdan istemeden ve zorunlu olarak ayr\u0131l\u0131yorum. Bu benim hayat\u0131mda ald\u0131\u011f\u0131m en zor kararlardan biri.<\/p>\n\n\n\n<p class=\"wp-block-paragraph\">Ancak bug\u00fcn kar\u015f\u0131 kar\u015f\u0131ya oldu\u011fumuz mesele bir ki\u015finin ya da bir grubun meselesi de\u011fildir. Mesele, se\u00e7ilmi\u015f iradenin yok say\u0131lmas\u0131d\u0131r. Mesele, y\u0131llarca emek veren \u00f6rg\u00fct\u00fcm\u00fcz ve parti \u00fcyelerimizin iradesinin hi\u00e7e say\u0131lmas\u0131d\u0131r. Mesele, milletin sand\u0131kta ortaya koydu\u011fu a\u00e7\u0131k talebin g\u00f6rmezden gelinmesidir.<\/p>\n\n\n\n<p class=\"wp-block-paragraph\">Oysa bir siyasi partinin en b\u00fcy\u00fck g\u00fcc\u00fc \u00fcyeleri, \u00f6rg\u00fct\u00fc, delegeleri ve sand\u0131kta ortaya \u00e7\u0131kan iradesidir.<\/p>\n\n\n\n<p class=\"wp-block-paragraph\">Benim itiraz\u0131m tam olarak bunad\u0131r. Butlan anlay\u0131\u015f\u0131yla \u00f6rg\u00fct\u00fcm\u00fcz\u00fcn iradesine, \u00fcyelerimizin tercihine ve se\u00e7ilmi\u015flerin me\u015fruiyetine g\u00f6lge d\u00fc\u015f\u00fcr\u00fclmesine sessiz kalmayaca\u011f\u0131m.<\/p>\n\n\n\n<p class=\"wp-block-paragraph\">Benim i\u00e7in siyaset, ki\u015filere, makamlara ya da koltuklara de\u011fil, ilkelere, de\u011ferlere ve milletin iradesine ba\u011fl\u0131l\u0131kt\u0131r. \u00d6rg\u00fct\u00fcn, se\u00e7ilmi\u015flerin, \u00fcyelerin ve milletin iradesi yok say\u0131lamaz.<\/p>\n\n\n\n<p class=\"wp-block-paragraph\">Bug\u00fcn 20 y\u0131ll\u0131k eme\u011fimi, m\u00fccadelemi, yol arkada\u015flar\u0131m\u0131 ve Cumhuriyet Halk Partisi\u2019nin kurulu\u015fundan bug\u00fcne ta\u015f\u0131d\u0131\u011f\u0131 de\u011ferleri kalbimde ta\u015f\u0131yarak YEN\u0130 bir yola \u00e7\u0131k\u0131yorum.<\/p>\n\n\n\n<p class=\"wp-block-paragraph\">Bu karar benim i\u00e7in bir vazge\u00e7i\u015f de\u011fil, inand\u0131\u011f\u0131m de\u011ferleri, m\u00fccadeleyi ve hedefleri ya\u015fatma karar\u0131d\u0131r. Partimizin kurulu\u015f ruhuna sahip \u00e7\u0131karak cumhuriyetimizin gelece\u011fi i\u00e7in yeni bir yola \u00e7\u0131k\u0131yoruz.<\/p>\n\n\n\n<p class=\"wp-block-paragraph\">Mustafa Kemal Atat\u00fcrk\u2019\u00fcn yolunda, cumhuriyetimizin \u0131\u015f\u0131\u011f\u0131nda demokrasiye, hukuka, \u00f6zg\u00fcrl\u00fc\u011fe ve milletin iradesine sahip \u00e7\u0131karak, ge\u00e7mi\u015ften ald\u0131\u011f\u0131m\u0131z g\u00fc\u00e7le, gelece\u011fe duydu\u011fumuz inan\u00e7la yeni ve g\u00fczel g\u00fcnlere hep birlikte y\u00fcr\u00fcyoruz.<\/p>\n\n\n\n<p class=\"wp-block-paragraph\">\u201cG\u00fczel g\u00fcnler gelmez bize, biz g\u00fczel g\u00fcnlere y\u00fcr\u00fcmedik\u00e7e.\u201d<\/p>\n\n\n\n<p class=\"wp-block-paragraph\">Bu nedenle bug\u00fcn g\u00fczel g\u00fcnlere y\u00fcr\u00fcmeyi se\u00e7iyorum. Bu bir son de\u011fil, bir vazge\u00e7i\u015f hi\u00e7 de\u011fil. M\u00fccadeleyi ya\u015fatma ve gelece\u011fe ta\u015f\u0131ma karar\u0131d\u0131r.<\/p>\n\n\n\n<p class=\"wp-block-paragraph\">D\u00fcn oldu\u011fu gibi bug\u00fcn de Atat\u00fcrk\u2019\u00fcn yolunda, demokrasinin yan\u0131nda, milletin iradesinin arkas\u0131nda olaca\u011f\u0131m.<\/p>\n\n\n\n<p class=\"wp-block-paragraph\">Allah yard\u0131mc\u0131m\u0131z, yolumuz her daim a\u00e7\u0131k olsun.<\/p>\n<\/blockquote>\n","protected":false},"excerpt":{"rendered":"<p>Tekirda\u011f B\u00fcy\u00fck\u015fehir Belediye Ba\u015fkan\u0131 Candan Y\u00fcceer, 18 y\u0131ld\u0131r \u00fcyesi oldu\u011fu ve farkl\u0131 kademelerinde g\u00f6rev yapt\u0131\u011f\u0131<\/p>\n","protected":false},"author":1,"featured_media":5456,"comment_status":"open","ping_status":"open","sticky":false,"template":"","format":"standard","meta":{"_rtcl_gb_attr":"","footnotes":""},"categories":[44],"tags":[],"class_list":["post-5455","post","type-post","status-publish","format-standard","has-post-thumbnail","hentry","category-politika"],"_links":{"self":[{"href":"https:\/\/turkiyemhaber.com\/index.php?rest_route=\/wp\/v2\/posts\/5455","targetHints":{"allow":["GET"]}}],"collection":[{"href":"https:\/\/turkiyemhaber.com\/index.php?rest_route=\/wp\/v2\/posts"}],"about":[{"href":"https:\/\/turkiyemhaber.com\/index.php?rest_route=\/wp\/v2\/types\/post"}],"author":[{"embeddable":true,"href":"https:\/\/turkiyemhaber.com\/index.php?rest_route=\/wp\/v2\/users\/1"}],"replies":[{"embeddable":true,"href":"https:\/\/turkiyemhaber.com\/index.php?rest_route=%2Fwp%2Fv2%2Fcomments&post=5455"}],"version-history":[{"count":1,"href":"https:\/\/turkiyemhaber.com\/index.php?rest_route=\/wp\/v2\/posts\/5455\/revisions"}],"predecessor-version":[{"id":5457,"href":"https:\/\/turkiyemhaber.com\/index.php?rest_route=\/wp\/v2\/posts\/5455\/revisions\/5457"}],"wp:featuredmedia":[{"embeddable":true,"href":"https:\/\/turkiyemhaber.com\/index.php?rest_route=\/wp\/v2\/media\/5456"}],"wp:attachment":[{"href":"https:\/\/turkiyemhaber.com\/index.php?rest_route=%2Fwp%2Fv2%2Fmedia&parent=5455"}],"wp:term":[{"taxonomy":"category","embeddable":true,"href":"https:\/\/turkiyemhaber.com\/index.php?rest_route=%2Fwp%2Fv2%2Fcategories&post=5455"},{"taxonomy":"post_tag","embeddable":true,"href":"https:\/\/turkiyemhaber.com\/index.php?rest_route=%2Fwp%2Fv2%2Ftags&post=5455"}],"curies":[{"name":"wp","href":"https:\/\/api.w.org\/{rel}","templated":true}]}}