{"id":5451,"date":"2026-08-24T17:01:33","date_gmt":"2026-08-24T17:01:33","guid":{"rendered":"https:\/\/turkiyemhaber.com\/?p=5451"},"modified":"2026-08-24T17:01:38","modified_gmt":"2026-08-24T17:01:38","slug":"ataturke-saygi-konseri-tekirdagda-duzenlendi","status":"publish","type":"post","link":"https:\/\/turkiyemhaber.com\/?p=5451","title":{"rendered":"Atat\u00fcrk&#8217;e Sayg\u0131 Konseri Tekirda\u011f&#8217;da D\u00fczenlendi"},"content":{"rendered":"\n<p class=\"wp-block-paragraph\">Gazi Mustafa Kemal Atat\u00fcrk&#8217;\u00fcn 23 A\u011fustos 1928&#8217;de Tekirda\u011f&#8217;\u0131 ziyaret ederek Harf \u0130nk\u0131lab\u0131&#8217;n\u0131n uygulanmas\u0131na \u00f6nc\u00fcl\u00fck etmesinin 98. y\u0131l d\u00f6n\u00fcm\u00fc dolay\u0131s\u0131yla kentte &#8220;Ata&#8217;ya Sayg\u0131 Konseri&#8221; d\u00fczenlendi.<\/p>\n\n\n\n<p class=\"wp-block-paragraph\">Yahya Kemal Beyatl\u0131 K\u00fclt\u00fcr Merkezi&#8217;nde ger\u00e7ekle\u015ftirilen konser, sanatseverlerden yo\u011fun ilgi g\u00f6rd\u00fc.<\/p>\n\n\n\n<h2 class=\"wp-block-heading\">T\u00dcRK MUS\u0130K\u0130S\u0130N\u0130N SE\u00c7K\u0130N ESERLER\u0130 SESLEND\u0130R\u0130LD\u0130<\/h2>\n\n\n\n<p class=\"wp-block-paragraph\">Tekirda\u011f Musiki Derne\u011fi Nevzat Avc\u0131 Korosu taraf\u0131ndan haz\u0131rlanan konser program\u0131 \u00fc\u00e7 b\u00f6l\u00fcmden olu\u015ftu.<\/p>\n\n\n\n<p class=\"wp-block-paragraph\">Konserde T\u00fcrk musikisinin sevilen eserleri koro ve solo performanslarla izleyicilerin be\u011fenisine sunuldu. &#8220;K\u0131rm\u0131z\u0131 G\u00fcl\u00fcn Ad\u0131 Var&#8221;, &#8220;Esteron Kalesi&#8221;, &#8220;Vardar Ovas\u0131&#8221; ve &#8220;Ah Bir Ata\u015f Ver&#8221; gibi eserler de programda yer ald\u0131.<\/p>\n\n\n\n<h2 class=\"wp-block-heading\">VATANDA\u015eLARDAN YO\u011eUN \u0130LG\u0130<\/h2>\n\n\n\n<p class=\"wp-block-paragraph\">Konser boyunca salondaki vatanda\u015flar seslendirilen eserlere e\u015flik etti. Sanatseverler, program\u0131n sonunda sanat\u00e7\u0131lar\u0131 alk\u0131\u015flarla tebrik etti.<\/p>\n\n\n\n<h2 class=\"wp-block-heading\">PROTOKOL VE VATANDA\u015eLAR KATILDI<\/h2>\n\n\n\n<p class=\"wp-block-paragraph\">Programa Tekirda\u011f Milletvekili Nurten Yontar, Vali Yard\u0131mc\u0131s\u0131 G\u00fcnay \u00d6zt\u00fcrk, \u0130l K\u00fclt\u00fcr ve Turizm M\u00fcd\u00fcr\u00fc \u00d6mer Faruk Karak\u00fc\u00e7\u00fck, Nam\u0131k Kemal Evi Derne\u011fi Ba\u015fkan\u0131 Sezai Kurt ve \u00e7ok say\u0131da vatanda\u015f kat\u0131ld\u0131.<\/p>\n\n\n\n<p class=\"wp-block-paragraph\">Konser, Atat\u00fcrk&#8217;\u00fcn Tekirda\u011f ziyareti ve Harf \u0130nk\u0131lab\u0131 a\u00e7\u0131s\u0131ndan kent i\u00e7in ta\u015f\u0131d\u0131\u011f\u0131 tarihi \u00f6nemin bir kez daha hat\u0131rlanmas\u0131na vesile oldu.<\/p>\n","protected":false},"excerpt":{"rendered":"<p>Gazi Mustafa Kemal Atat\u00fcrk&#8217;\u00fcn 23 A\u011fustos 1928&#8217;de Tekirda\u011f&#8217;\u0131 ziyaret ederek Harf \u0130nk\u0131lab\u0131&#8217;n\u0131n uygulanmas\u0131na \u00f6nc\u00fcl\u00fck etmesinin<\/p>\n","protected":false},"author":1,"featured_media":5452,"comment_status":"open","ping_status":"open","sticky":false,"template":"","format":"standard","meta":{"_rtcl_gb_attr":"","footnotes":""},"categories":[42,74],"tags":[],"class_list":["post-5451","post","type-post","status-publish","format-standard","has-post-thumbnail","hentry","category-kultur-ve-sanat","category-yerel-haberler"],"_links":{"self":[{"href":"https:\/\/turkiyemhaber.com\/index.php?rest_route=\/wp\/v2\/posts\/5451","targetHints":{"allow":["GET"]}}],"collection":[{"href":"https:\/\/turkiyemhaber.com\/index.php?rest_route=\/wp\/v2\/posts"}],"about":[{"href":"https:\/\/turkiyemhaber.com\/index.php?rest_route=\/wp\/v2\/types\/post"}],"author":[{"embeddable":true,"href":"https:\/\/turkiyemhaber.com\/index.php?rest_route=\/wp\/v2\/users\/1"}],"replies":[{"embeddable":true,"href":"https:\/\/turkiyemhaber.com\/index.php?rest_route=%2Fwp%2Fv2%2Fcomments&post=5451"}],"version-history":[{"count":1,"href":"https:\/\/turkiyemhaber.com\/index.php?rest_route=\/wp\/v2\/posts\/5451\/revisions"}],"predecessor-version":[{"id":5453,"href":"https:\/\/turkiyemhaber.com\/index.php?rest_route=\/wp\/v2\/posts\/5451\/revisions\/5453"}],"wp:featuredmedia":[{"embeddable":true,"href":"https:\/\/turkiyemhaber.com\/index.php?rest_route=\/wp\/v2\/media\/5452"}],"wp:attachment":[{"href":"https:\/\/turkiyemhaber.com\/index.php?rest_route=%2Fwp%2Fv2%2Fmedia&parent=5451"}],"wp:term":[{"taxonomy":"category","embeddable":true,"href":"https:\/\/turkiyemhaber.com\/index.php?rest_route=%2Fwp%2Fv2%2Fcategories&post=5451"},{"taxonomy":"post_tag","embeddable":true,"href":"https:\/\/turkiyemhaber.com\/index.php?rest_route=%2Fwp%2Fv2%2Ftags&post=5451"}],"curies":[{"name":"wp","href":"https:\/\/api.w.org\/{rel}","templated":true}]}}