{"id":5445,"date":"2026-08-24T16:55:32","date_gmt":"2026-08-24T16:55:32","guid":{"rendered":"https:\/\/turkiyemhaber.com\/?p=5445"},"modified":"2026-08-24T16:55:38","modified_gmt":"2026-08-24T16:55:38","slug":"balcova-belediye-baskani-onur-yigit-goreve-iade-edildi","status":"publish","type":"post","link":"https:\/\/turkiyemhaber.com\/?p=5445","title":{"rendered":"Bal\u00e7ova Belediye Ba\u015fkan\u0131 Onur Yi\u011fit G\u00f6reve \u0130ade Edildi"},"content":{"rendered":"\n<p class=\"wp-block-paragraph\">\u0130\u00e7i\u015fleri Bakanl\u0131\u011f\u0131, y\u00fcr\u00fct\u00fclen soru\u015fturma kapsam\u0131nda 3 Temmuz&#8217;da ge\u00e7ici tedbirle g\u00f6revden uzakla\u015ft\u0131r\u0131lan Bal\u00e7ova Belediye Ba\u015fkan\u0131 Onur Yi\u011fit&#8217;in g\u00f6revine iade edildi\u011fini a\u00e7\u0131klad\u0131.<\/p>\n\n\n\n<p class=\"wp-block-paragraph\">Bakanl\u0131\u011f\u0131n yapt\u0131\u011f\u0131 a\u00e7\u0131klamada, yarg\u0131 s\u00fcrecinde ya\u015fanan son geli\u015fmelerin ard\u0131ndan Yi\u011fit&#8217;in yeniden g\u00f6revine d\u00f6nmesinin \u00f6n\u00fcn\u00fcn a\u00e7\u0131ld\u0131\u011f\u0131 belirtildi.<\/p>\n\n\n\n<h2 class=\"wp-block-heading\">Adli Kontrol Karar\u0131 Verilmi\u015fti<\/h2>\n\n\n\n<p class=\"wp-block-paragraph\">Seferihisar Sulh Ceza Hakimli\u011fi&#8217;nin 22 Temmuz 2026 tarihli karar\u0131 kapsam\u0131nda Onur Yi\u011fit hakk\u0131nda adli kontrol tedbirleri uygulanmas\u0131na karar verilmi\u015fti.<\/p>\n\n\n\n<p class=\"wp-block-paragraph\">Bu kapsamda Yi\u011fit hakk\u0131nda yurt d\u0131\u015f\u0131na \u00e7\u0131k\u0131\u015f yasa\u011f\u0131 ve ikametine en yak\u0131n kolluk birimine d\u00fczenli olarak imza verme \u015fart\u0131 getirildi.<\/p>\n\n\n\n<h2 class=\"wp-block-heading\">G\u00f6revine \u0130ade Edildi<\/h2>\n\n\n\n<p class=\"wp-block-paragraph\">Adli kontrol kararlar\u0131n\u0131n ard\u0131ndan \u0130\u00e7i\u015fleri Bakanl\u0131\u011f\u0131 taraf\u0131ndan Anayasa&#8217;n\u0131n 127&#8217;nci maddesi kapsam\u0131nda yap\u0131lan de\u011ferlendirme sonucunda Onur Yi\u011fit&#8217;in g\u00f6revine iade edilmesine karar verildi.<\/p>\n\n\n\n<p class=\"wp-block-paragraph\">B\u00f6ylece 3 Temmuz&#8217;da ge\u00e7ici tedbirle g\u00f6revinden uzakla\u015ft\u0131r\u0131lan Yi\u011fit, Bal\u00e7ova Belediye Ba\u015fkanl\u0131\u011f\u0131 g\u00f6revine yeniden d\u00f6nd\u00fc.<\/p>\n\n\n\n<h2 class=\"wp-block-heading\">Soru\u015fturmada Ne Olmu\u015ftu?<\/h2>\n\n\n\n<p class=\"wp-block-paragraph\">Seferihisar Belediyesi&#8217;ne y\u00f6nelik y\u00fcr\u00fct\u00fclen r\u00fc\u015fvet soru\u015fturmas\u0131 kapsam\u0131nda 26 Haziran&#8217;da aralar\u0131nda Seferihisar Belediye Ba\u015fkan\u0131 \u0130smail Yeti\u015fkin, Bal\u00e7ova Belediye Ba\u015fkan\u0131 Onur Yi\u011fit ile baz\u0131 belediye ba\u015fkan yard\u0131mc\u0131lar\u0131 ve meclis \u00fcyelerinin de bulundu\u011fu 26 ki\u015fi hakk\u0131nda g\u00f6zalt\u0131 karar\u0131 verilmi\u015fti.<\/p>\n\n\n\n<p class=\"wp-block-paragraph\">Soru\u015fturma kapsam\u0131nda Yi\u011fit hakk\u0131nda daha \u00f6nce konutu terk etmeme \u015feklinde adli kontrol tedbiri uygulanm\u0131\u015f, 22 Temmuz&#8217;da ise ev hapsi karar\u0131 kald\u0131r\u0131lm\u0131\u015ft\u0131.<\/p>\n\n\n\n<p class=\"wp-block-paragraph\">G\u00f6reve iade karar\u0131yla birlikte Onur Yi\u011fit&#8217;in belediye ba\u015fkanl\u0131\u011f\u0131 g\u00f6revi yeniden aktif hale geldi.<\/p>\n","protected":false},"excerpt":{"rendered":"<p>\u0130\u00e7i\u015fleri Bakanl\u0131\u011f\u0131, y\u00fcr\u00fct\u00fclen soru\u015fturma kapsam\u0131nda 3 Temmuz&#8217;da ge\u00e7ici tedbirle g\u00f6revden uzakla\u015ft\u0131r\u0131lan Bal\u00e7ova Belediye Ba\u015fkan\u0131 Onur<\/p>\n","protected":false},"author":1,"featured_media":5446,"comment_status":"open","ping_status":"open","sticky":false,"template":"","format":"standard","meta":{"_rtcl_gb_attr":"","footnotes":""},"categories":[44],"tags":[],"class_list":["post-5445","post","type-post","status-publish","format-standard","has-post-thumbnail","hentry","category-politika"],"_links":{"self":[{"href":"https:\/\/turkiyemhaber.com\/index.php?rest_route=\/wp\/v2\/posts\/5445","targetHints":{"allow":["GET"]}}],"collection":[{"href":"https:\/\/turkiyemhaber.com\/index.php?rest_route=\/wp\/v2\/posts"}],"about":[{"href":"https:\/\/turkiyemhaber.com\/index.php?rest_route=\/wp\/v2\/types\/post"}],"author":[{"embeddable":true,"href":"https:\/\/turkiyemhaber.com\/index.php?rest_route=\/wp\/v2\/users\/1"}],"replies":[{"embeddable":true,"href":"https:\/\/turkiyemhaber.com\/index.php?rest_route=%2Fwp%2Fv2%2Fcomments&post=5445"}],"version-history":[{"count":1,"href":"https:\/\/turkiyemhaber.com\/index.php?rest_route=\/wp\/v2\/posts\/5445\/revisions"}],"predecessor-version":[{"id":5447,"href":"https:\/\/turkiyemhaber.com\/index.php?rest_route=\/wp\/v2\/posts\/5445\/revisions\/5447"}],"wp:featuredmedia":[{"embeddable":true,"href":"https:\/\/turkiyemhaber.com\/index.php?rest_route=\/wp\/v2\/media\/5446"}],"wp:attachment":[{"href":"https:\/\/turkiyemhaber.com\/index.php?rest_route=%2Fwp%2Fv2%2Fmedia&parent=5445"}],"wp:term":[{"taxonomy":"category","embeddable":true,"href":"https:\/\/turkiyemhaber.com\/index.php?rest_route=%2Fwp%2Fv2%2Fcategories&post=5445"},{"taxonomy":"post_tag","embeddable":true,"href":"https:\/\/turkiyemhaber.com\/index.php?rest_route=%2Fwp%2Fv2%2Ftags&post=5445"}],"curies":[{"name":"wp","href":"https:\/\/api.w.org\/{rel}","templated":true}]}}