{"id":5439,"date":"2026-08-24T16:48:55","date_gmt":"2026-08-24T16:48:55","guid":{"rendered":"https:\/\/turkiyemhaber.com\/?p=5439"},"modified":"2026-08-24T16:49:00","modified_gmt":"2026-08-24T16:49:00","slug":"tekirdagda-geri-donusum-tesisinde-korkutan-yangin-4-ev-ve-otomobil-yandi","status":"publish","type":"post","link":"https:\/\/turkiyemhaber.com\/?p=5439","title":{"rendered":"Tekirda\u011f&#8217;da Geri D\u00f6n\u00fc\u015f\u00fcm Tesisinde Korkutan Yang\u0131n: 4 Ev ve Otomobil Yand\u0131"},"content":{"rendered":"\n<p class=\"wp-block-paragraph\">Tekirda\u011f&#8217;\u0131n \u00c7erkezk\u00f6y il\u00e7esinde bir geri d\u00f6n\u00fc\u015f\u00fcm tesisinde \u00e7\u0131kan yang\u0131n k\u0131sa s\u00fcrede b\u00fcy\u00fcd\u00fc. At\u0131k lastik ve paletlerin alevleri h\u0131zla yaymas\u0131yla geni\u015f bir alana yay\u0131lan yang\u0131n, itfaiye ekiplerinin yakla\u015f\u0131k 3 saatlik m\u00fcdahalesiyle kontrol alt\u0131na al\u0131nd\u0131.<\/p>\n\n\n\n<p class=\"wp-block-paragraph\">Yang\u0131nda tesis i\u00e7erisinde bulunan 4 m\u00fcstakil ev ile 1 otomobil kullan\u0131lamaz hale geldi.<\/p>\n\n\n\n<figure class=\"wp-block-image size-full\"><img loading=\"lazy\" decoding=\"async\" width=\"640\" height=\"344\" src=\"https:\/\/turkiyemhaber.com\/wp-content\/uploads\/2026\/08\/tekirdagda-geri-donusum-tesisi-20169998-4348_1_m.webp\" alt=\"\" class=\"wp-image-5441\" srcset=\"https:\/\/turkiyemhaber.com\/wp-content\/uploads\/2026\/08\/tekirdagda-geri-donusum-tesisi-20169998-4348_1_m.webp 640w, https:\/\/turkiyemhaber.com\/wp-content\/uploads\/2026\/08\/tekirdagda-geri-donusum-tesisi-20169998-4348_1_m-300x161.webp 300w, https:\/\/turkiyemhaber.com\/wp-content\/uploads\/2026\/08\/tekirdagda-geri-donusum-tesisi-20169998-4348_1_m-18x10.webp 18w\" sizes=\"auto, (max-width: 640px) 100vw, 640px\" \/><\/figure>\n\n\n\n<h2 class=\"wp-block-heading\">YANGIN ATIK LAST\u0130KLER\u0130N BULUNDU\u011eU B\u00d6L\u00dcMDE \u00c7IKTI<\/h2>\n\n\n\n<p class=\"wp-block-paragraph\">Yang\u0131n, K\u0131z\u0131lp\u0131nar Mahallesi D\u00f6rtevler mevkisindeki geri d\u00f6n\u00fc\u015f\u00fcm tesisinde saat 17.30 s\u0131ralar\u0131nda ba\u015flad\u0131.<\/p>\n\n\n\n<p class=\"wp-block-paragraph\">Hen\u00fcz belirlenemeyen nedenle at\u0131k lastiklerin bulundu\u011fu b\u00f6l\u00fcmde ba\u015flayan yang\u0131n, k\u0131sa s\u00fcrede \u00e7evreye yay\u0131ld\u0131. Alevlerin y\u00fckselmesiyle olu\u015fan yo\u011fun siyah duman, \u00e7evre il\u00e7elerden de g\u00f6r\u00fcld\u00fc.<\/p>\n\n\n\n<p class=\"wp-block-paragraph\">\u0130hbar \u00fczerine \u00c7erkezk\u00f6y ve \u00e7evre il\u00e7elerden \u00e7ok say\u0131da itfaiye ekibi b\u00f6lgeye sevk edildi.<\/p>\n\n\n\n<figure class=\"wp-block-image size-full\"><img loading=\"lazy\" decoding=\"async\" width=\"640\" height=\"371\" src=\"https:\/\/turkiyemhaber.com\/wp-content\/uploads\/2026\/08\/tekirdagda-geri-donusum-tesisi-20169998-1881_1_m.webp\" alt=\"\" class=\"wp-image-5442\" srcset=\"https:\/\/turkiyemhaber.com\/wp-content\/uploads\/2026\/08\/tekirdagda-geri-donusum-tesisi-20169998-1881_1_m.webp 640w, https:\/\/turkiyemhaber.com\/wp-content\/uploads\/2026\/08\/tekirdagda-geri-donusum-tesisi-20169998-1881_1_m-300x174.webp 300w, https:\/\/turkiyemhaber.com\/wp-content\/uploads\/2026\/08\/tekirdagda-geri-donusum-tesisi-20169998-1881_1_m-18x10.webp 18w\" sizes=\"auto, (max-width: 640px) 100vw, 640px\" \/><\/figure>\n\n\n\n<h2 class=\"wp-block-heading\">TAKV\u0130YE EK\u0130PLER SEVK ED\u0130LD\u0130<\/h2>\n\n\n\n<p class=\"wp-block-paragraph\">At\u0131k lastik ve paletlerin yo\u011funlu\u011fu nedeniyle s\u00f6nd\u00fcrme \u00e7al\u0131\u015fmalar\u0131 g\u00fc\u00e7l\u00fckle y\u00fcr\u00fct\u00fcld\u00fc. Yang\u0131n\u0131n b\u00fcy\u00fcmesi \u00fczerine Avrupa Serbest B\u00f6lgesi&#8217;nden de itfaiye ekipleri \u00e7al\u0131\u015fmalara destek verdi.<\/p>\n\n\n\n<p class=\"wp-block-paragraph\">Ekipler, alevlerin tesisin di\u011fer b\u00f6l\u00fcmlerine ve \u00e7evredeki alanlara s\u0131\u00e7ramamas\u0131 i\u00e7in yo\u011fun \u00e7aba harcad\u0131.<\/p>\n\n\n\n<p class=\"wp-block-paragraph\">\u00c7evrede bulunan baz\u0131 vatanda\u015flar da trakt\u00f6r ve tankerlerle su ta\u015f\u0131yarak s\u00f6nd\u00fcrme \u00e7al\u0131\u015fmalar\u0131na destek oldu.<\/p>\n\n\n\n<figure class=\"wp-block-image size-full\"><img loading=\"lazy\" decoding=\"async\" width=\"640\" height=\"277\" src=\"https:\/\/turkiyemhaber.com\/wp-content\/uploads\/2026\/08\/tekirdagda-geri-donusum-tesisi-20169998-4774_1_m.webp\" alt=\"\" class=\"wp-image-5443\" srcset=\"https:\/\/turkiyemhaber.com\/wp-content\/uploads\/2026\/08\/tekirdagda-geri-donusum-tesisi-20169998-4774_1_m.webp 640w, https:\/\/turkiyemhaber.com\/wp-content\/uploads\/2026\/08\/tekirdagda-geri-donusum-tesisi-20169998-4774_1_m-18x8.webp 18w, https:\/\/turkiyemhaber.com\/wp-content\/uploads\/2026\/08\/tekirdagda-geri-donusum-tesisi-20169998-4774_1_m-300x130.webp 300w\" sizes=\"auto, (max-width: 640px) 100vw, 640px\" \/><\/figure>\n\n\n\n<h2 class=\"wp-block-heading\">4 EV VE 1 OTOMOB\u0130L KULLANILAMAZ HALE GELD\u0130<\/h2>\n\n\n\n<p class=\"wp-block-paragraph\">Yakla\u015f\u0131k 3 saat s\u00fcren m\u00fcdahalenin ard\u0131ndan yang\u0131n kontrol alt\u0131na al\u0131nd\u0131. Ancak alevlerin tesis i\u00e7erisindeki yap\u0131lara s\u0131\u00e7ramas\u0131 sonucu 4 m\u00fcstakil ev ile 1 otomobil kullan\u0131lamaz hale geldi.<\/p>\n\n\n\n<p class=\"wp-block-paragraph\">Yang\u0131n\u0131n kesin \u00e7\u0131k\u0131\u015f nedeninin belirlenmesi amac\u0131yla inceleme ba\u015flat\u0131ld\u0131.<\/p>\n","protected":false},"excerpt":{"rendered":"<p>Tekirda\u011f&#8217;\u0131n \u00c7erkezk\u00f6y il\u00e7esinde bir geri d\u00f6n\u00fc\u015f\u00fcm tesisinde \u00e7\u0131kan yang\u0131n k\u0131sa s\u00fcrede b\u00fcy\u00fcd\u00fc. At\u0131k lastik ve<\/p>\n","protected":false},"author":1,"featured_media":5440,"comment_status":"open","ping_status":"open","sticky":false,"template":"","format":"standard","meta":{"_rtcl_gb_attr":"","footnotes":""},"categories":[74],"tags":[],"class_list":["post-5439","post","type-post","status-publish","format-standard","has-post-thumbnail","hentry","category-yerel-haberler"],"_links":{"self":[{"href":"https:\/\/turkiyemhaber.com\/index.php?rest_route=\/wp\/v2\/posts\/5439","targetHints":{"allow":["GET"]}}],"collection":[{"href":"https:\/\/turkiyemhaber.com\/index.php?rest_route=\/wp\/v2\/posts"}],"about":[{"href":"https:\/\/turkiyemhaber.com\/index.php?rest_route=\/wp\/v2\/types\/post"}],"author":[{"embeddable":true,"href":"https:\/\/turkiyemhaber.com\/index.php?rest_route=\/wp\/v2\/users\/1"}],"replies":[{"embeddable":true,"href":"https:\/\/turkiyemhaber.com\/index.php?rest_route=%2Fwp%2Fv2%2Fcomments&post=5439"}],"version-history":[{"count":1,"href":"https:\/\/turkiyemhaber.com\/index.php?rest_route=\/wp\/v2\/posts\/5439\/revisions"}],"predecessor-version":[{"id":5444,"href":"https:\/\/turkiyemhaber.com\/index.php?rest_route=\/wp\/v2\/posts\/5439\/revisions\/5444"}],"wp:featuredmedia":[{"embeddable":true,"href":"https:\/\/turkiyemhaber.com\/index.php?rest_route=\/wp\/v2\/media\/5440"}],"wp:attachment":[{"href":"https:\/\/turkiyemhaber.com\/index.php?rest_route=%2Fwp%2Fv2%2Fmedia&parent=5439"}],"wp:term":[{"taxonomy":"category","embeddable":true,"href":"https:\/\/turkiyemhaber.com\/index.php?rest_route=%2Fwp%2Fv2%2Fcategories&post=5439"},{"taxonomy":"post_tag","embeddable":true,"href":"https:\/\/turkiyemhaber.com\/index.php?rest_route=%2Fwp%2Fv2%2Ftags&post=5439"}],"curies":[{"name":"wp","href":"https:\/\/api.w.org\/{rel}","templated":true}]}}