{"id":5436,"date":"2026-08-24T16:44:27","date_gmt":"2026-08-24T16:44:27","guid":{"rendered":"https:\/\/turkiyemhaber.com\/?p=5436"},"modified":"2026-08-24T16:44:32","modified_gmt":"2026-08-24T16:44:32","slug":"muratlida-aniz-yangini-sonduruldu","status":"publish","type":"post","link":"https:\/\/turkiyemhaber.com\/?p=5436","title":{"rendered":"Muratl\u0131&#8217;da An\u0131z Yang\u0131n\u0131 S\u00f6nd\u00fcr\u00fcld\u00fc"},"content":{"rendered":"\n<p class=\"wp-block-paragraph\">Tekirda\u011f&#8217;\u0131n Muratl\u0131 il\u00e7esine ba\u011fl\u0131 Ayd\u0131nk\u00f6y Mahallesi&#8217;nde \u00e7\u0131kan an\u0131z yang\u0131n\u0131, r\u00fczgar\u0131n etkisiyle k\u0131sa s\u00fcrede yay\u0131ld\u0131. \u0130tfaiye ekipleri ve vatanda\u015flar\u0131n m\u00fcdahalesiyle yang\u0131n, yak\u0131ndaki ay\u00e7i\u00e7e\u011fi tarlas\u0131na s\u0131\u00e7ramadan kontrol alt\u0131na al\u0131nd\u0131.<\/p>\n\n\n\n<h2 class=\"wp-block-heading\">R\u00dcZGAR ALEVLER\u0130 HIZLA YAYDI<\/h2>\n\n\n\n<p class=\"wp-block-paragraph\">Hen\u00fcz belirlenemeyen bir nedenle ba\u015flayan an\u0131z yang\u0131n\u0131, r\u00fczgar\u0131n etkisiyle b\u00fcy\u00fcyerek \u00e7evreye yay\u0131ld\u0131.<\/p>\n\n\n\n<p class=\"wp-block-paragraph\">Alevlerin yak\u0131n\u0131ndaki ay\u00e7i\u00e7e\u011fi tarlas\u0131na do\u011fru ilerledi\u011fini g\u00f6ren vatanda\u015flar durumu itfaiye ekiplerine bildirdi.<\/p>\n\n\n\n<h2 class=\"wp-block-heading\">AY\u00c7\u0130\u00c7E\u011e\u0130 TARLASINA SI\u00c7RAMADAN S\u00d6ND\u00dcR\u00dcLD\u00dc<\/h2>\n\n\n\n<p class=\"wp-block-paragraph\">\u0130hbar \u00fczerine b\u00f6lgeye sevk edilen itfaiye ekipleri, vatanda\u015flar\u0131n da deste\u011fiyle yang\u0131na m\u00fcdahale etti.<\/p>\n\n\n\n<p class=\"wp-block-paragraph\">Ekiplerin \u00e7al\u0131\u015fmas\u0131 sonucunda alevler ay\u00e7i\u00e7e\u011fi tarlas\u0131na ula\u015fmadan kontrol alt\u0131na al\u0131nd\u0131. Yang\u0131n\u0131n ard\u0131ndan b\u00f6lgede so\u011futma \u00e7al\u0131\u015fmas\u0131 ger\u00e7ekle\u015ftirildi.<\/p>\n\n\n\n<p class=\"wp-block-paragraph\">Yang\u0131n\u0131n \u00e7\u0131k\u0131\u015f nedeninin belirlenmesi i\u00e7in inceleme ba\u015flat\u0131ld\u0131.<\/p>\n","protected":false},"excerpt":{"rendered":"<p>Tekirda\u011f&#8217;\u0131n Muratl\u0131 il\u00e7esine ba\u011fl\u0131 Ayd\u0131nk\u00f6y Mahallesi&#8217;nde \u00e7\u0131kan an\u0131z yang\u0131n\u0131, r\u00fczgar\u0131n etkisiyle k\u0131sa s\u00fcrede yay\u0131ld\u0131. \u0130tfaiye<\/p>\n","protected":false},"author":1,"featured_media":5437,"comment_status":"open","ping_status":"open","sticky":false,"template":"","format":"standard","meta":{"_rtcl_gb_attr":"","footnotes":""},"categories":[74],"tags":[],"class_list":["post-5436","post","type-post","status-publish","format-standard","has-post-thumbnail","hentry","category-yerel-haberler"],"_links":{"self":[{"href":"https:\/\/turkiyemhaber.com\/index.php?rest_route=\/wp\/v2\/posts\/5436","targetHints":{"allow":["GET"]}}],"collection":[{"href":"https:\/\/turkiyemhaber.com\/index.php?rest_route=\/wp\/v2\/posts"}],"about":[{"href":"https:\/\/turkiyemhaber.com\/index.php?rest_route=\/wp\/v2\/types\/post"}],"author":[{"embeddable":true,"href":"https:\/\/turkiyemhaber.com\/index.php?rest_route=\/wp\/v2\/users\/1"}],"replies":[{"embeddable":true,"href":"https:\/\/turkiyemhaber.com\/index.php?rest_route=%2Fwp%2Fv2%2Fcomments&post=5436"}],"version-history":[{"count":1,"href":"https:\/\/turkiyemhaber.com\/index.php?rest_route=\/wp\/v2\/posts\/5436\/revisions"}],"predecessor-version":[{"id":5438,"href":"https:\/\/turkiyemhaber.com\/index.php?rest_route=\/wp\/v2\/posts\/5436\/revisions\/5438"}],"wp:featuredmedia":[{"embeddable":true,"href":"https:\/\/turkiyemhaber.com\/index.php?rest_route=\/wp\/v2\/media\/5437"}],"wp:attachment":[{"href":"https:\/\/turkiyemhaber.com\/index.php?rest_route=%2Fwp%2Fv2%2Fmedia&parent=5436"}],"wp:term":[{"taxonomy":"category","embeddable":true,"href":"https:\/\/turkiyemhaber.com\/index.php?rest_route=%2Fwp%2Fv2%2Fcategories&post=5436"},{"taxonomy":"post_tag","embeddable":true,"href":"https:\/\/turkiyemhaber.com\/index.php?rest_route=%2Fwp%2Fv2%2Ftags&post=5436"}],"curies":[{"name":"wp","href":"https:\/\/api.w.org\/{rel}","templated":true}]}}