{"id":5431,"date":"2026-08-24T16:41:05","date_gmt":"2026-08-24T16:41:05","guid":{"rendered":"https:\/\/turkiyemhaber.com\/?p=5431"},"modified":"2026-08-24T16:41:10","modified_gmt":"2026-08-24T16:41:10","slug":"ebru-salli-tatilde-de-bos-durmadi-spor-salonunu-denize-tasidi","status":"publish","type":"post","link":"https:\/\/turkiyemhaber.com\/?p=5431","title":{"rendered":"Ebru \u015eall\u0131 Tatilde de Bo\u015f Durmad\u0131! Spor Salonunu Denize Ta\u015f\u0131d\u0131"},"content":{"rendered":"\n<p class=\"wp-block-paragraph\">Tatilini Bodrum&#8217;da ge\u00e7iren 49 ya\u015f\u0131ndaki model ve sunucu Ebru \u015eall\u0131, spor rutinine denizin ortas\u0131nda da devam etti. \u015eall\u0131&#8217;n\u0131n s\u00f6rf tahtas\u0131 \u00fczerinde yapt\u0131\u011f\u0131 pilates hareketleri dikkat \u00e7ekti.<\/p>\n\n\n\n<p class=\"wp-block-paragraph\">Y\u0131llard\u0131r pilates ve sa\u011fl\u0131kl\u0131 ya\u015fam alan\u0131ndaki \u00e7al\u0131\u015fmalar\u0131yla tan\u0131nan \u015eall\u0131, tatilde dinlenmek yerine spor yapmay\u0131 tercih etti.<\/p>\n\n\n\n<figure class=\"wp-block-image size-full\"><img loading=\"lazy\" decoding=\"async\" width=\"640\" height=\"821\" src=\"https:\/\/turkiyemhaber.com\/wp-content\/uploads\/2026\/08\/ebru-salli-tatilde-de-bos-durm-72096497-4678_1_m.webp\" alt=\"\" class=\"wp-image-5432\" srcset=\"https:\/\/turkiyemhaber.com\/wp-content\/uploads\/2026\/08\/ebru-salli-tatilde-de-bos-durm-72096497-4678_1_m.webp 640w, https:\/\/turkiyemhaber.com\/wp-content\/uploads\/2026\/08\/ebru-salli-tatilde-de-bos-durm-72096497-4678_1_m-234x300.webp 234w, https:\/\/turkiyemhaber.com\/wp-content\/uploads\/2026\/08\/ebru-salli-tatilde-de-bos-durm-72096497-4678_1_m-9x12.webp 9w\" sizes=\"auto, (max-width: 640px) 100vw, 640px\" \/><\/figure>\n\n\n\n<h2 class=\"wp-block-heading\">SPORUNU DEN\u0130Z\u0130N ORTASINA TA\u015eIDI<\/h2>\n\n\n\n<p class=\"wp-block-paragraph\">Ebru \u015eall\u0131, s\u00f6rf tahtas\u0131 \u00fczerinde denizin ortas\u0131nda pilates hareketleri yapt\u0131. Tahtan\u0131n s\u00fcrekli hareket etmesine ve dalgalara ra\u011fmen dengesini koruyan \u015eall\u0131, zorlu hareketleri art arda ger\u00e7ekle\u015ftirdi.<\/p>\n\n\n\n<p class=\"wp-block-paragraph\">\u015eall\u0131&#8217;n\u0131n deniz \u00fczerindeki anlar\u0131 \u00e7evrede bulunan tatilcilerin de ilgisini \u00e7ekti.<\/p>\n\n\n\n<figure class=\"wp-block-image size-full\"><img loading=\"lazy\" decoding=\"async\" width=\"640\" height=\"821\" src=\"https:\/\/turkiyemhaber.com\/wp-content\/uploads\/2026\/08\/ebru-salli-tatilde-de-bos-durm-10128673-7440_1_m.webp\" alt=\"\" class=\"wp-image-5433\" srcset=\"https:\/\/turkiyemhaber.com\/wp-content\/uploads\/2026\/08\/ebru-salli-tatilde-de-bos-durm-10128673-7440_1_m.webp 640w, https:\/\/turkiyemhaber.com\/wp-content\/uploads\/2026\/08\/ebru-salli-tatilde-de-bos-durm-10128673-7440_1_m-234x300.webp 234w, https:\/\/turkiyemhaber.com\/wp-content\/uploads\/2026\/08\/ebru-salli-tatilde-de-bos-durm-10128673-7440_1_m-9x12.webp 9w\" sizes=\"auto, (max-width: 640px) 100vw, 640px\" \/><\/figure>\n\n\n\n<h2 class=\"wp-block-heading\">DENGES\u0130YLE D\u0130KKAT \u00c7EKT\u0130<\/h2>\n\n\n\n<p class=\"wp-block-paragraph\">Suyun hareketli yap\u0131s\u0131na ra\u011fmen konsantrasyonunu koruyan Ebru \u015eall\u0131, board \u00fczerinde ger\u00e7ekle\u015ftirdi\u011fi hareketlerle fiziksel dayan\u0131kl\u0131l\u0131\u011f\u0131n\u0131 ve denge becerisini g\u00f6sterdi.<\/p>\n\n\n\n<p class=\"wp-block-paragraph\">Sa\u011fl\u0131kl\u0131 ya\u015fam ve spor rutinini uzun y\u0131llard\u0131r s\u00fcrd\u00fcren \u015eall\u0131, tatil s\u0131ras\u0131nda da antrenmanlar\u0131na ara vermemesiyle dikkat \u00e7ekti.<\/p>\n","protected":false},"excerpt":{"rendered":"<p>Tatilini Bodrum&#8217;da ge\u00e7iren 49 ya\u015f\u0131ndaki model ve sunucu Ebru \u015eall\u0131, spor rutinine denizin ortas\u0131nda da<\/p>\n","protected":false},"author":1,"featured_media":5434,"comment_status":"open","ping_status":"open","sticky":false,"template":"","format":"standard","meta":{"_rtcl_gb_attr":"","footnotes":""},"categories":[41],"tags":[],"class_list":["post-5431","post","type-post","status-publish","format-standard","has-post-thumbnail","hentry","category-magazin"],"_links":{"self":[{"href":"https:\/\/turkiyemhaber.com\/index.php?rest_route=\/wp\/v2\/posts\/5431","targetHints":{"allow":["GET"]}}],"collection":[{"href":"https:\/\/turkiyemhaber.com\/index.php?rest_route=\/wp\/v2\/posts"}],"about":[{"href":"https:\/\/turkiyemhaber.com\/index.php?rest_route=\/wp\/v2\/types\/post"}],"author":[{"embeddable":true,"href":"https:\/\/turkiyemhaber.com\/index.php?rest_route=\/wp\/v2\/users\/1"}],"replies":[{"embeddable":true,"href":"https:\/\/turkiyemhaber.com\/index.php?rest_route=%2Fwp%2Fv2%2Fcomments&post=5431"}],"version-history":[{"count":1,"href":"https:\/\/turkiyemhaber.com\/index.php?rest_route=\/wp\/v2\/posts\/5431\/revisions"}],"predecessor-version":[{"id":5435,"href":"https:\/\/turkiyemhaber.com\/index.php?rest_route=\/wp\/v2\/posts\/5431\/revisions\/5435"}],"wp:featuredmedia":[{"embeddable":true,"href":"https:\/\/turkiyemhaber.com\/index.php?rest_route=\/wp\/v2\/media\/5434"}],"wp:attachment":[{"href":"https:\/\/turkiyemhaber.com\/index.php?rest_route=%2Fwp%2Fv2%2Fmedia&parent=5431"}],"wp:term":[{"taxonomy":"category","embeddable":true,"href":"https:\/\/turkiyemhaber.com\/index.php?rest_route=%2Fwp%2Fv2%2Fcategories&post=5431"},{"taxonomy":"post_tag","embeddable":true,"href":"https:\/\/turkiyemhaber.com\/index.php?rest_route=%2Fwp%2Fv2%2Ftags&post=5431"}],"curies":[{"name":"wp","href":"https:\/\/api.w.org\/{rel}","templated":true}]}}