{"id":543,"date":"2026-05-02T21:02:30","date_gmt":"2026-05-02T21:02:30","guid":{"rendered":"https:\/\/turkiyemhaber.com\/?p=543"},"modified":"2026-05-02T21:02:35","modified_gmt":"2026-05-02T21:02:35","slug":"ticaret-bakani-bolat-cumhuriyet-tarihimizin-en-yuksek-ikinci-aylik-mal-ihracati-rakami-elde-edildi","status":"publish","type":"post","link":"https:\/\/turkiyemhaber.com\/?p=543","title":{"rendered":"Ticaret Bakan\u0131 Bolat: Cumhuriyet tarihimizin en y\u00fcksek ikinci ayl\u0131k mal ihracat\u0131 rakam\u0131 elde edildi"},"content":{"rendered":"\n<p class=\"wp-block-paragraph\">Ticaret Bakan\u0131 \u00d6mer Bolat, nisan ay\u0131nda ihracat\u0131n ge\u00e7en y\u0131l\u0131n ayn\u0131 ay\u0131na g\u00f6re y\u00fczde 22,3 art\u0131\u015fla 25,4 milyar dolara y\u00fckseldi\u011fini belirterek, &#8220;Cumhuriyet tarihimizin en y\u00fcksek ikinci ayl\u0131k mal ihracat\u0131 rakam\u0131 elde edildi.&#8221; dedi.<br><\/p>\n\n\n\n<p class=\"wp-block-paragraph\">Ordu<\/p>\n\n\n\n<p class=\"wp-block-paragraph\">Bolat, T\u00fcrkiye \u0130hracat\u00e7\u0131lar Meclisi (T\u0130M) Ba\u015fkan\u0131 Mustafa G\u00fcltepe ile Ordu \u00dcniversitesi&#8217;nde d\u00fczenledi\u011fi bas\u0131n toplant\u0131s\u0131nda, nisan ay\u0131 d\u0131\u015f ticaret rakamlar\u0131n\u0131 a\u00e7\u0131klad\u0131.<\/p>\n\n\n\n<p class=\"wp-block-paragraph\">Bir\u00e7ok rekorun k\u0131r\u0131ld\u0131\u011f\u0131 harika bir nisan ay\u0131 ihracat tablosu elde ettiklerini ifade eden Bolat, &#8220;Cumhuriyet tarihimizin en y\u00fcksek ikinci ayl\u0131k mal ihracat\u0131 rakam\u0131 elde edildi.&#8221; diye konu\u015ftu.<\/p>\n\n\n\n<p class=\"wp-block-paragraph\">Bakan Bolat \u015funlar\u0131 s\u00f6yledi:<\/p>\n\n\n\n<p class=\"wp-block-paragraph\">\u201cBiliyorsunuz aral\u0131k 2025&#8217;te ihracat\u0131m\u0131z 26,3 milyar dolard\u0131. Ondan bir t\u0131k a\u015fa\u011f\u0131da nisan ay\u0131, ihracat\u00e7\u0131lar\u0131m\u0131z\u0131n \u00e7ok iyi bir performans kaydetti\u011fi ay oldu. Tabii b\u00f6yle olunca t\u00fcm zamanlar\u0131n ikinci ve en y\u00fcksek nisan ihracat\u0131 ger\u00e7ekle\u015ftirildi. Ve iki g\u00fcn \u00f6nce Per\u015fembe g\u00fcn\u00fc de neredeyse 2 milyar dolara yak\u0131n ihracat ile en fazla ihracat yap\u0131lan 4&#8217;\u00fcnc\u00fc g\u00fcn\u00fc ger\u00e7ekle\u015ftirdik. Ve nisan ay\u0131ndaki ihracat art\u0131\u015f\u0131m\u0131z hem oran olarak hem de mutlak de\u011fer olarak son 52 ay\u0131n yani Kas\u0131m 2021&#8217;den bu yana en fazla ihracat art\u0131\u015f\u0131 sa\u011flanan ay oldu. Ve be\u015fincisi de yine \u00e7ok g\u00fczel bir veri. Nisan ay\u0131 itibar\u0131yla son 12 ay y\u0131ll\u0131kland\u0131r\u0131lm\u0131\u015f ihracat\u0131m\u0131z 275,8 milyar dolara ula\u015farak mal ihracat\u0131nda yeni bir rekor k\u0131r\u0131lm\u0131\u015ft\u0131r.\u201d<\/p>\n\n\n\n<figure class=\"wp-block-image\"><img decoding=\"async\" src=\"https:\/\/web-cdnprod.aa.com.tr\/uploads\/Contents\/2026\/05\/02\/69c580ee4bbc4479bcc81971cb552a22.jpg\" alt=\"\"\/><\/figure>\n\n\n\n<h2 class=\"wp-block-heading\">&#8220;Mal ve hizmet ihracat\u0131 nisan itibar\u0131yla y\u0131ll\u0131k bazda 398 milyar dolara y\u00fckseldi&#8221;<\/h2>\n\n\n\n<p class=\"wp-block-paragraph\">Bakan Bolat, ocak ve \u015fubat aylar\u0131nda emtia fiyatlar\u0131nda ya\u015fanan sert y\u00fckseli\u015flere, enerji krizinin tetikledi\u011fi maliyet bask\u0131lar\u0131na ve \u00e7evre co\u011frafyada yakla\u015f\u0131k on iki \u00fclkeyi etkileyen K\u00f6rfez kaynakl\u0131 jeopolitik gerilimlere ra\u011fmen, mal ve hizmet ihracat\u0131n\u0131n nisan itibar\u0131yla y\u0131ll\u0131k bazda 398 milyar dolara y\u00fckseldi\u011fini belirtti.<\/p>\n\n\n\n<p class=\"wp-block-paragraph\">Bolat, nisan ay\u0131 rekorlar\u0131na ek olarak \u015funlar\u0131 s\u00f6yledi:<\/p>\n\n\n\n<p class=\"wp-block-paragraph\">\u201c\u0130hracat\u00e7\u0131lar\u0131m\u0131z\u0131n ve bakanl\u0131\u011f\u0131m\u0131z\u0131n yo\u011fun \u00e7al\u0131\u015fmalar\u0131yla elde edilen nisan ay\u0131 sonu\u00e7lar\u0131 hamdolsun y\u00fcz g\u00fcld\u00fcren sonu\u00e7lar olarak tarihe ge\u00e7ti. Nisan ay\u0131 25,4 milyar dolar olarak ger\u00e7ekle\u015ftirildi. Aral\u0131k ay\u0131ndaki 26,3 milyar dolardan sonra en b\u00fcy\u00fck art\u0131\u015f. Dikkatinizi art\u0131\u015f oran\u0131na \u00e7ekmek istiyorum. Y\u00fczde 22,3 bu art\u0131\u015f\u0131m\u0131z.\u201d<\/p>\n\n\n\n<figure class=\"wp-block-image\"><img decoding=\"async\" src=\"https:\/\/web-cdnprod.aa.com.tr\/uploads\/Contents\/2026\/05\/02\/208bc552d4f3217a649cc6347f7013b2.jpg\" alt=\"\"\/><\/figure>\n\n\n\n<h2 class=\"wp-block-heading\">Son y\u0131llarda be\u015f kere ayl\u0131k rekor k\u0131r\u0131ld\u0131<\/h2>\n\n\n\n<p class=\"wp-block-paragraph\">Bolat, Cumhuriyet tarihinin en y\u00fcksek ayl\u0131k ihracat rakamlar\u0131na dikkati \u00e7ekerek bunlar\u0131n be\u015finin son y\u0131llarda k\u0131r\u0131ld\u0131\u011f\u0131n\u0131 s\u00f6yledi. Bolat, \u015f\u00f6yle konu\u015ftu:<\/p>\n\n\n\n<p class=\"wp-block-paragraph\">&#8220;Ge\u00e7en y\u0131l nisanda 20 milyar 800 milyon dolarken 25,4 milyar dolar olunca nette 4,6 milyar dolar art\u0131\u015f sa\u011flad\u0131k. Bu b\u00fcy\u00fck bir rakam. Cumhuriyet tarihimizin en y\u00fcksek ayl\u0131k ihracat rakamlar\u0131na bakt\u0131\u011f\u0131m\u0131zda, aral\u0131k ay\u0131 26,3 demi\u015ftim. Nisan ay\u0131 25,4, ge\u00e7en y\u0131l temmuz ay\u0131 24,9, May\u0131s 2025 24,8 milyar dolar, May\u0131s 2024 24,2 milyar dolar. Bunlar bizim ayl\u0131k rekorlar\u0131m\u0131zd\u0131. Dikkatinizi \u00e7ekelim. Be\u015f kere rekor, May\u0131s 2024-25, Temmuz 2025, Aral\u0131k 2025 ve \u015fimdi Nisan 2026. \u0130n\u015fallah \u00f6n\u00fcm\u00fczdeki aylarda da bu rekor devam edebilir.&#8221;<\/p>\n\n\n\n<p class=\"wp-block-paragraph\">Bir\u00e7ok rekorun k\u0131r\u0131ld\u0131\u011f\u0131 &#8220;harika&#8221; bir nisan ay\u0131 ihracat tablosu elde ettiklerini, bu duruma parite ve takvim etkisinin \u00f6nemli katk\u0131 yapt\u0131\u011f\u0131n\u0131 ifade eden Bolat, &#8220;Mart ay\u0131nda Ramazan Bayram\u0131 marta kayd\u0131\u011f\u0131 i\u00e7in bu sene takvim etkisi olarak 2 g\u00fcnl\u00fck bir art\u0131\u015f\u0131m\u0131z oldu olumlu anlamda. Bu da nisan rakam\u0131n\u0131 olumlu etki etti. Yakla\u015f\u0131k parite ve takvim etkisi olarak 2,5 milyar dolarl\u0131k bir katk\u0131 yapt\u0131.&#8221; dedi.<\/p>\n\n\n\n<p class=\"wp-block-paragraph\">S\u00f6z konusu takvim etkisinin may\u0131s ay\u0131nda ters etki yapaca\u011f\u0131n\u0131 ancak durumun haziran ay\u0131nda tekrar d\u00fczelece\u011fini belirten Bolat, \u015funlar\u0131 kaydetti:<\/p>\n\n\n\n<p class=\"wp-block-paragraph\">&#8220;May\u0131s ile ilgili de \u015fu ger\u00e7ekleri s\u00f6ylememiz laz\u0131m. Bu y\u0131l 2026&#8217;da hep uzun bayram tatilleri oluyor. Milli bayramlar a\u015fa\u011f\u0131 yukar\u0131 hep hafta aras\u0131na geliyor. Pazartesi, per\u015fembe veya cuma olunca arada k\u00f6pr\u00fc yapma durumu oluyor ve k\u00f6pr\u00fc etkisiyle de biz i\u015f g\u00fcn\u00fc kayb\u0131na u\u011fruyoruz. K\u00f6pr\u00fc etkisi bizi olumsuz etkiledi. \u015eubat ay\u0131nda ihracat\u0131m\u0131z\u0131 artt\u0131rd\u0131k. 365 milyon dolar. Mart ay\u0131nda Ramazan Bayram\u0131 nisandan marta geldi\u011fi i\u00e7in takvim etkisi dezavantaj\u0131 oldu. 1,5 milyar dolar gerilemi\u015ftik. Toplam 2 milyar dolar gerilemi\u015ftik. Bu nisan ay\u0131nda da 4,6 milyar dolar fazlal\u0131k olunca, ne oldu? Biz art\u0131 2,6 milyar dolar aral\u0131k ay\u0131n\u0131n \u00fcst\u00fcne ilave etmi\u015f olduk. Neredeyse 276 milyar dolarl\u0131k 12 ayl\u0131k y\u0131ll\u0131kland\u0131r\u0131lm\u0131\u015f ihracat rakam\u0131n\u0131 ya\u015fad\u0131k. Ancak may\u0131s ay\u0131 uzun tatiller d\u00f6nemi olacak. Ge\u00e7en y\u0131l may\u0131s ay\u0131nda 21 i\u015f g\u00fcn\u00fcm\u00fcz vard\u0131. Kurban Bayram\u0131 hazirana gelmi\u015fti. Bu y\u0131l Kurban Bayram\u0131 may\u0131sa denk geliyor ve uzun tatil d\u00f6nemi olacak. Buna 19 May\u0131s, 1 May\u0131s\u2019\u0131 da ekledi\u011fimizde, 14 i\u015f g\u00fcn\u00fc var. Dolay\u0131s\u0131yla ihracat rakamlar\u0131 ciddi anlamda olumsuz etkilenecek. Ama bunu in\u015fallah haziran ay\u0131nda da fazlas\u0131yla telafi edece\u011fiz.&#8221;<\/p>\n\n\n\n<h2 class=\"wp-block-heading\">Nisanda ihracata etki eden fakt\u00f6rler<\/h2>\n\n\n\n<p class=\"wp-block-paragraph\">Bakan Bolat, nisan ay\u0131ndaki bu 4,6 milyar dolarl\u0131k net ihracat art\u0131\u015f\u0131n\u0131n K\u00f6rfez pazar\u0131ndaki h\u0131zl\u0131 toparlanma, 166 \u00fclkede talep geni\u015flemesi, orta-y\u00fcksek ve y\u00fcksek teknolojili \u00fcr\u00fcnlerin pay\u0131n\u0131n y\u00fckselmesi ve emek yo\u011fun sekt\u00f6rlerde \u00e7ift haneli b\u00fcy\u00fcmenin geri d\u00f6nmesi, kamu destekleri ve lojistikte talebin T\u00fcrkiye\u2019ye kaymas\u0131yla ger\u00e7ekle\u015fti\u011fini s\u00f6yledi.<\/p>\n\n\n\n<p class=\"wp-block-paragraph\">K\u00f6rfez \u00fclkelerine olan ihracatta belirli bir toparlanma sa\u011fland\u0131\u011f\u0131na i\u015faret eden Bolat, \u015f\u00f6yle devam etti:<\/p>\n\n\n\n<p class=\"wp-block-paragraph\">&#8220;Sava\u015f\u0131n ba\u015flad\u0131\u011f\u0131 28 \u015eubat&#8217;tan sonra mart ay\u0131nda K\u00f6rfez \u00fclkelerine ihracat\u0131m\u0131zda ayl\u0131kta y\u00fczde 30, y\u0131ll\u0131kta y\u00fczde 37 azalma vard\u0131. Nisan ay\u0131nda ise ge\u00e7en y\u0131lki nisandan bile daha fazla ihracat art\u0131\u015f\u0131 sa\u011flayarak bu mart ay\u0131ndaki K\u00f6rfez \u00fclkelerine y\u00f6nelik azalan ihracat\u0131m\u0131z\u0131 telafi etmi\u015f olduk. Bir di\u011fer \u00f6nemli husus orta-y\u00fcksek ve y\u00fcksek teknolojili \u00fcr\u00fcn ihracat\u0131m\u0131zda ciddi bir art\u0131\u015f\u0131m\u0131z var. Ve bunlar\u0131n hepsinin toplam\u0131nda emek yo\u011fun sekt\u00f6rler, \u015fimdi orta-y\u00fcksek ve y\u00fcksek teknolojili \u00fcr\u00fcn ihracat\u0131m\u0131z son birka\u00e7 senede d\u00fczenli bir \u015fekilde art\u0131yor. Ama son 3 y\u0131lda tekstil, konfeksiyon, deri, ayakkab\u0131 gibi sekt\u00f6rlerimizde bir d\u00fc\u015f\u00fc\u015f vard\u0131. Nisan ay\u0131 itibar\u0131yla bu sekt\u00f6rlerimizde de ihracat art\u0131\u015f\u0131 hem de \u00e7ift taneli olarak sa\u011flan\u0131yor. Tekstilde y\u00fczde 16 art\u0131\u015f var, 1,2 milyar dolar. Konfeksiyonda y\u00fczde 16,5 art\u0131\u015f var, 1,4 milyar dolar, deri \u00fcr\u00fcnlerinde y\u00fczde 10,5 art\u0131\u015f var, 134 milyon dolar. Mobilyada da y\u00fczde 5,7 art\u0131\u015f var, 279 milyon dolar. H\u00fck\u00fcmetimizin istihdam\u0131 korumak i\u00e7in sekt\u00f6rlere verdi\u011fi destekler, ihracat reeskont kredilerinin g\u00fcnl\u00fck limitlerinin artt\u0131r\u0131lmas\u0131, faiz oranlar\u0131n\u0131n d\u00fc\u015f\u00fcr\u00fclmesi ve Merkez Bankam\u0131z\u0131n d\u00f6viz d\u00f6n\u00fc\u015f\u00fcm deste\u011fini 1 May\u0131s&#8217;tan bu yana, ge\u00e7en seneden bu yana y\u00fczde 3 olarak uygulamas\u0131 ve bunun da evvelsi g\u00fcn itibar\u0131yla yeniden \u00fc\u00e7 ay uzat\u0131lmas\u0131&#8230; B\u00fct\u00fcn bu destekler ile K\u00f6rfez&#8217;deki sava\u015f ve lojistik hatlar\u0131ndaki k\u0131r\u0131lmalar\u0131n yeniden Bat\u0131 b\u00f6lgelerindeki taleplerin T\u00fcrkiye&#8217;ye do\u011fru kayd\u0131r\u0131lmaya ba\u015flanmas\u0131 \u00f6zellikle bu emek yo\u011fun sekt\u00f6rlerimizde ihracat art\u0131\u015f\u0131m\u0131za b\u00fcy\u00fck bir ivme kazand\u0131rd\u0131.&#8221;<\/p>\n\n\n\n<p class=\"wp-block-paragraph\">Bakan Bolat, orta-y\u00fcksek ve y\u00fcksek teknolojili \u00fcr\u00fcnlerde de ihracat\u0131n nisan ay\u0131nda 2,4 milyar dolar art\u0131\u015f g\u00f6sterdi\u011fine vurgu yaparak, &#8220;Bu da \u00e7ok \u00f6nemli bir kayda de\u011fer geli\u015fme. T\u00fcrkiye&#8217;nin toplam mal ihracat\u0131nda orta-y\u00fcksek, y\u00fcksek teknolojili \u00fcr\u00fcnlerin pay\u0131 y\u00fczde 45&#8217;e (44,4) yakla\u015ft\u0131. Bu rakam 2002&#8217;de y\u00fczde 30&#8217;du. Ge\u00e7en y\u0131l y\u00fczde 43,5&#8217;ti. \u015eimdi y\u00fczde 44,5&#8217;e do\u011fru evrildik.&#8221; diye konu\u015ftu.<\/p>\n\n\n\n<h2 class=\"wp-block-heading\">D\u0131\u015f ticaret a\u00e7\u0131\u011f\u0131<\/h2>\n\n\n\n<p class=\"wp-block-paragraph\">Bakan Bolat, nisan ay\u0131nda ithalatta y\u00fczde 3,1&#8217;lik art\u0131\u015f ya\u015fand\u0131\u011f\u0131n\u0131, ihracattaki y\u00fczde 22,5 art\u0131\u015fa k\u0131yasla ithalattaki art\u0131\u015f\u0131n frenlendi\u011finin g\u00f6r\u00fcld\u00fc\u011f\u00fcn\u00fc belirterek, \u015fu bilgileri verdi:<\/p>\n\n\n\n<p class=\"wp-block-paragraph\">&#8220;Ve bu rakam\u0131n (y\u0131ll\u0131kta) 33,9 milyar dolar olarak ger\u00e7ekle\u015fti\u011fini g\u00f6r\u00fcyoruz. Nette 1 milyar dolar art\u0131\u015f var. Ge\u00e7en y\u0131l 32 milyar 900 milyon dolard\u0131. Bu y\u0131l 33 milyar 900 milyon dolar oldu. D\u0131\u015f ticaret a\u00e7\u0131\u011f\u0131nda bu durumda olumlu bir gerileme oldu. Ge\u00e7en y\u0131l nisan ay\u0131nda 12 milyar dolar d\u0131\u015f ticaret a\u00e7\u0131\u011f\u0131m\u0131z vard\u0131. Bir ay \u00f6nce 11,2 milyar dolard\u0131. Bu y\u0131l nisan ay\u0131nda a\u00e7\u0131\u011f\u0131m\u0131z 8,5 milyar dolara geriledi. Ge\u00e7en y\u0131l\u0131n 12 milyar dolar\u0131na k\u0131yasla yakla\u015f\u0131k y\u00fczde 30 d\u0131\u015f ticaret a\u00e7\u0131\u011f\u0131m\u0131z azald\u0131. Nette ise d\u0131\u015f ticaret a\u00e7\u0131\u011f\u0131m\u0131z nisan ay\u0131nda 3,6 milyar dolar azalm\u0131\u015f oldu. Bu da \u00e7ok olumlu, \u00f6nemli bir geli\u015fme olarak hamdolsun nisan ay\u0131na damga vuruluyor. Ve ithalat\u0131 kar\u015f\u0131lama oran\u0131 da y\u00fczde 75&#8217;e y\u00fckseldi. Orada da 11,7 puanl\u0131k bir art\u0131\u015f\u0131m\u0131z var. \u00c7\u00fcnk\u00fc ge\u00e7en y\u0131l nisanda kar\u015f\u0131lama oran\u0131 y\u00fczde 63,2 idi.&#8221;<\/p>\n\n\n\n<p class=\"wp-block-paragraph\">Bolat, d\u00f6rt ayl\u0131k ve y\u0131ll\u0131kland\u0131r\u0131lm\u0131\u015f d\u0131\u015f ticaret verileri hakk\u0131nda ise \u015funlar\u0131 s\u00f6yledi:<\/p>\n\n\n\n<p class=\"wp-block-paragraph\">&#8220;Bak\u0131n 2025-2026 ocak-nisan tablosuna. \u0130hracattaki art\u0131\u015f oran\u0131m\u0131z y\u00fczde 3&#8217;e y\u00fckseldi. Yani mart ay\u0131 itibar\u0131yla 2 milyar dolar gerideydi. Yani eksiydi. \u015eimdi art\u0131 y\u00fczde 3&#8217;e y\u00fckseldi. B\u00f6ylece 88 milyar 630 milyon dolara y\u00fckseldi. \u0130thalat\u0131m\u0131zdaki art\u0131\u015f oran\u0131 y\u00fczde 4,3, ocak-marta g\u00f6re bu oran d\u00fc\u015ft\u00fc biraz. \u0130thalat\u0131m\u0131z bu d\u00f6nemde 125 milyar 804 milyon dolar olmu\u015ftur. Yani burada g\u00f6r\u00fcnen \u015fu; ihracattaki art\u0131\u015f\u0131m\u0131z yakla\u015f\u0131k 2 milyar 450 milyon dolar, 2,5 milyar dolar diyelim, ithalattaki net art\u0131\u015f\u0131m\u0131z da, 5 milyar 150 milyon dolarl\u0131k bir art\u0131\u015f var. Allah&#8217;a \u015f\u00fck\u00fcr kontroll\u00fc gidiyoruz. Ocak-nisan d\u00f6neminde 214 milyar 434 milyon dolarl\u0131k d\u0131\u015f ticaret hacmine ula\u015ft\u0131k. A\u00e7\u0131k da d\u00f6rt ayda 37 milyar 174 milyon dolar. Ge\u00e7en y\u0131l bu rakam 34,6 milyar dolarm\u0131\u015f. Yani burada da 2,5 milyar dolar bir d\u0131\u015f ticaret a\u00e7\u0131\u011f\u0131m\u0131zda art\u0131\u015f var. \u0130hracat\u0131n, ithalat\u0131 kar\u015f\u0131lama oran\u0131 ge\u00e7en ilk d\u00f6rt ayda y\u00fczde 71,3 iken bu y\u0131l y\u00fczde 70,5 oran\u0131nda. Son on iki y\u0131la da bakal\u0131m h\u0131zl\u0131ca. Orada da biliyorsunuz biz y\u0131l\u0131 11,7 milyar dolar net mal ihracat art\u0131\u015f\u0131 ve 273,4 milyar dolarl\u0131k toplam ihracat ile kapad\u0131k. Son 12 ay nisandan-nisana neredeyse 275 milyar 850 milyon dolara geldik. Nerdeyse 276 diyebiliriz. \u0130thalatta da 370 milyar 540 milyon dolar. Toplam d\u0131\u015f ticaretimiz 646 milyar dolara ula\u015fm\u0131\u015f oldu son bir y\u0131lda. A\u00e7\u0131\u011f\u0131m\u0131z da 94 milyar 700 milyon dolar. Ge\u00e7en y\u0131l aral\u0131\u011f\u0131 ka\u00e7ta bitirmi\u015ftik hat\u0131rlayal\u0131m? 92 milyar 200 milyon dolard\u0131.&#8221;<\/p>\n\n\n\n<p class=\"wp-block-paragraph\">Ticaret Bakanl\u0131\u011f\u0131 olarak T\u00fcrkiye Y\u00fczy\u0131l\u0131\u2019nda \u201cyat\u0131r\u0131m, \u00fcretim, ihracat, istihdam ve cari denge\u201d yoluyla ekonomik b\u00fcy\u00fcme hedeflerine taviz vermeden devam edeceklerini vurgulayan Bakan Bolat, konu\u015fmas\u0131n\u0131, ihracat\u0131 art\u0131rma ve T\u00fcrkiye&#8217;yi yat\u0131r\u0131m i\u00e7in cazibe merkezi yapma konusunda emek veren ihracat\u00e7\u0131lara, sanayicilere ve i\u015f insanlar\u0131na te\u015fekk\u00fcr ederek sonland\u0131rd\u0131.<\/p>\n","protected":false},"excerpt":{"rendered":"<p>Ticaret Bakan\u0131 \u00d6mer Bolat, nisan ay\u0131nda ihracat\u0131n ge\u00e7en y\u0131l\u0131n ayn\u0131 ay\u0131na g\u00f6re y\u00fczde 22,3 art\u0131\u015fla<\/p>\n","protected":false},"author":1,"featured_media":544,"comment_status":"open","ping_status":"open","sticky":false,"template":"","format":"standard","meta":{"_rtcl_gb_attr":"","footnotes":""},"categories":[14],"tags":[],"class_list":["post-543","post","type-post","status-publish","format-standard","has-post-thumbnail","hentry","category-ekonomi"],"_links":{"self":[{"href":"https:\/\/turkiyemhaber.com\/index.php?rest_route=\/wp\/v2\/posts\/543","targetHints":{"allow":["GET"]}}],"collection":[{"href":"https:\/\/turkiyemhaber.com\/index.php?rest_route=\/wp\/v2\/posts"}],"about":[{"href":"https:\/\/turkiyemhaber.com\/index.php?rest_route=\/wp\/v2\/types\/post"}],"author":[{"embeddable":true,"href":"https:\/\/turkiyemhaber.com\/index.php?rest_route=\/wp\/v2\/users\/1"}],"replies":[{"embeddable":true,"href":"https:\/\/turkiyemhaber.com\/index.php?rest_route=%2Fwp%2Fv2%2Fcomments&post=543"}],"version-history":[{"count":1,"href":"https:\/\/turkiyemhaber.com\/index.php?rest_route=\/wp\/v2\/posts\/543\/revisions"}],"predecessor-version":[{"id":545,"href":"https:\/\/turkiyemhaber.com\/index.php?rest_route=\/wp\/v2\/posts\/543\/revisions\/545"}],"wp:featuredmedia":[{"embeddable":true,"href":"https:\/\/turkiyemhaber.com\/index.php?rest_route=\/wp\/v2\/media\/544"}],"wp:attachment":[{"href":"https:\/\/turkiyemhaber.com\/index.php?rest_route=%2Fwp%2Fv2%2Fmedia&parent=543"}],"wp:term":[{"taxonomy":"category","embeddable":true,"href":"https:\/\/turkiyemhaber.com\/index.php?rest_route=%2Fwp%2Fv2%2Fcategories&post=543"},{"taxonomy":"post_tag","embeddable":true,"href":"https:\/\/turkiyemhaber.com\/index.php?rest_route=%2Fwp%2Fv2%2Ftags&post=543"}],"curies":[{"name":"wp","href":"https:\/\/api.w.org\/{rel}","templated":true}]}}