{"id":5425,"date":"2026-08-24T16:32:58","date_gmt":"2026-08-24T16:32:58","guid":{"rendered":"https:\/\/turkiyemhaber.com\/?p=5425"},"modified":"2026-08-24T16:33:04","modified_gmt":"2026-08-24T16:33:04","slug":"ankaraya-giriste-bir-donemin-sonu-akinci-giseleri-tarih-oluyor","status":"publish","type":"post","link":"https:\/\/turkiyemhaber.com\/?p=5425","title":{"rendered":"Ankara&#8217;ya Giri\u015fte Bir D\u00f6nemin Sonu! Ak\u0131nc\u0131 Gi\u015feleri Tarih Oluyor"},"content":{"rendered":"\n<p class=\"wp-block-paragraph\">Ankara&#8217;n\u0131n Kahramankazan il\u00e7esindeki Ak\u0131nc\u0131 \u00dccret Toplama \u0130stasyonu&#8217;nda Serbest Ge\u00e7i\u015f Sistemi (SGS) devreye al\u0131nd\u0131. Yeni sistemle birlikte gi\u015fe adalar\u0131 ve kanopilerin kald\u0131r\u0131lmas\u0131 i\u00e7in \u00e7al\u0131\u015fmalara ba\u015fland\u0131.<\/p>\n\n\n\n<p class=\"wp-block-paragraph\">Ula\u015ft\u0131rma ve Altyap\u0131 Bakan\u0131 Abdulkadir Uralo\u011flu, Ak\u0131nc\u0131 Gi\u015feleri&#8217;nde SGS&#8217;nin aktif hale getirildi\u011fini ve \u00e7al\u0131\u015fmalar s\u0131ras\u0131nda otoyol giri\u015f ve \u00e7\u0131k\u0131\u015flar\u0131n\u0131n kontroll\u00fc \u015fekilde s\u00fcrd\u00fcr\u00fcld\u00fc\u011f\u00fcn\u00fc a\u00e7\u0131klad\u0131.<\/p>\n\n\n\n<figure class=\"wp-block-image size-full\"><img loading=\"lazy\" decoding=\"async\" width=\"640\" height=\"426\" src=\"https:\/\/turkiyemhaber.com\/wp-content\/uploads\/2026\/08\/ankaraya-giriste-bir-donemin-s-20171537-9093_1_m.webp\" alt=\"\" class=\"wp-image-5427\" srcset=\"https:\/\/turkiyemhaber.com\/wp-content\/uploads\/2026\/08\/ankaraya-giriste-bir-donemin-s-20171537-9093_1_m.webp 640w, https:\/\/turkiyemhaber.com\/wp-content\/uploads\/2026\/08\/ankaraya-giriste-bir-donemin-s-20171537-9093_1_m-18x12.webp 18w, https:\/\/turkiyemhaber.com\/wp-content\/uploads\/2026\/08\/ankaraya-giriste-bir-donemin-s-20171537-9093_1_m-300x200.webp 300w\" sizes=\"auto, (max-width: 640px) 100vw, 640px\" \/><\/figure>\n\n\n\n<h2 class=\"wp-block-heading\">Ak\u0131nc\u0131&#8217;da Gi\u015feler Kald\u0131r\u0131l\u0131yor<\/h2>\n\n\n\n<p class=\"wp-block-paragraph\">Karayollar\u0131 Genel M\u00fcd\u00fcrl\u00fc\u011f\u00fc taraf\u0131ndan i\u015fletilen otoyollardaki \u00fccret toplama istasyonlar\u0131n\u0131n Serbest Ge\u00e7i\u015f Sistemi&#8217;ne d\u00f6n\u00fc\u015ft\u00fcr\u00fclmesi \u00e7al\u0131\u015fmalar\u0131 devam ediyor.<\/p>\n\n\n\n<p class=\"wp-block-paragraph\">Ak\u0131nc\u0131&#8217;da sistemin devreye al\u0131nmas\u0131n\u0131n ard\u0131ndan ara\u00e7lar\u0131n ge\u00e7i\u015f s\u0131ras\u0131nda durmas\u0131n\u0131 gerektiren fiziki gi\u015fe yap\u0131lar\u0131n\u0131n kald\u0131r\u0131lmas\u0131 i\u00e7in ekipler \u00e7al\u0131\u015fma y\u00fcr\u00fct\u00fcyor.<\/p>\n\n\n\n<figure class=\"wp-block-image size-full\"><img loading=\"lazy\" decoding=\"async\" width=\"640\" height=\"426\" src=\"https:\/\/turkiyemhaber.com\/wp-content\/uploads\/2026\/08\/ankaraya-giriste-bir-donemin-s-20171537-6743_1_m.webp\" alt=\"\" class=\"wp-image-5428\" srcset=\"https:\/\/turkiyemhaber.com\/wp-content\/uploads\/2026\/08\/ankaraya-giriste-bir-donemin-s-20171537-6743_1_m.webp 640w, https:\/\/turkiyemhaber.com\/wp-content\/uploads\/2026\/08\/ankaraya-giriste-bir-donemin-s-20171537-6743_1_m-300x200.webp 300w, https:\/\/turkiyemhaber.com\/wp-content\/uploads\/2026\/08\/ankaraya-giriste-bir-donemin-s-20171537-6743_1_m-18x12.webp 18w\" sizes=\"auto, (max-width: 640px) 100vw, 640px\" \/><\/figure>\n\n\n\n<h2 class=\"wp-block-heading\">2026&#8217;da 35 \u0130stasyon D\u00f6n\u00fc\u015ft\u00fcr\u00fcld\u00fc<\/h2>\n\n\n\n<p class=\"wp-block-paragraph\">Karayollar\u0131 Genel M\u00fcd\u00fcrl\u00fc\u011f\u00fc b\u00fcnyesinde bulunan 106 \u00fccret toplama istasyonunun kademeli olarak SGS&#8217;ye d\u00f6n\u00fc\u015ft\u00fcr\u00fclmesi planlan\u0131yor.<\/p>\n\n\n\n<p class=\"wp-block-paragraph\">Trafik yo\u011funlu\u011funun fazla oldu\u011fu noktalara \u00f6ncelik verilirken, Ak\u0131nc\u0131&#8217;n\u0131n da d\u00f6n\u00fc\u015f\u00fcm\u00fcyle birlikte 2026 y\u0131l\u0131nda Serbest Ge\u00e7i\u015f Sistemi&#8217;ne ge\u00e7irilen istasyon say\u0131s\u0131 35&#8217;e ula\u015ft\u0131.<\/p>\n\n\n\n<figure class=\"wp-block-image size-full\"><img loading=\"lazy\" decoding=\"async\" width=\"640\" height=\"426\" src=\"https:\/\/turkiyemhaber.com\/wp-content\/uploads\/2026\/08\/ankaraya-giriste-bir-donemin-s-20171537-8056_1_m.webp\" alt=\"\" class=\"wp-image-5429\" srcset=\"https:\/\/turkiyemhaber.com\/wp-content\/uploads\/2026\/08\/ankaraya-giriste-bir-donemin-s-20171537-8056_1_m.webp 640w, https:\/\/turkiyemhaber.com\/wp-content\/uploads\/2026\/08\/ankaraya-giriste-bir-donemin-s-20171537-8056_1_m-300x200.webp 300w, https:\/\/turkiyemhaber.com\/wp-content\/uploads\/2026\/08\/ankaraya-giriste-bir-donemin-s-20171537-8056_1_m-18x12.webp 18w\" sizes=\"auto, (max-width: 640px) 100vw, 640px\" \/><\/figure>\n\n\n\n<h2 class=\"wp-block-heading\">Y\u0131l Sonu Hedefi 43 \u0130stasyon<\/h2>\n\n\n\n<p class=\"wp-block-paragraph\">D\u00f6n\u00fc\u015f\u00fcm \u00e7al\u0131\u015fmalar\u0131n\u0131n y\u0131l boyunca devam etmesi planlan\u0131yor. \u00c7e\u015fme, Kayna\u015fl\u0131, \u0130skenderun, Adana Do\u011fu, Adana Bat\u0131, Mersin, Eminlik ve Suru\u00e7&#8217;taki \u00fccret toplama istasyonlar\u0131nda da d\u00f6n\u00fc\u015f\u00fcm\u00fcn tamamlanmas\u0131 hedefleniyor.<\/p>\n\n\n\n<p class=\"wp-block-paragraph\">Bu \u00e7al\u0131\u015fmalar\u0131n tamamlanmas\u0131yla birlikte Karayollar\u0131 Genel M\u00fcd\u00fcrl\u00fc\u011f\u00fc taraf\u0131ndan i\u015fletilen ve SGS kullan\u0131lan \u00fccret toplama istasyonu say\u0131s\u0131n\u0131n 43&#8217;e y\u00fckseltilmesi planlan\u0131yor.<\/p>\n\n\n\n<h2 class=\"wp-block-heading\">Gi\u015fe Kuyruklar\u0131 Tarihe Kar\u0131\u015f\u0131yor<\/h2>\n\n\n\n<p class=\"wp-block-paragraph\">Serbest Ge\u00e7i\u015f Sistemi ile ara\u00e7lar\u0131n gi\u015fe \u00f6nlerinde durmadan ve \u015ferit de\u011fi\u015ftirmeden ge\u00e7i\u015f yapmas\u0131 ama\u00e7lan\u0131yor. Ge\u00e7i\u015f \u00fccretleri HGS \u00fczerinden otomatik olarak tahsil edilirken, dur-kalk nedeniyle olu\u015fan zaman kayb\u0131n\u0131n ve yak\u0131t t\u00fcketiminin azalt\u0131lmas\u0131 hedefleniyor.<\/p>\n\n\n\n<p class=\"wp-block-paragraph\">Ayr\u0131ca gi\u015fe alanlar\u0131nda ya\u015fanan ani \u015ferit de\u011fi\u015fikliklerinin ortadan kald\u0131r\u0131lmas\u0131yla trafik ak\u0131\u015f\u0131n\u0131n daha g\u00fcvenli ve kesintisiz hale gelmesi bekleniyor.<\/p>\n","protected":false},"excerpt":{"rendered":"<p>Ankara&#8217;n\u0131n Kahramankazan il\u00e7esindeki Ak\u0131nc\u0131 \u00dccret Toplama \u0130stasyonu&#8217;nda Serbest Ge\u00e7i\u015f Sistemi (SGS) devreye al\u0131nd\u0131. Yeni sistemle<\/p>\n","protected":false},"author":1,"featured_media":5426,"comment_status":"open","ping_status":"open","sticky":false,"template":"","format":"standard","meta":{"_rtcl_gb_attr":"","footnotes":""},"categories":[1],"tags":[],"class_list":["post-5425","post","type-post","status-publish","format-standard","has-post-thumbnail","hentry","category-http-turkiyemhaber-com-wp-content-uploads-2026-03-saray-59-haber-13-mart-pdf"],"_links":{"self":[{"href":"https:\/\/turkiyemhaber.com\/index.php?rest_route=\/wp\/v2\/posts\/5425","targetHints":{"allow":["GET"]}}],"collection":[{"href":"https:\/\/turkiyemhaber.com\/index.php?rest_route=\/wp\/v2\/posts"}],"about":[{"href":"https:\/\/turkiyemhaber.com\/index.php?rest_route=\/wp\/v2\/types\/post"}],"author":[{"embeddable":true,"href":"https:\/\/turkiyemhaber.com\/index.php?rest_route=\/wp\/v2\/users\/1"}],"replies":[{"embeddable":true,"href":"https:\/\/turkiyemhaber.com\/index.php?rest_route=%2Fwp%2Fv2%2Fcomments&post=5425"}],"version-history":[{"count":1,"href":"https:\/\/turkiyemhaber.com\/index.php?rest_route=\/wp\/v2\/posts\/5425\/revisions"}],"predecessor-version":[{"id":5430,"href":"https:\/\/turkiyemhaber.com\/index.php?rest_route=\/wp\/v2\/posts\/5425\/revisions\/5430"}],"wp:featuredmedia":[{"embeddable":true,"href":"https:\/\/turkiyemhaber.com\/index.php?rest_route=\/wp\/v2\/media\/5426"}],"wp:attachment":[{"href":"https:\/\/turkiyemhaber.com\/index.php?rest_route=%2Fwp%2Fv2%2Fmedia&parent=5425"}],"wp:term":[{"taxonomy":"category","embeddable":true,"href":"https:\/\/turkiyemhaber.com\/index.php?rest_route=%2Fwp%2Fv2%2Fcategories&post=5425"},{"taxonomy":"post_tag","embeddable":true,"href":"https:\/\/turkiyemhaber.com\/index.php?rest_route=%2Fwp%2Fv2%2Ftags&post=5425"}],"curies":[{"name":"wp","href":"https:\/\/api.w.org\/{rel}","templated":true}]}}