{"id":5415,"date":"2026-08-24T16:11:17","date_gmt":"2026-08-24T16:11:17","guid":{"rendered":"https:\/\/turkiyemhaber.com\/?p=5415"},"modified":"2026-08-24T16:11:22","modified_gmt":"2026-08-24T16:11:22","slug":"ezgi-mola-genc-hayraniyla-eglendigi-videoya-yapilan-yoruma-ates-puskurdu-adiler","status":"publish","type":"post","link":"https:\/\/turkiyemhaber.com\/?p=5415","title":{"rendered":"Ezgi Mola, Gen\u00e7 Hayran\u0131yla E\u011flendi\u011fi Videoya Yap\u0131lan Yoruma Ate\u015f P\u00fcsk\u00fcrd\u00fc: &#8220;Adiler&#8221;"},"content":{"rendered":"\n<p class=\"wp-block-paragraph\">\u00dcnl\u00fc oyuncu Ezgi Mola, y\u0131llar \u00f6nce gen\u00e7 bir hayran\u0131yla e\u011flendi\u011fi anlara ait videonun yeniden g\u00fcndeme gelmesi \u00fczerine yap\u0131lan yorumlara tepki g\u00f6sterdi.<\/p>\n\n\n\n<p class=\"wp-block-paragraph\">Sosyal medyada &#8220;43 ya\u015f\u0131ndaki Ezgi Mola, 20 ya\u015f\u0131ndaki gen\u00e7 ile b\u00f6yle g\u00f6r\u00fcnt\u00fclendi&#8221; ifadeleriyle payla\u015f\u0131lan video k\u0131sa s\u00fcrede g\u00fcndem oldu. G\u00f6r\u00fcnt\u00fclerin yeni olmad\u0131\u011f\u0131n\u0131 belirten Mola, videonun pandemi \u00f6ncesinde, yakla\u015f\u0131k 8-10 y\u0131l \u00f6nce \u00e7ekildi\u011fini s\u00f6yledi.<\/p>\n\n\n\n<figure class=\"wp-block-video\"><video height=\"1920\" style=\"aspect-ratio: 1080 \/ 1920;\" width=\"1080\" controls src=\"https:\/\/turkiyemhaber.com\/wp-content\/uploads\/2026\/08\/ezgi-mola-genc-hayraniyla-eglendigi-videoya-2-9103-20170997_sd.mp4\"><\/video><\/figure>\n\n\n\n<h2 class=\"wp-block-heading\">&#8220;O G\u00d6R\u00dcNT\u00dcLER\u0130 B\u0130Z \u00c7EKT\u0130K&#8221;<\/h2>\n\n\n\n<p class=\"wp-block-paragraph\">Mola, yapt\u0131\u011f\u0131 a\u00e7\u0131klamada videonun bir e\u011flence s\u0131ras\u0131nda an\u0131 olarak \u00e7ekildi\u011fini belirterek g\u00f6r\u00fcnt\u00fclerin ba\u011flam\u0131ndan kopar\u0131larak yeniden servis edildi\u011fini ifade etti.<\/p>\n\n\n\n<p class=\"wp-block-paragraph\">\u00dcnl\u00fc oyuncu, videoda gen\u00e7 hayran\u0131yla yaln\u0131zca e\u011flenceli bir an ya\u015fad\u0131klar\u0131n\u0131 ve \u015fark\u0131ya e\u015flik etti\u011fini s\u00f6yledi.<\/p>\n\n\n\n<figure class=\"wp-block-image size-full\"><img loading=\"lazy\" decoding=\"async\" width=\"640\" height=\"426\" src=\"https:\/\/turkiyemhaber.com\/wp-content\/uploads\/2026\/08\/ezgi-mola-ates-puskurdu-zorlas-95440320-7269_1_m.webp\" alt=\"\" class=\"wp-image-5416\" srcset=\"https:\/\/turkiyemhaber.com\/wp-content\/uploads\/2026\/08\/ezgi-mola-ates-puskurdu-zorlas-95440320-7269_1_m.webp 640w, https:\/\/turkiyemhaber.com\/wp-content\/uploads\/2026\/08\/ezgi-mola-ates-puskurdu-zorlas-95440320-7269_1_m-300x200.webp 300w, https:\/\/turkiyemhaber.com\/wp-content\/uploads\/2026\/08\/ezgi-mola-ates-puskurdu-zorlas-95440320-7269_1_m-18x12.webp 18w\" sizes=\"auto, (max-width: 640px) 100vw, 640px\" \/><\/figure>\n\n\n\n<h2 class=\"wp-block-heading\">&#8220;K\u0130MSEN\u0130N CANINI YAKMADIM&#8221;<\/h2>\n\n\n\n<p class=\"wp-block-paragraph\">Hakk\u0131ndaki yorumlara tepki g\u00f6steren Mola, uzun y\u0131llard\u0131r oyunculuk sekt\u00f6r\u00fcnde oldu\u011funu ve bug\u00fcne kadar kimsenin can\u0131n\u0131 yakmad\u0131\u011f\u0131n\u0131 dile getirdi.<\/p>\n\n\n\n<p class=\"wp-block-paragraph\">G\u00f6r\u00fcnt\u00fclerin farkl\u0131 \u015fekilde yorumlanmas\u0131ndan rahats\u0131z oldu\u011funu belirten oyuncu, yap\u0131lan yorumlar\u0131n haks\u0131z ve k\u00f6t\u00fc niyetli oldu\u011funu savundu.<\/p>\n\n\n\n<figure class=\"wp-block-image size-full\"><img loading=\"lazy\" decoding=\"async\" width=\"640\" height=\"426\" src=\"https:\/\/turkiyemhaber.com\/wp-content\/uploads\/2026\/08\/ezgi-mola-ates-puskurdu-zorlas-83177478-4772_1_m.webp\" alt=\"\" class=\"wp-image-5418\" srcset=\"https:\/\/turkiyemhaber.com\/wp-content\/uploads\/2026\/08\/ezgi-mola-ates-puskurdu-zorlas-83177478-4772_1_m.webp 640w, https:\/\/turkiyemhaber.com\/wp-content\/uploads\/2026\/08\/ezgi-mola-ates-puskurdu-zorlas-83177478-4772_1_m-300x200.webp 300w, https:\/\/turkiyemhaber.com\/wp-content\/uploads\/2026\/08\/ezgi-mola-ates-puskurdu-zorlas-83177478-4772_1_m-18x12.webp 18w\" sizes=\"auto, (max-width: 640px) 100vw, 640px\" \/><\/figure>\n\n\n\n<h2 class=\"wp-block-heading\">&#8220;\u00c7OK K\u00d6T\u00dc KALPL\u0130 \u0130NSANLAR&#8221;<\/h2>\n\n\n\n<p class=\"wp-block-paragraph\">Ezgi Mola, a\u00e7\u0131klamas\u0131nda kendisini hedef alan ki\u015filere sert s\u00f6zlerle kar\u015f\u0131l\u0131k verdi. S\u00f6z konusu videonun y\u0131llar \u00f6nce \u00e7ekildi\u011fini yeniden vurgulayan oyuncu, ya\u015fananlar\u0131n huzurunu bozmas\u0131na izin vermeyece\u011fini s\u00f6yledi.<\/p>\n\n\n\n<p class=\"wp-block-paragraph\">Mola, a\u00e7\u0131klamas\u0131n\u0131n sonunda g\u00f6r\u00fcnt\u00fcleri bu \u015fekilde yorumlayan ki\u015filer i\u00e7in &#8220;\u00c7ok k\u00f6t\u00fc kalpli insanlar. \u00c7ok adiler&#8221; ifadelerini kulland\u0131.<\/p>\n","protected":false},"excerpt":{"rendered":"<p>\u00dcnl\u00fc oyuncu Ezgi Mola, y\u0131llar \u00f6nce gen\u00e7 bir hayran\u0131yla e\u011flendi\u011fi anlara ait videonun yeniden g\u00fcndeme<\/p>\n","protected":false},"author":1,"featured_media":5419,"comment_status":"open","ping_status":"open","sticky":false,"template":"","format":"standard","meta":{"_rtcl_gb_attr":"","footnotes":""},"categories":[41],"tags":[],"class_list":["post-5415","post","type-post","status-publish","format-standard","has-post-thumbnail","hentry","category-magazin"],"_links":{"self":[{"href":"https:\/\/turkiyemhaber.com\/index.php?rest_route=\/wp\/v2\/posts\/5415","targetHints":{"allow":["GET"]}}],"collection":[{"href":"https:\/\/turkiyemhaber.com\/index.php?rest_route=\/wp\/v2\/posts"}],"about":[{"href":"https:\/\/turkiyemhaber.com\/index.php?rest_route=\/wp\/v2\/types\/post"}],"author":[{"embeddable":true,"href":"https:\/\/turkiyemhaber.com\/index.php?rest_route=\/wp\/v2\/users\/1"}],"replies":[{"embeddable":true,"href":"https:\/\/turkiyemhaber.com\/index.php?rest_route=%2Fwp%2Fv2%2Fcomments&post=5415"}],"version-history":[{"count":1,"href":"https:\/\/turkiyemhaber.com\/index.php?rest_route=\/wp\/v2\/posts\/5415\/revisions"}],"predecessor-version":[{"id":5420,"href":"https:\/\/turkiyemhaber.com\/index.php?rest_route=\/wp\/v2\/posts\/5415\/revisions\/5420"}],"wp:featuredmedia":[{"embeddable":true,"href":"https:\/\/turkiyemhaber.com\/index.php?rest_route=\/wp\/v2\/media\/5419"}],"wp:attachment":[{"href":"https:\/\/turkiyemhaber.com\/index.php?rest_route=%2Fwp%2Fv2%2Fmedia&parent=5415"}],"wp:term":[{"taxonomy":"category","embeddable":true,"href":"https:\/\/turkiyemhaber.com\/index.php?rest_route=%2Fwp%2Fv2%2Fcategories&post=5415"},{"taxonomy":"post_tag","embeddable":true,"href":"https:\/\/turkiyemhaber.com\/index.php?rest_route=%2Fwp%2Fv2%2Ftags&post=5415"}],"curies":[{"name":"wp","href":"https:\/\/api.w.org\/{rel}","templated":true}]}}