{"id":5411,"date":"2026-08-24T16:06:55","date_gmt":"2026-08-24T16:06:55","guid":{"rendered":"https:\/\/turkiyemhaber.com\/?p=5411"},"modified":"2026-08-24T16:07:00","modified_gmt":"2026-08-24T16:07:00","slug":"savas-ulkesinden-inanilmaz-goruntuler-kamyon-kasasini-havuza-cevirdiler","status":"publish","type":"post","link":"https:\/\/turkiyemhaber.com\/?p=5411","title":{"rendered":"Sava\u015f \u00dclkesinden \u0130nan\u0131lmaz G\u00f6r\u00fcnt\u00fcler! Kamyon Kasas\u0131n\u0131 Havuza \u00c7evirdiler"},"content":{"rendered":"\n<p class=\"wp-block-paragraph\">Rusya ile sava\u015f\u0131n s\u00fcrd\u00fc\u011f\u00fc Ukrayna&#8217;da Ba\u011f\u0131ms\u0131zl\u0131k G\u00fcn\u00fc kutlamalar\u0131 s\u0131ras\u0131nda kaydedilen s\u0131ra d\u0131\u015f\u0131 g\u00f6r\u00fcnt\u00fcler sosyal medyada g\u00fcndem oldu. Bir grup gen\u00e7, kamyon kasas\u0131n\u0131 suyla doldurarak adeta seyyar havuza d\u00f6n\u00fc\u015ft\u00fcrd\u00fc ve \u015fehir sokaklar\u0131nda e\u011flenceli anlar ya\u015fad\u0131.<\/p>\n\n\n\n<p class=\"wp-block-paragraph\">Sava\u015f\u0131n g\u00f6lgesinde kutlamalar\u0131n s\u00fcrd\u00fc\u011f\u00fc Ukrayna&#8217;da gen\u00e7lerin s\u0131ra d\u0131\u015f\u0131 e\u011flence y\u00f6ntemi dikkat \u00e7ekti. Cepheden uzakta kaydedildi\u011fi belirtilen g\u00f6r\u00fcnt\u00fclerde, b\u00fcy\u00fck bir kamyonun arka kasas\u0131n\u0131n suyla dolduruldu\u011fu g\u00f6r\u00fcld\u00fc.<\/p>\n\n\n\n<figure class=\"wp-block-video\"><video height=\"1920\" style=\"aspect-ratio: 1080 \/ 1920;\" width=\"1080\" controls src=\"https:\/\/turkiyemhaber.com\/wp-content\/uploads\/2026\/08\/Adsiz-tasarim-1.mp4\"><\/video><\/figure>\n\n\n\n<h2 class=\"wp-block-heading\">KAMYON KASASI SEYYAR HAVUZA D\u00d6N\u00dc\u015eT\u00dc<\/h2>\n\n\n\n<p class=\"wp-block-paragraph\">Gen\u00e7ler, kamyonun arka b\u00f6l\u00fcm\u00fcn\u00fc su ge\u00e7irmez \u015fekilde haz\u0131rlayarak havuz haline getirdi. Hareket halindeki kamyonla \u015fehir sokaklar\u0131nda dola\u015fan grup, kutlamalar s\u0131ras\u0131nda havuzun i\u00e7inde e\u011flendi.<\/p>\n\n\n\n<p class=\"wp-block-paragraph\">\u00c7evrede bulunan vatanda\u015flar\u0131n \u015fa\u015fk\u0131n bak\u0131\u015flar\u0131 aras\u0131nda ilerleyen kamyon, kutlamalar\u0131n en dikkat \u00e7eken g\u00f6r\u00fcnt\u00fclerinden birine d\u00f6n\u00fc\u015ft\u00fc.<\/p>\n\n\n\n<h2 class=\"wp-block-heading\">E\u011eLENCEL\u0130 ANLAR KAMERADA<\/h2>\n\n\n\n<p class=\"wp-block-paragraph\">Kutlama s\u0131ras\u0131nda \u00e7ekilen g\u00f6r\u00fcnt\u00fclerde gen\u00e7lerin m\u00fczik e\u015fli\u011finde e\u011flendi\u011fi anlar da yer ald\u0131. Bir gen\u00e7 kad\u0131n\u0131n kamyon \u00fczerinde dans etti\u011fi g\u00f6r\u00fcnt\u00fcler ise sosyal medyada en fazla ilgi g\u00f6ren anlardan biri oldu.<\/p>\n\n\n\n<p class=\"wp-block-paragraph\">Sava\u015f\u0131n devam etti\u011fi \u00fclkede kaydedilen s\u0131ra d\u0131\u015f\u0131 kutlama g\u00f6r\u00fcnt\u00fcleri, sosyal medyada k\u0131sa s\u00fcrede geni\u015f yank\u0131 buldu.<\/p>\n","protected":false},"excerpt":{"rendered":"<p>Rusya ile sava\u015f\u0131n s\u00fcrd\u00fc\u011f\u00fc Ukrayna&#8217;da Ba\u011f\u0131ms\u0131zl\u0131k G\u00fcn\u00fc kutlamalar\u0131 s\u0131ras\u0131nda kaydedilen s\u0131ra d\u0131\u015f\u0131 g\u00f6r\u00fcnt\u00fcler sosyal medyada<\/p>\n","protected":false},"author":1,"featured_media":5412,"comment_status":"open","ping_status":"open","sticky":false,"template":"","format":"standard","meta":{"_rtcl_gb_attr":"","footnotes":""},"categories":[65],"tags":[],"class_list":["post-5411","post","type-post","status-publish","format-standard","has-post-thumbnail","hentry","category-dunya"],"_links":{"self":[{"href":"https:\/\/turkiyemhaber.com\/index.php?rest_route=\/wp\/v2\/posts\/5411","targetHints":{"allow":["GET"]}}],"collection":[{"href":"https:\/\/turkiyemhaber.com\/index.php?rest_route=\/wp\/v2\/posts"}],"about":[{"href":"https:\/\/turkiyemhaber.com\/index.php?rest_route=\/wp\/v2\/types\/post"}],"author":[{"embeddable":true,"href":"https:\/\/turkiyemhaber.com\/index.php?rest_route=\/wp\/v2\/users\/1"}],"replies":[{"embeddable":true,"href":"https:\/\/turkiyemhaber.com\/index.php?rest_route=%2Fwp%2Fv2%2Fcomments&post=5411"}],"version-history":[{"count":1,"href":"https:\/\/turkiyemhaber.com\/index.php?rest_route=\/wp\/v2\/posts\/5411\/revisions"}],"predecessor-version":[{"id":5414,"href":"https:\/\/turkiyemhaber.com\/index.php?rest_route=\/wp\/v2\/posts\/5411\/revisions\/5414"}],"wp:featuredmedia":[{"embeddable":true,"href":"https:\/\/turkiyemhaber.com\/index.php?rest_route=\/wp\/v2\/media\/5412"}],"wp:attachment":[{"href":"https:\/\/turkiyemhaber.com\/index.php?rest_route=%2Fwp%2Fv2%2Fmedia&parent=5411"}],"wp:term":[{"taxonomy":"category","embeddable":true,"href":"https:\/\/turkiyemhaber.com\/index.php?rest_route=%2Fwp%2Fv2%2Fcategories&post=5411"},{"taxonomy":"post_tag","embeddable":true,"href":"https:\/\/turkiyemhaber.com\/index.php?rest_route=%2Fwp%2Fv2%2Ftags&post=5411"}],"curies":[{"name":"wp","href":"https:\/\/api.w.org\/{rel}","templated":true}]}}