{"id":5408,"date":"2026-08-24T16:01:24","date_gmt":"2026-08-24T16:01:24","guid":{"rendered":"https:\/\/turkiyemhaber.com\/?p=5408"},"modified":"2026-08-24T16:01:29","modified_gmt":"2026-08-24T16:01:29","slug":"ozlem-gultekinin-olumunde-soke-eden-gizli-goruntu-detayi-satmaya-calisirken-yakalandi","status":"publish","type":"post","link":"https:\/\/turkiyemhaber.com\/?p=5408","title":{"rendered":"\u00d6zlem G\u00fcltekin&#8217;in \u00d6l\u00fcm\u00fcnde \u015eoke Eden &#8220;Gizli G\u00f6r\u00fcnt\u00fc&#8221; Detay\u0131: Satmaya \u00c7al\u0131\u015f\u0131rken Yakaland\u0131"},"content":{"rendered":"\n<p class=\"wp-block-paragraph\">\u0130zmir&#8217;de kendi klini\u011finde fenala\u015farak hayat\u0131n\u0131 kaybeden 48 ya\u015f\u0131ndaki Kad\u0131n Hastal\u0131klar\u0131 ve Do\u011fum Uzman\u0131 Dr. \u00d6zlem G\u00fcltekin&#8217;in \u00f6l\u00fcm\u00fcyle ilgili soru\u015fturmada dikkat \u00e7eken yeni iddialar ortaya \u00e7\u0131kt\u0131.<\/p>\n\n\n\n<p class=\"wp-block-paragraph\">13 A\u011fustos&#8217;ta meydana gelen olay\u0131n ard\u0131ndan kesin \u00f6l\u00fcm nedeninin belirlenmesi i\u00e7in Adli T\u0131p Kurumu&#8217;nun haz\u0131rlayaca\u011f\u0131 otopsi raporu beklenirken, soru\u015fturma dosyas\u0131na gizli g\u00f6r\u00fcnt\u00fc iddias\u0131 yans\u0131d\u0131.<\/p>\n\n\n\n<h2 class=\"wp-block-heading\">E\u015e\u0130 SU\u00c7 DUYURUSUNDA BULUNDU<\/h2>\n\n\n\n<p class=\"wp-block-paragraph\">Bo\u015fanma a\u015famas\u0131nda oldu\u011fu \u00f6\u011frenilen Erhan \u00c7elik&#8217;in, e\u015finin uyu\u015fturucu nitelikteki baz\u0131 ila\u00e7lara ba\u011f\u0131ml\u0131 oldu\u011funu \u00f6ne s\u00fcrerek \u0130zmir Cumhuriyet Ba\u015fsavc\u0131l\u0131\u011f\u0131&#8217;na su\u00e7 duyurusunda bulundu\u011fu belirtildi.<\/p>\n\n\n\n<p class=\"wp-block-paragraph\">\u00c7elik, s\u00f6z konusu maddelerin temin edilmesi ve kullan\u0131lmas\u0131na yard\u0131mc\u0131 oldu\u011fu iddia edilen ki\u015filer hakk\u0131nda i\u015flem yap\u0131lmas\u0131n\u0131 talep etti.<\/p>\n\n\n\n<h2 class=\"wp-block-heading\">G\u0130ZL\u0130 G\u00d6R\u00dcNT\u00dcLER\u0130 SATMA \u0130DD\u0130ASI<\/h2>\n\n\n\n<p class=\"wp-block-paragraph\">Soru\u015fturma kapsam\u0131nda dosyaya giren iddialara g\u00f6re, Dr. G\u00fcltekin&#8217;in evinde \u00e7al\u0131\u015fan T\u00fcrkmenistan uyruklu Y.S., doktorun madde kulland\u0131\u011f\u0131 \u00f6ne s\u00fcr\u00fclen anlar\u0131 gizlice kaydetti.<\/p>\n\n\n\n<p class=\"wp-block-paragraph\">\u0130ddiaya g\u00f6re Y.S., elindeki g\u00f6r\u00fcnt\u00fcleri bo\u015fanma a\u015famas\u0131ndaki Erhan \u00c7elik&#8217;e ula\u015ft\u0131rarak 10 bin dolar kar\u015f\u0131l\u0131\u011f\u0131nda satmay\u0131 teklif etti.<\/p>\n\n\n\n<h2 class=\"wp-block-heading\">POL\u0130S OPERASYONUYLA YAKALANDI<\/h2>\n\n\n\n<p class=\"wp-block-paragraph\">Durumu emniyet g\u00fc\u00e7lerine bildiren Erhan \u00c7elik&#8217;in ihbar\u0131 \u00fczerine polis ekipleri operasyon d\u00fczenledi.<\/p>\n\n\n\n<p class=\"wp-block-paragraph\">Y.S.&#8217;nin 10 bin dolar\u0131 almaya \u00e7al\u0131\u015ft\u0131\u011f\u0131 s\u0131rada su\u00e7\u00fcst\u00fc yakaland\u0131\u011f\u0131 ve g\u00f6zalt\u0131na al\u0131nd\u0131\u011f\u0131 belirtildi. Adli i\u015flemlerin ard\u0131ndan mahkemeye sevk edilen \u015f\u00fcphelinin tutukland\u0131\u011f\u0131, daha sonraki s\u00fcre\u00e7te ise yurt d\u0131\u015f\u0131na \u00e7\u0131k\u0131\u015f yasa\u011f\u0131 ve adli kontrol \u015fart\u0131yla serbest b\u0131rak\u0131ld\u0131\u011f\u0131 aktar\u0131ld\u0131.<\/p>\n\n\n\n<h2 class=\"wp-block-heading\">KES\u0130N \u00d6L\u00dcM NEDEN\u0130 RAPORLA BEL\u0130RLENECEK<\/h2>\n\n\n\n<p class=\"wp-block-paragraph\">Dr. \u00d6zlem G\u00fcltekin&#8217;in \u00f6l\u00fcm\u00fcne ili\u015fkin soru\u015fturma devam ederken, kesin \u00f6l\u00fcm nedeninin hen\u00fcz netle\u015fmedi\u011fi belirtildi.<\/p>\n\n\n\n<p class=\"wp-block-paragraph\">G\u00fcltekin&#8217;in \u00f6l\u00fcm\u00fcne ili\u015fkin kesin sonu\u00e7, \u0130zmir Adli T\u0131p Kurumu taraf\u0131ndan haz\u0131rlanacak nihai otopsi raporunun ard\u0131ndan ortaya \u00e7\u0131kacak. Soru\u015fturma kapsam\u0131nda g\u00fcndeme gelen iddialar\u0131n da adli s\u00fcre\u00e7 i\u00e7erisinde de\u011ferlendirilece\u011fi bildirildi.<\/p>\n","protected":false},"excerpt":{"rendered":"<p>\u0130zmir&#8217;de kendi klini\u011finde fenala\u015farak hayat\u0131n\u0131 kaybeden 48 ya\u015f\u0131ndaki Kad\u0131n Hastal\u0131klar\u0131 ve Do\u011fum Uzman\u0131 Dr. \u00d6zlem<\/p>\n","protected":false},"author":1,"featured_media":5409,"comment_status":"open","ping_status":"open","sticky":false,"template":"","format":"standard","meta":{"_rtcl_gb_attr":"","footnotes":""},"categories":[1],"tags":[],"class_list":["post-5408","post","type-post","status-publish","format-standard","has-post-thumbnail","hentry","category-http-turkiyemhaber-com-wp-content-uploads-2026-03-saray-59-haber-13-mart-pdf"],"_links":{"self":[{"href":"https:\/\/turkiyemhaber.com\/index.php?rest_route=\/wp\/v2\/posts\/5408","targetHints":{"allow":["GET"]}}],"collection":[{"href":"https:\/\/turkiyemhaber.com\/index.php?rest_route=\/wp\/v2\/posts"}],"about":[{"href":"https:\/\/turkiyemhaber.com\/index.php?rest_route=\/wp\/v2\/types\/post"}],"author":[{"embeddable":true,"href":"https:\/\/turkiyemhaber.com\/index.php?rest_route=\/wp\/v2\/users\/1"}],"replies":[{"embeddable":true,"href":"https:\/\/turkiyemhaber.com\/index.php?rest_route=%2Fwp%2Fv2%2Fcomments&post=5408"}],"version-history":[{"count":1,"href":"https:\/\/turkiyemhaber.com\/index.php?rest_route=\/wp\/v2\/posts\/5408\/revisions"}],"predecessor-version":[{"id":5410,"href":"https:\/\/turkiyemhaber.com\/index.php?rest_route=\/wp\/v2\/posts\/5408\/revisions\/5410"}],"wp:featuredmedia":[{"embeddable":true,"href":"https:\/\/turkiyemhaber.com\/index.php?rest_route=\/wp\/v2\/media\/5409"}],"wp:attachment":[{"href":"https:\/\/turkiyemhaber.com\/index.php?rest_route=%2Fwp%2Fv2%2Fmedia&parent=5408"}],"wp:term":[{"taxonomy":"category","embeddable":true,"href":"https:\/\/turkiyemhaber.com\/index.php?rest_route=%2Fwp%2Fv2%2Fcategories&post=5408"},{"taxonomy":"post_tag","embeddable":true,"href":"https:\/\/turkiyemhaber.com\/index.php?rest_route=%2Fwp%2Fv2%2Ftags&post=5408"}],"curies":[{"name":"wp","href":"https:\/\/api.w.org\/{rel}","templated":true}]}}