{"id":5402,"date":"2026-08-24T15:51:29","date_gmt":"2026-08-24T15:51:29","guid":{"rendered":"https:\/\/turkiyemhaber.com\/?p=5402"},"modified":"2026-08-24T15:51:34","modified_gmt":"2026-08-24T15:51:34","slug":"super-ligde-20-yil-sonra-bir-ilk-irfan-can-egribayat-tarihe-gecti","status":"publish","type":"post","link":"https:\/\/turkiyemhaber.com\/?p=5402","title":{"rendered":"S\u00fcper Lig&#8217;de 20 Y\u0131l Sonra Bir \u0130lk! \u0130rfan Can E\u011fribayat Tarihe Ge\u00e7ti"},"content":{"rendered":"\n<p class=\"wp-block-paragraph\">Gen\u00e7lerbirli\u011fi&#8217;nin yeni sezon performans\u0131nda \u0130rfan Can E\u011fribayat&#8217;\u0131n sergiledi\u011fi ba\u015far\u0131l\u0131 kalecilik dikkat \u00e7ekti. Fenerbah\u00e7e&#8217;den Gen\u00e7lerbirli\u011fi&#8217;ne transfer olan tecr\u00fcbeli file bek\u00e7isi, S\u00fcper Lig&#8217;in ilk iki haftas\u0131nda g\u00f6sterdi\u011fi performansla \u00f6nemli bir istatisti\u011fe imza att\u0131.<\/p>\n\n\n\n<p class=\"wp-block-paragraph\">\u0130rfan Can, iki ma\u00e7ta da 10.0 ma\u00e7 puan\u0131na ula\u015farak kar\u015f\u0131la\u015fmalar\u0131n en ba\u015far\u0131l\u0131 oyuncusu se\u00e7ildi. Bu performans\u0131yla S\u00fcper Lig&#8217;in son 20 y\u0131l\u0131nda \u00fcst \u00fcste iki ma\u00e7ta bu ba\u015far\u0131y\u0131 yakalayan ilk kaleci oldu\u011fu belirtildi.<\/p>\n\n\n\n<figure class=\"wp-block-image size-full\"><img loading=\"lazy\" decoding=\"async\" width=\"735\" height=\"490\" src=\"http:\/\/turkiyemhaber.com\/wp-content\/uploads\/2026\/08\/super-ligde-20-yil-sonra-bir-ilk-fenerden-gidip-tarihe-gecti_20171231_41.jpg\" alt=\"\" class=\"wp-image-5405\" srcset=\"https:\/\/turkiyemhaber.com\/wp-content\/uploads\/2026\/08\/super-ligde-20-yil-sonra-bir-ilk-fenerden-gidip-tarihe-gecti_20171231_41.jpg 735w, https:\/\/turkiyemhaber.com\/wp-content\/uploads\/2026\/08\/super-ligde-20-yil-sonra-bir-ilk-fenerden-gidip-tarihe-gecti_20171231_41-300x200.jpg 300w, https:\/\/turkiyemhaber.com\/wp-content\/uploads\/2026\/08\/super-ligde-20-yil-sonra-bir-ilk-fenerden-gidip-tarihe-gecti_20171231_41-18x12.jpg 18w\" sizes=\"auto, (max-width: 735px) 100vw, 735px\" \/><\/figure>\n\n\n\n<h2 class=\"wp-block-heading\">FENERBAH\u00c7E KAR\u015eISINDA 10 KURTARI\u015e<\/h2>\n\n\n\n<p class=\"wp-block-paragraph\">Sezonun ilk haftas\u0131nda eski tak\u0131m\u0131 Fenerbah\u00e7e kar\u015f\u0131s\u0131nda sahaya \u00e7\u0131kan \u0130rfan Can E\u011fribayat, yapt\u0131\u011f\u0131 10 kurtar\u0131\u015fla tak\u0131m\u0131n\u0131n galibiyetinde \u00f6nemli rol oynad\u0131.<\/p>\n\n\n\n<p class=\"wp-block-paragraph\">Gen\u00e7lerbirli\u011fi&#8217;nin Fenerbah\u00e7e kar\u015f\u0131s\u0131ndaki m\u00fccadelesinde kalesini gole kapatan tecr\u00fcbeli kaleci, g\u00f6sterdi\u011fi performansla ma\u00e7\u0131n \u00f6ne \u00e7\u0131kan isimlerinden biri oldu.<\/p>\n\n\n\n<figure class=\"wp-block-image size-full\"><img loading=\"lazy\" decoding=\"async\" width=\"640\" height=\"740\" src=\"http:\/\/turkiyemhaber.com\/wp-content\/uploads\/2026\/08\/super-ligde-20-yil-sonra-bir-i-20171231-3497_1_m.webp\" alt=\"\" class=\"wp-image-5404\" srcset=\"https:\/\/turkiyemhaber.com\/wp-content\/uploads\/2026\/08\/super-ligde-20-yil-sonra-bir-i-20171231-3497_1_m.webp 640w, https:\/\/turkiyemhaber.com\/wp-content\/uploads\/2026\/08\/super-ligde-20-yil-sonra-bir-i-20171231-3497_1_m-259x300.webp 259w, https:\/\/turkiyemhaber.com\/wp-content\/uploads\/2026\/08\/super-ligde-20-yil-sonra-bir-i-20171231-3497_1_m-10x12.webp 10w\" sizes=\"auto, (max-width: 640px) 100vw, 640px\" \/><\/figure>\n\n\n\n<h2 class=\"wp-block-heading\">G\u00d6ZTEPE MA\u00c7INDA DA KALES\u0130N\u0130 KAPATTI<\/h2>\n\n\n\n<p class=\"wp-block-paragraph\">\u0130rfan Can, ikinci haftada bu kez eski tak\u0131mlar\u0131ndan G\u00f6ztepe&#8217;ye kar\u015f\u0131 forma giydi. Gen\u00e7lerbirli\u011fi&#8217;nin deplasmanda 1-0 kazand\u0131\u011f\u0131 kar\u015f\u0131la\u015fmada kritik kurtar\u0131\u015flar yapan kaleci, penalt\u0131da da gole izin vermedi.<\/p>\n\n\n\n<p class=\"wp-block-paragraph\">Kar\u015f\u0131la\u015fman\u0131n ard\u0131ndan Gen\u00e7lerbirli\u011fi&#8217;nin \u00fc\u00e7 puan\u0131nda \u00f6nemli pay sahibi olan \u0130rfan Can, bir kez daha ma\u00e7\u0131n en ba\u015far\u0131l\u0131 oyuncular\u0131 aras\u0131nda yer ald\u0131.<\/p>\n\n\n\n<figure class=\"wp-block-image size-full\"><img loading=\"lazy\" decoding=\"async\" width=\"640\" height=\"324\" src=\"https:\/\/turkiyemhaber.com\/wp-content\/uploads\/2026\/08\/super-ligde-20-yil-sonra-bir-i-03c8ad6857-6315_1_m.webp\" alt=\"\" class=\"wp-image-5406\" srcset=\"https:\/\/turkiyemhaber.com\/wp-content\/uploads\/2026\/08\/super-ligde-20-yil-sonra-bir-i-03c8ad6857-6315_1_m.webp 640w, https:\/\/turkiyemhaber.com\/wp-content\/uploads\/2026\/08\/super-ligde-20-yil-sonra-bir-i-03c8ad6857-6315_1_m-18x9.webp 18w, https:\/\/turkiyemhaber.com\/wp-content\/uploads\/2026\/08\/super-ligde-20-yil-sonra-bir-i-03c8ad6857-6315_1_m-300x152.webp 300w\" sizes=\"auto, (max-width: 640px) 100vw, 640px\" \/><\/figure>\n\n\n\n<h2 class=\"wp-block-heading\">\u00dcST \u00dcSTE \u0130K\u0130 MA\u00c7TA 10.0 PUAN<\/h2>\n\n\n\n<p class=\"wp-block-paragraph\">\u0130lk iki haftada sergiledi\u011fi performansla dikkat \u00e7eken \u0130rfan Can E\u011fribayat, her iki kar\u015f\u0131la\u015fmada da 10.0 ma\u00e7 puan\u0131 ald\u0131.<\/p>\n\n\n\n<p class=\"wp-block-paragraph\">Tecr\u00fcbeli kaleci b\u00f6ylece S\u00fcper Lig&#8217;de son 20 y\u0131l i\u00e7erisinde \u00fcst \u00fcste iki ma\u00e7ta 10.0 puan alarak ma\u00e7\u0131n adam\u0131 se\u00e7ilen ilk kaleci olarak tarihe ge\u00e7ti.<\/p>\n","protected":false},"excerpt":{"rendered":"<p>Gen\u00e7lerbirli\u011fi&#8217;nin yeni sezon performans\u0131nda \u0130rfan Can E\u011fribayat&#8217;\u0131n sergiledi\u011fi ba\u015far\u0131l\u0131 kalecilik dikkat \u00e7ekti. Fenerbah\u00e7e&#8217;den Gen\u00e7lerbirli\u011fi&#8217;ne transfer<\/p>\n","protected":false},"author":1,"featured_media":5403,"comment_status":"open","ping_status":"open","sticky":false,"template":"","format":"standard","meta":{"_rtcl_gb_attr":"","footnotes":""},"categories":[3],"tags":[],"class_list":["post-5402","post","type-post","status-publish","format-standard","has-post-thumbnail","hentry","category-spor"],"_links":{"self":[{"href":"https:\/\/turkiyemhaber.com\/index.php?rest_route=\/wp\/v2\/posts\/5402","targetHints":{"allow":["GET"]}}],"collection":[{"href":"https:\/\/turkiyemhaber.com\/index.php?rest_route=\/wp\/v2\/posts"}],"about":[{"href":"https:\/\/turkiyemhaber.com\/index.php?rest_route=\/wp\/v2\/types\/post"}],"author":[{"embeddable":true,"href":"https:\/\/turkiyemhaber.com\/index.php?rest_route=\/wp\/v2\/users\/1"}],"replies":[{"embeddable":true,"href":"https:\/\/turkiyemhaber.com\/index.php?rest_route=%2Fwp%2Fv2%2Fcomments&post=5402"}],"version-history":[{"count":1,"href":"https:\/\/turkiyemhaber.com\/index.php?rest_route=\/wp\/v2\/posts\/5402\/revisions"}],"predecessor-version":[{"id":5407,"href":"https:\/\/turkiyemhaber.com\/index.php?rest_route=\/wp\/v2\/posts\/5402\/revisions\/5407"}],"wp:featuredmedia":[{"embeddable":true,"href":"https:\/\/turkiyemhaber.com\/index.php?rest_route=\/wp\/v2\/media\/5403"}],"wp:attachment":[{"href":"https:\/\/turkiyemhaber.com\/index.php?rest_route=%2Fwp%2Fv2%2Fmedia&parent=5402"}],"wp:term":[{"taxonomy":"category","embeddable":true,"href":"https:\/\/turkiyemhaber.com\/index.php?rest_route=%2Fwp%2Fv2%2Fcategories&post=5402"},{"taxonomy":"post_tag","embeddable":true,"href":"https:\/\/turkiyemhaber.com\/index.php?rest_route=%2Fwp%2Fv2%2Ftags&post=5402"}],"curies":[{"name":"wp","href":"https:\/\/api.w.org\/{rel}","templated":true}]}}