{"id":5399,"date":"2026-08-24T15:45:59","date_gmt":"2026-08-24T15:45:59","guid":{"rendered":"https:\/\/turkiyemhaber.com\/?p=5399"},"modified":"2026-08-24T15:46:04","modified_gmt":"2026-08-24T15:46:04","slug":"kurt-iscilere-saldiri-iddiasinin-asli-bambaskaymis-supheliler-hakkinda-karar-verildi","status":"publish","type":"post","link":"https:\/\/turkiyemhaber.com\/?p=5399","title":{"rendered":"&#8220;K\u00fcrt \u0130\u015f\u00e7ilere Sald\u0131r\u0131&#8221; \u0130ddias\u0131n\u0131n Asl\u0131 Bamba\u015fkaym\u0131\u015f! \u015e\u00fcpheliler Hakk\u0131nda Karar Verildi"},"content":{"rendered":"\n<p class=\"wp-block-paragraph\">Zonguldak&#8217;\u0131n Alapl\u0131 il\u00e7esinde mevsimlik f\u0131nd\u0131k i\u015f\u00e7ileri ile k\u00f6yde ya\u015fayanlar aras\u0131nda ya\u015fanan gerginlikle ilgili soru\u015fturmada yeni ayr\u0131nt\u0131lar ortaya \u00e7\u0131kt\u0131.<\/p>\n\n\n\n<p class=\"wp-block-paragraph\">Kamuoyuna &#8220;K\u00fcrt i\u015f\u00e7ilere sald\u0131r\u0131&#8221; \u015feklinde yans\u0131yan olay\u0131n, ilk belirlemelere g\u00f6re \u00e7ocuklar aras\u0131nda ba\u015flayan bir tart\u0131\u015fman\u0131n ard\u0131ndan b\u00fcy\u00fcd\u00fc\u011f\u00fc belirtildi.<\/p>\n\n\n\n<h2 class=\"wp-block-heading\">OLAY \u00c7OCUKLARIN TARTI\u015eMASIYLA BA\u015eLADI<\/h2>\n\n\n\n<p class=\"wp-block-paragraph\">21 A\u011fustos ak\u015fam\u0131 Bekta\u015fl\u0131 k\u00f6y\u00fcnde meydana gelen olay\u0131n, mevsimlik i\u015f\u00e7ilerin \u00e7ocuklar\u0131 ile k\u00f6yde ya\u015fayan \u00e7ocuklar aras\u0131ndaki tart\u0131\u015fmayla ba\u015flad\u0131\u011f\u0131 aktar\u0131ld\u0131.<\/p>\n\n\n\n<p class=\"wp-block-paragraph\">\u0130ddiaya g\u00f6re \u00e7e\u015fmeye su doldurmaya giden 4 mevsimlik i\u015f\u00e7i \u00e7ocu\u011fu, b\u00f6lgede bulunan iki \u00e7ocu\u011fa \u00e7ekirdek kabuklar\u0131n\u0131 yere att\u0131klar\u0131 gerek\u00e7esiyle tepki g\u00f6sterdi. Tart\u0131\u015fman\u0131n k\u0131sa s\u00fcrede kavgaya d\u00f6n\u00fc\u015fmesi \u00fczerine iki \u00e7ocu\u011fun darbedildi\u011fi belirtildi.<\/p>\n\n\n\n<h2 class=\"wp-block-heading\">A\u0130LELER ARASINDA GERG\u0130NL\u0130K YA\u015eANDI<\/h2>\n\n\n\n<p class=\"wp-block-paragraph\">\u00c7ocuklar aras\u0131nda ya\u015fanan kavgan\u0131n ard\u0131ndan ailelerin de olaya dahil olmas\u0131yla b\u00f6lgede gerginlik ya\u015fand\u0131.<\/p>\n\n\n\n<p class=\"wp-block-paragraph\">\u0130hbar \u00fczerine jandarma ekipleri Bekta\u015fl\u0131 k\u00f6y\u00fcne sevk edildi. Ekipler b\u00f6lgede g\u00fcvenlik \u00f6nlemi alarak taraflar aras\u0131ndaki gerginli\u011fe m\u00fcdahale etti.<\/p>\n\n\n\n<p class=\"wp-block-paragraph\">Zonguldak Valili\u011fi taraf\u0131ndan yap\u0131lan de\u011ferlendirmede olay\u0131n iki aile aras\u0131nda ya\u015fanan m\u00fcnferit bir anla\u015fmazl\u0131ktan kaynakland\u0131\u011f\u0131 belirtildi.<\/p>\n\n\n\n<h2 class=\"wp-block-heading\">MEVS\u0130ML\u0130K \u0130\u015e\u00c7\u0130LER \u00c7ALI\u015eMAYA DEVAM ETT\u0130<\/h2>\n\n\n\n<p class=\"wp-block-paragraph\">Ya\u015fanan olay\u0131n ard\u0131ndan mevsimlik i\u015f\u00e7ilerin ayn\u0131 tarlada \u00e7al\u0131\u015fmay\u0131 s\u00fcrd\u00fcrd\u00fc\u011f\u00fc \u00f6\u011frenildi.<\/p>\n\n\n\n<p class=\"wp-block-paragraph\">S\u00f6z konusu i\u015f\u00e7ilerin yakla\u015f\u0131k 12 y\u0131ld\u0131r ayn\u0131 b\u00f6lgeye gelerek f\u0131nd\u0131k toplad\u0131\u011f\u0131 belirtildi.<\/p>\n\n\n\n<h2 class=\"wp-block-heading\">3 K\u0130\u015e\u0130YE ADL\u0130 KONTROL<\/h2>\n\n\n\n<p class=\"wp-block-paragraph\">Olayla ilgili jandarma taraf\u0131ndan g\u00f6zalt\u0131na al\u0131nan 4 ki\u015fi adliyeye sevk edildi. \u015e\u00fcphelilerden biri ifadesinin ard\u0131ndan serbest b\u0131rak\u0131l\u0131rken, 3 ki\u015fi hakk\u0131nda adli kontrol tedbiri uygulanmas\u0131na karar verildi.<\/p>\n\n\n\n<p class=\"wp-block-paragraph\">\u00c7ocuklar\u0131n ise ifadelerinin al\u0131nmas\u0131n\u0131n ard\u0131ndan serbest b\u0131rak\u0131ld\u0131\u011f\u0131 belirtildi.<\/p>\n\n\n\n<p class=\"wp-block-paragraph\">Olayla ilgili adli soru\u015fturman\u0131n devam etti\u011fi bildirildi.<\/p>\n","protected":false},"excerpt":{"rendered":"<p>Zonguldak&#8217;\u0131n Alapl\u0131 il\u00e7esinde mevsimlik f\u0131nd\u0131k i\u015f\u00e7ileri ile k\u00f6yde ya\u015fayanlar aras\u0131nda ya\u015fanan gerginlikle ilgili soru\u015fturmada yeni<\/p>\n","protected":false},"author":1,"featured_media":5400,"comment_status":"open","ping_status":"open","sticky":false,"template":"","format":"standard","meta":{"_rtcl_gb_attr":"","footnotes":""},"categories":[1],"tags":[],"class_list":["post-5399","post","type-post","status-publish","format-standard","has-post-thumbnail","hentry","category-http-turkiyemhaber-com-wp-content-uploads-2026-03-saray-59-haber-13-mart-pdf"],"_links":{"self":[{"href":"https:\/\/turkiyemhaber.com\/index.php?rest_route=\/wp\/v2\/posts\/5399","targetHints":{"allow":["GET"]}}],"collection":[{"href":"https:\/\/turkiyemhaber.com\/index.php?rest_route=\/wp\/v2\/posts"}],"about":[{"href":"https:\/\/turkiyemhaber.com\/index.php?rest_route=\/wp\/v2\/types\/post"}],"author":[{"embeddable":true,"href":"https:\/\/turkiyemhaber.com\/index.php?rest_route=\/wp\/v2\/users\/1"}],"replies":[{"embeddable":true,"href":"https:\/\/turkiyemhaber.com\/index.php?rest_route=%2Fwp%2Fv2%2Fcomments&post=5399"}],"version-history":[{"count":1,"href":"https:\/\/turkiyemhaber.com\/index.php?rest_route=\/wp\/v2\/posts\/5399\/revisions"}],"predecessor-version":[{"id":5401,"href":"https:\/\/turkiyemhaber.com\/index.php?rest_route=\/wp\/v2\/posts\/5399\/revisions\/5401"}],"wp:featuredmedia":[{"embeddable":true,"href":"https:\/\/turkiyemhaber.com\/index.php?rest_route=\/wp\/v2\/media\/5400"}],"wp:attachment":[{"href":"https:\/\/turkiyemhaber.com\/index.php?rest_route=%2Fwp%2Fv2%2Fmedia&parent=5399"}],"wp:term":[{"taxonomy":"category","embeddable":true,"href":"https:\/\/turkiyemhaber.com\/index.php?rest_route=%2Fwp%2Fv2%2Fcategories&post=5399"},{"taxonomy":"post_tag","embeddable":true,"href":"https:\/\/turkiyemhaber.com\/index.php?rest_route=%2Fwp%2Fv2%2Ftags&post=5399"}],"curies":[{"name":"wp","href":"https:\/\/api.w.org\/{rel}","templated":true}]}}