{"id":5395,"date":"2026-08-24T15:41:05","date_gmt":"2026-08-24T15:41:05","guid":{"rendered":"https:\/\/turkiyemhaber.com\/?p=5395"},"modified":"2026-08-24T15:41:11","modified_gmt":"2026-08-24T15:41:11","slug":"bulent-ersoydan-tepki-defol-git","status":"publish","type":"post","link":"https:\/\/turkiyemhaber.com\/?p=5395","title":{"rendered":"B\u00fclent Ersoy&#8217;dan Tepki: &#8220;Defol Git!&#8221;"},"content":{"rendered":"\n<p class=\"wp-block-paragraph\">B\u00fclent Ersoy&#8217;un Ayd\u0131n&#8217;\u0131n Ku\u015fadas\u0131 il\u00e7esinde verdi\u011fi konserde ya\u015fanan tart\u0131\u015fma dikkat \u00e7ekti. Teknik aksakl\u0131klar ve Ersoy&#8217;un ge\u00e7irdi\u011fi rahats\u0131zl\u0131k nedeniyle konserin yakla\u015f\u0131k 1,5 saat gecikmesi \u00fczerine bir seyirci tepki g\u00f6sterdi.<\/p>\n\n\n\n<h2 class=\"wp-block-heading\">KONSER GE\u00c7 BA\u015eLADI<\/h2>\n\n\n\n<p class=\"wp-block-paragraph\">Ku\u015fadas\u0131 Alt\u0131n G\u00fcvercin Amfi Tiyatro&#8217;da saat 21.00&#8217;de ba\u015flamas\u0131 planlanan konser, ya\u015fanan teknik sorunlar ve B\u00fclent Ersoy&#8217;un rahats\u0131zl\u0131\u011f\u0131 nedeniyle yakla\u015f\u0131k 1,5 saat gecikmeli ba\u015flad\u0131.<\/p>\n\n\n\n<p class=\"wp-block-paragraph\">Saat 22.30 s\u0131ralar\u0131nda sahneye \u00e7\u0131kan Ersoy&#8217;a bir seyirci, &#8220;Saat ka\u00e7 oldu? Seyirciye sayg\u0131&#8221; \u015feklinde tepki g\u00f6sterdi.<\/p>\n\n\n\n<figure class=\"wp-block-video\"><video height=\"1920\" style=\"aspect-ratio: 1080 \/ 1920;\" width=\"1080\" controls src=\"https:\/\/turkiyemhaber.com\/wp-content\/uploads\/2026\/08\/Adsiz-tasarim-4.mp4\"><\/video><\/figure>\n\n\n\n<h2 class=\"wp-block-heading\">SAHNEDE SERT KAR\u015eILIK<\/h2>\n\n\n\n<p class=\"wp-block-paragraph\">Seyircinin s\u00f6zleri \u00fczerine sinirlenen B\u00fclent Ersoy, kendisini bekleyen izleyicilere sayg\u0131 g\u00f6stermek amac\u0131yla sahneye \u00e7\u0131kt\u0131\u011f\u0131n\u0131 belirtti.<\/p>\n\n\n\n<p class=\"wp-block-paragraph\">Ersoy, tepki g\u00f6steren seyirciye sert s\u00f6zlerle kar\u015f\u0131l\u0131k vererek &#8220;Defol git&#8221; ifadesini kulland\u0131. Sanat\u00e7\u0131 ayr\u0131ca d\u0131\u015far\u0131da doktorlar\u0131n bulundu\u011funu ve ya\u015fad\u0131\u011f\u0131 rahats\u0131zl\u0131\u011fa ra\u011fmen konsere \u00e7\u0131kt\u0131\u011f\u0131n\u0131 s\u00f6yledi.<\/p>\n\n\n\n<h2 class=\"wp-block-heading\">O ANLAR KAMERADA<\/h2>\n\n\n\n<p class=\"wp-block-paragraph\">Konser alan\u0131nda bulunan bir ki\u015finin cep telefonuyla kaydetti\u011fi g\u00f6r\u00fcnt\u00fclerde, Ersoy ile seyirci aras\u0131ndaki tart\u0131\u015fman\u0131n anlar\u0131 yer ald\u0131.<\/p>\n\n\n\n<p class=\"wp-block-paragraph\">Ya\u015fanan olay, konser s\u0131ras\u0131nda bulunan di\u011fer izleyicilerin de dikkatini \u00e7ekti.<\/p>\n","protected":false},"excerpt":{"rendered":"<p>B\u00fclent Ersoy&#8217;un Ayd\u0131n&#8217;\u0131n Ku\u015fadas\u0131 il\u00e7esinde verdi\u011fi konserde ya\u015fanan tart\u0131\u015fma dikkat \u00e7ekti. Teknik aksakl\u0131klar ve Ersoy&#8217;un<\/p>\n","protected":false},"author":1,"featured_media":5396,"comment_status":"open","ping_status":"open","sticky":false,"template":"","format":"standard","meta":{"_rtcl_gb_attr":"","footnotes":""},"categories":[41],"tags":[],"class_list":["post-5395","post","type-post","status-publish","format-standard","has-post-thumbnail","hentry","category-magazin"],"_links":{"self":[{"href":"https:\/\/turkiyemhaber.com\/index.php?rest_route=\/wp\/v2\/posts\/5395","targetHints":{"allow":["GET"]}}],"collection":[{"href":"https:\/\/turkiyemhaber.com\/index.php?rest_route=\/wp\/v2\/posts"}],"about":[{"href":"https:\/\/turkiyemhaber.com\/index.php?rest_route=\/wp\/v2\/types\/post"}],"author":[{"embeddable":true,"href":"https:\/\/turkiyemhaber.com\/index.php?rest_route=\/wp\/v2\/users\/1"}],"replies":[{"embeddable":true,"href":"https:\/\/turkiyemhaber.com\/index.php?rest_route=%2Fwp%2Fv2%2Fcomments&post=5395"}],"version-history":[{"count":1,"href":"https:\/\/turkiyemhaber.com\/index.php?rest_route=\/wp\/v2\/posts\/5395\/revisions"}],"predecessor-version":[{"id":5398,"href":"https:\/\/turkiyemhaber.com\/index.php?rest_route=\/wp\/v2\/posts\/5395\/revisions\/5398"}],"wp:featuredmedia":[{"embeddable":true,"href":"https:\/\/turkiyemhaber.com\/index.php?rest_route=\/wp\/v2\/media\/5396"}],"wp:attachment":[{"href":"https:\/\/turkiyemhaber.com\/index.php?rest_route=%2Fwp%2Fv2%2Fmedia&parent=5395"}],"wp:term":[{"taxonomy":"category","embeddable":true,"href":"https:\/\/turkiyemhaber.com\/index.php?rest_route=%2Fwp%2Fv2%2Fcategories&post=5395"},{"taxonomy":"post_tag","embeddable":true,"href":"https:\/\/turkiyemhaber.com\/index.php?rest_route=%2Fwp%2Fv2%2Ftags&post=5395"}],"curies":[{"name":"wp","href":"https:\/\/api.w.org\/{rel}","templated":true}]}}