{"id":5392,"date":"2026-08-24T15:33:20","date_gmt":"2026-08-24T15:33:20","guid":{"rendered":"https:\/\/turkiyemhaber.com\/?p=5392"},"modified":"2026-08-24T15:33:27","modified_gmt":"2026-08-24T15:33:27","slug":"aylik-51-bin-lira-geliri-olan-turk-vatandaslarina-kapilarini-acan-avrupa-ulkesi","status":"publish","type":"post","link":"https:\/\/turkiyemhaber.com\/?p=5392","title":{"rendered":"Ayl\u0131k 51 Bin Lira Geliri Olan T\u00fcrk Vatanda\u015flar\u0131na Kap\u0131lar\u0131n\u0131 A\u00e7an Avrupa \u00dclkesi"},"content":{"rendered":"\n<p class=\"wp-block-paragraph\">Portekiz, d\u00fczenli ve yeterli gelire sahip yabanc\u0131lara \u00fclkede ya\u015fama imkan\u0131 sunan D7 vizesiyle \u00f6ne \u00e7\u0131k\u0131yor. Emekliler ile kira, temett\u00fc, faiz ve benzeri d\u00fczenli pasif gelirlere sahip ki\u015filer i\u00e7in tasarlanan program, T\u00fcrk vatanda\u015flar\u0131n\u0131n da ba\u015fvurular\u0131na a\u00e7\u0131k.<\/p>\n\n\n\n<p class=\"wp-block-paragraph\">2026 y\u0131l\u0131 i\u00e7in tek ki\u015filik ba\u015fvuruda ayl\u0131k 920 euro civar\u0131nda d\u00fczenli gelir \u015fart\u0131 aran\u0131yor. T\u00fcrk liras\u0131 kar\u015f\u0131l\u0131\u011f\u0131 kur de\u011fi\u015fikliklerine g\u00f6re farkl\u0131l\u0131k g\u00f6sterirken, bu tutar yakla\u015f\u0131k 51 bin liraya denk geliyor.<\/p>\n\n\n\n<h2 class=\"wp-block-heading\">D7 V\u0130ZES\u0130 NED\u0130R?<\/h2>\n\n\n\n<p class=\"wp-block-paragraph\">D7 vizesi, d\u00fczenli gelirini belgeleyebilen ve Portekiz&#8217;de kendi ge\u00e7imini sa\u011flayabilecek durumda olan AB, AEA ve \u0130svi\u00e7re d\u0131\u015f\u0131ndaki \u00fclke vatanda\u015flar\u0131na y\u00f6nelik bir oturum se\u00e7ene\u011fi.<\/p>\n\n\n\n<p class=\"wp-block-paragraph\">\u00d6zellikle emekliler ve \u00e7al\u0131\u015fmadan d\u00fczenli gelir elde eden ki\u015filer taraf\u0131ndan tercih ediliyor.<\/p>\n\n\n\n<h2 class=\"wp-block-heading\">GEL\u0130R\u0130N BELGELENMES\u0130 GEREK\u0130YOR<\/h2>\n\n\n\n<p class=\"wp-block-paragraph\">Ba\u015fvuru s\u0131ras\u0131nda yaln\u0131zca belirli miktarda paran\u0131n banka hesab\u0131nda bulunmas\u0131 yeterli g\u00f6r\u00fclm\u00fcyor. Gelirin yasal bir kayna\u011f\u0131n\u0131n olmas\u0131, d\u00fczenli \u015fekilde elde edilmesi ve resmi belgelerle kan\u0131tlanabilmesi gerekiyor.<\/p>\n\n\n\n<p class=\"wp-block-paragraph\">Ba\u015fvuru sahibinin Portekiz&#8217;deki konaklama durumu da de\u011ferlendirme kapsam\u0131nda bulunuyor.<\/p>\n\n\n\n<h2 class=\"wp-block-heading\">HANG\u0130 GEL\u0130RLER KABUL ED\u0130LEB\u0130L\u0130YOR?<\/h2>\n\n\n\n<p class=\"wp-block-paragraph\">D7 kapsam\u0131nda de\u011ferlendirilebilecek d\u00fczenli gelir kaynaklar\u0131 aras\u0131nda \u015funlar bulunuyor:<\/p>\n\n\n\n<ul class=\"wp-block-list\">\n<li>Emekli maa\u015f\u0131<\/li>\n\n\n\n<li>Gayrimenkul kira geliri<\/li>\n\n\n\n<li>\u015eirket k\u00e2r pay\u0131 ve temett\u00fc<\/li>\n\n\n\n<li>Faiz ve yat\u0131r\u0131m gelirleri<\/li>\n\n\n\n<li>Di\u011fer d\u00fczenli ve belgelenebilir pasif gelirler<\/li>\n<\/ul>\n\n\n\n<h2 class=\"wp-block-heading\">T\u00dcRK VATANDA\u015eLARI DA BA\u015eVURAB\u0130L\u0130YOR<\/h2>\n\n\n\n<p class=\"wp-block-paragraph\">Gelir \u015fartlar\u0131n\u0131 ve di\u011fer ba\u015fvuru ko\u015fullar\u0131n\u0131 kar\u015f\u0131layan T\u00fcrk vatanda\u015flar\u0131 da D7 vizesine ba\u015fvurabiliyor.<\/p>\n\n\n\n<p class=\"wp-block-paragraph\">Program\u0131n temel amac\u0131, Portekiz&#8217;de \u00e7al\u0131\u015fmadan kendi ge\u00e7imini sa\u011flayabilecek ki\u015filerin \u00fclkeye yerle\u015fmesine imkan tan\u0131mak.<\/p>\n\n\n\n<h2 class=\"wp-block-heading\">\u00c7ALI\u015eMA KONUSUNDA D\u0130KKAT ED\u0130LMES\u0130 GEREKEN NOKTA<\/h2>\n\n\n\n<p class=\"wp-block-paragraph\">D7 vizesi esas olarak d\u00fczenli pasif gelire sahip ki\u015filerin oturumuna y\u00f6nelik. Portekiz&#8217;de \u00fccretli veya ba\u011f\u0131ms\u0131z \u00e7al\u0131\u015fma plan\u0131 bulunan ki\u015filerin ise \u00e7al\u0131\u015fma amac\u0131yla uygulanan farkl\u0131 oturum s\u00fcre\u00e7lerini de\u011ferlendirmesi gerekiyor.<\/p>\n\n\n\n<p class=\"wp-block-paragraph\">Ba\u015fvuru \u00f6ncesinde gelir, konaklama ve di\u011fer \u015fartlar\u0131n g\u00fcncel mevzuata g\u00f6re kontrol edilmesi \u00f6nem ta\u015f\u0131yor.<\/p>\n","protected":false},"excerpt":{"rendered":"<p>Portekiz, d\u00fczenli ve yeterli gelire sahip yabanc\u0131lara \u00fclkede ya\u015fama imkan\u0131 sunan D7 vizesiyle \u00f6ne \u00e7\u0131k\u0131yor.<\/p>\n","protected":false},"author":1,"featured_media":5393,"comment_status":"open","ping_status":"open","sticky":false,"template":"","format":"standard","meta":{"_rtcl_gb_attr":"","footnotes":""},"categories":[1],"tags":[],"class_list":["post-5392","post","type-post","status-publish","format-standard","has-post-thumbnail","hentry","category-http-turkiyemhaber-com-wp-content-uploads-2026-03-saray-59-haber-13-mart-pdf"],"_links":{"self":[{"href":"https:\/\/turkiyemhaber.com\/index.php?rest_route=\/wp\/v2\/posts\/5392","targetHints":{"allow":["GET"]}}],"collection":[{"href":"https:\/\/turkiyemhaber.com\/index.php?rest_route=\/wp\/v2\/posts"}],"about":[{"href":"https:\/\/turkiyemhaber.com\/index.php?rest_route=\/wp\/v2\/types\/post"}],"author":[{"embeddable":true,"href":"https:\/\/turkiyemhaber.com\/index.php?rest_route=\/wp\/v2\/users\/1"}],"replies":[{"embeddable":true,"href":"https:\/\/turkiyemhaber.com\/index.php?rest_route=%2Fwp%2Fv2%2Fcomments&post=5392"}],"version-history":[{"count":1,"href":"https:\/\/turkiyemhaber.com\/index.php?rest_route=\/wp\/v2\/posts\/5392\/revisions"}],"predecessor-version":[{"id":5394,"href":"https:\/\/turkiyemhaber.com\/index.php?rest_route=\/wp\/v2\/posts\/5392\/revisions\/5394"}],"wp:featuredmedia":[{"embeddable":true,"href":"https:\/\/turkiyemhaber.com\/index.php?rest_route=\/wp\/v2\/media\/5393"}],"wp:attachment":[{"href":"https:\/\/turkiyemhaber.com\/index.php?rest_route=%2Fwp%2Fv2%2Fmedia&parent=5392"}],"wp:term":[{"taxonomy":"category","embeddable":true,"href":"https:\/\/turkiyemhaber.com\/index.php?rest_route=%2Fwp%2Fv2%2Fcategories&post=5392"},{"taxonomy":"post_tag","embeddable":true,"href":"https:\/\/turkiyemhaber.com\/index.php?rest_route=%2Fwp%2Fv2%2Ftags&post=5392"}],"curies":[{"name":"wp","href":"https:\/\/api.w.org\/{rel}","templated":true}]}}