{"id":5386,"date":"2026-08-24T15:25:23","date_gmt":"2026-08-24T15:25:23","guid":{"rendered":"https:\/\/turkiyemhaber.com\/?p=5386"},"modified":"2026-08-24T15:25:29","modified_gmt":"2026-08-24T15:25:29","slug":"topcu-olacakti-popcu-oldu-murat-bozun-hayatini-annesi-degistirmis","status":"publish","type":"post","link":"https:\/\/turkiyemhaber.com\/?p=5386","title":{"rendered":"Top\u00e7u Olacakt\u0131 Pop\u00e7u Oldu! Murat Boz&#8217;un Hayat\u0131n\u0131 Annesi De\u011fi\u015ftirmi\u015f"},"content":{"rendered":"\n<p class=\"wp-block-paragraph\">\u00dcnl\u00fc \u015fark\u0131c\u0131 Murat Boz, kat\u0131ld\u0131\u011f\u0131 bir YouTube program\u0131nda \u00e7ocukluk y\u0131llar\u0131ndan m\u00fczik kariyerine uzanan hikayesini anlatt\u0131. K\u00fc\u00e7\u00fck ya\u015flardan itibaren futbola ilgi duydu\u011funu s\u00f6yleyen Boz, m\u00fczi\u011fe y\u00f6nelmesinde annesinin \u00f6nemli bir rol oynad\u0131\u011f\u0131n\u0131 a\u00e7\u0131klad\u0131.<\/p>\n\n\n\n<figure class=\"wp-block-image size-full\"><img loading=\"lazy\" decoding=\"async\" width=\"640\" height=\"964\" src=\"https:\/\/turkiyemhaber.com\/wp-content\/uploads\/2026\/08\/20260824_16701ef263fe472997bdc70895805d24.webp\" alt=\"\" class=\"wp-image-5388\" srcset=\"https:\/\/turkiyemhaber.com\/wp-content\/uploads\/2026\/08\/20260824_16701ef263fe472997bdc70895805d24.webp 640w, https:\/\/turkiyemhaber.com\/wp-content\/uploads\/2026\/08\/20260824_16701ef263fe472997bdc70895805d24-199x300.webp 199w, https:\/\/turkiyemhaber.com\/wp-content\/uploads\/2026\/08\/20260824_16701ef263fe472997bdc70895805d24-8x12.webp 8w\" sizes=\"auto, (max-width: 640px) 100vw, 640px\" \/><\/figure>\n\n\n\n<h2 class=\"wp-block-heading\">FUTBOL HAYAL\u0130 ANNES\u0130N\u0130N Y\u00d6NLEND\u0130RMES\u0130YLE DE\u011e\u0130\u015eT\u0130<\/h2>\n\n\n\n<p class=\"wp-block-paragraph\">17 ya\u015f\u0131na kadar futbolla ilgilenen Murat Boz, \u00e7ocuklu\u011funda profesyonel futbolcu olmay\u0131 hayal etti\u011fini belirtti.<\/p>\n\n\n\n<p class=\"wp-block-paragraph\">Boz, annesinin kendisini m\u00fczi\u011fe y\u00f6nlendirmesiyle hayat\u0131n\u0131n farkl\u0131 bir yola girdi\u011fini ifade ederek lisede g\u00fczel sanatlar e\u011fitimi almaya ba\u015flad\u0131\u011f\u0131n\u0131 ve futbol kariyerinin de bu d\u00f6nemde sona erdi\u011fini anlatt\u0131.<\/p>\n\n\n\n<p class=\"wp-block-paragraph\">Futbol oynad\u0131\u011f\u0131 y\u0131llarda dizlerinde sorunlar ya\u015fad\u0131\u011f\u0131n\u0131 s\u00f6yleyen sanat\u00e7\u0131, doktor kontrol\u00fcnde dizlerindeki k\u0131k\u0131rdaklarda y\u0131pranma oldu\u011funu \u00f6\u011frendi\u011fini de aktard\u0131.<\/p>\n\n\n\n<h2 class=\"wp-block-heading\">&#8220;BA\u015eARISIZLIKLARIM BEN\u0130 BUG\u00dcNE GET\u0130RD\u0130&#8221;<\/h2>\n\n\n\n<p class=\"wp-block-paragraph\">Kariyerindeki ba\u015far\u0131lar\u0131n yan\u0131 s\u0131ra ya\u015fad\u0131\u011f\u0131 ba\u015far\u0131s\u0131zl\u0131klardan da \u00f6nemli dersler \u00e7\u0131kard\u0131\u011f\u0131n\u0131 belirten Boz, elde etti\u011fi ba\u015far\u0131larla hi\u00e7bir zaman b\u00f6b\u00fcrlenmedi\u011fini s\u00f6yledi.<\/p>\n\n\n\n<p class=\"wp-block-paragraph\">Ge\u00e7mi\u015fte yapt\u0131\u011f\u0131 hatalar\u0131n ve ya\u015fad\u0131\u011f\u0131 ba\u015far\u0131s\u0131zl\u0131klar\u0131n bug\u00fcn bulundu\u011fu noktaya ula\u015fmas\u0131nda etkili oldu\u011funu ifade eden sanat\u00e7\u0131, mesle\u011finde daha gidecek \u00e7ok yolu oldu\u011funu dile getirdi.<\/p>\n\n\n\n<figure class=\"wp-block-image size-full\"><img loading=\"lazy\" decoding=\"async\" width=\"640\" height=\"960\" src=\"https:\/\/turkiyemhaber.com\/wp-content\/uploads\/2026\/08\/20260824_43df858c1a7744ffb7e8979cfabcd480.jpg\" alt=\"\" class=\"wp-image-5389\" srcset=\"https:\/\/turkiyemhaber.com\/wp-content\/uploads\/2026\/08\/20260824_43df858c1a7744ffb7e8979cfabcd480.jpg 640w, https:\/\/turkiyemhaber.com\/wp-content\/uploads\/2026\/08\/20260824_43df858c1a7744ffb7e8979cfabcd480-200x300.jpg 200w, https:\/\/turkiyemhaber.com\/wp-content\/uploads\/2026\/08\/20260824_43df858c1a7744ffb7e8979cfabcd480-8x12.jpg 8w\" sizes=\"auto, (max-width: 640px) 100vw, 640px\" \/><\/figure>\n\n\n\n<h2 class=\"wp-block-heading\">TARKAN&#8217;LA \u00c7ALI\u015eTI\u011eI YILLAR KAR\u0130YER\u0130N\u0130 DE\u011e\u0130\u015eT\u0130RD\u0130<\/h2>\n\n\n\n<p class=\"wp-block-paragraph\">Murat Boz, kariyerinin \u015fekillenmesinde Tarkan&#8217;\u0131n vokalistli\u011fini yapt\u0131\u011f\u0131 y\u0131llar\u0131n da b\u00fcy\u00fck etkisi oldu\u011funu anlatt\u0131.<\/p>\n\n\n\n<p class=\"wp-block-paragraph\">Yakla\u015f\u0131k 5-6 y\u0131l Tarkan&#8217;\u0131n vokalistli\u011fini yapan Boz, bu s\u00fcre\u00e7te \u00f6nemli tecr\u00fcbeler kazand\u0131\u011f\u0131n\u0131 belirtti. Ba\u015flang\u0131\u00e7ta pop y\u0131ld\u0131z\u0131 olmay\u0131 d\u00fc\u015f\u00fcnmedi\u011fini s\u00f6yleyen sanat\u00e7\u0131, bir konserde Tarkan&#8217;\u0131n kendisine &#8220;Asla&#8221; \u015fark\u0131s\u0131n\u0131 s\u00f6yletti\u011fini ve bu an\u0131n kariyerinde d\u00f6n\u00fcm noktas\u0131 oldu\u011funu ifade etti.<\/p>\n\n\n\n<p class=\"wp-block-paragraph\">Boz, Tarkan&#8217;dan \u00e7ok \u015fey \u00f6\u011frendi\u011fini belirterek \u00fcnl\u00fc sanat\u00e7\u0131ya te\u015fekk\u00fcr etti.<\/p>\n\n\n\n<figure class=\"wp-block-image size-full\"><img loading=\"lazy\" decoding=\"async\" width=\"640\" height=\"421\" src=\"https:\/\/turkiyemhaber.com\/wp-content\/uploads\/2026\/08\/20260824_d37267c26bf34839a424a8494acfba77.webp\" alt=\"\" class=\"wp-image-5390\" srcset=\"https:\/\/turkiyemhaber.com\/wp-content\/uploads\/2026\/08\/20260824_d37267c26bf34839a424a8494acfba77.webp 640w, https:\/\/turkiyemhaber.com\/wp-content\/uploads\/2026\/08\/20260824_d37267c26bf34839a424a8494acfba77-18x12.webp 18w, https:\/\/turkiyemhaber.com\/wp-content\/uploads\/2026\/08\/20260824_d37267c26bf34839a424a8494acfba77-300x197.webp 300w\" sizes=\"auto, (max-width: 640px) 100vw, 640px\" \/><\/figure>\n\n\n\n<h2 class=\"wp-block-heading\">&#8220;ACUN BEN\u0130M AB\u0130MD\u0130R&#8221;<\/h2>\n\n\n\n<p class=\"wp-block-paragraph\">Murat Boz, &#8220;O Ses T\u00fcrkiye&#8221; program\u0131ndaki j\u00fcri \u00fcyeli\u011finin de kariyerinde \u00f6nemli bir yere sahip oldu\u011funu s\u00f6yledi.<\/p>\n\n\n\n<p class=\"wp-block-paragraph\">Program sayesinde T\u00fcrkiye&#8217;nin farkl\u0131 kesimlerinden geni\u015f bir izleyici kitlesine ula\u015ft\u0131\u011f\u0131n\u0131 belirten Boz, Acun Il\u0131cal\u0131&#8217;n\u0131n kariyerindeki etkisinin \u00e7ok b\u00fcy\u00fck oldu\u011funu ifade etti.<\/p>\n\n\n\n<p class=\"wp-block-paragraph\">Boz, Il\u0131cal\u0131 i\u00e7in &#8220;Benim hayat\u0131mdaki etkisi \u00e7ok k\u0131ymetli. \u00c7ok b\u00fcy\u00fckt\u00fcr. Yani benim abimdir kendisi&#8221; s\u00f6zlerini kulland\u0131.<\/p>\n","protected":false},"excerpt":{"rendered":"<p>\u00dcnl\u00fc \u015fark\u0131c\u0131 Murat Boz, kat\u0131ld\u0131\u011f\u0131 bir YouTube program\u0131nda \u00e7ocukluk y\u0131llar\u0131ndan m\u00fczik kariyerine uzanan hikayesini anlatt\u0131.<\/p>\n","protected":false},"author":1,"featured_media":5387,"comment_status":"open","ping_status":"open","sticky":false,"template":"","format":"standard","meta":{"_rtcl_gb_attr":"","footnotes":""},"categories":[41],"tags":[],"class_list":["post-5386","post","type-post","status-publish","format-standard","has-post-thumbnail","hentry","category-magazin"],"_links":{"self":[{"href":"https:\/\/turkiyemhaber.com\/index.php?rest_route=\/wp\/v2\/posts\/5386","targetHints":{"allow":["GET"]}}],"collection":[{"href":"https:\/\/turkiyemhaber.com\/index.php?rest_route=\/wp\/v2\/posts"}],"about":[{"href":"https:\/\/turkiyemhaber.com\/index.php?rest_route=\/wp\/v2\/types\/post"}],"author":[{"embeddable":true,"href":"https:\/\/turkiyemhaber.com\/index.php?rest_route=\/wp\/v2\/users\/1"}],"replies":[{"embeddable":true,"href":"https:\/\/turkiyemhaber.com\/index.php?rest_route=%2Fwp%2Fv2%2Fcomments&post=5386"}],"version-history":[{"count":1,"href":"https:\/\/turkiyemhaber.com\/index.php?rest_route=\/wp\/v2\/posts\/5386\/revisions"}],"predecessor-version":[{"id":5391,"href":"https:\/\/turkiyemhaber.com\/index.php?rest_route=\/wp\/v2\/posts\/5386\/revisions\/5391"}],"wp:featuredmedia":[{"embeddable":true,"href":"https:\/\/turkiyemhaber.com\/index.php?rest_route=\/wp\/v2\/media\/5387"}],"wp:attachment":[{"href":"https:\/\/turkiyemhaber.com\/index.php?rest_route=%2Fwp%2Fv2%2Fmedia&parent=5386"}],"wp:term":[{"taxonomy":"category","embeddable":true,"href":"https:\/\/turkiyemhaber.com\/index.php?rest_route=%2Fwp%2Fv2%2Fcategories&post=5386"},{"taxonomy":"post_tag","embeddable":true,"href":"https:\/\/turkiyemhaber.com\/index.php?rest_route=%2Fwp%2Fv2%2Ftags&post=5386"}],"curies":[{"name":"wp","href":"https:\/\/api.w.org\/{rel}","templated":true}]}}