{"id":5383,"date":"2026-08-24T15:21:08","date_gmt":"2026-08-24T15:21:08","guid":{"rendered":"https:\/\/turkiyemhaber.com\/?p=5383"},"modified":"2026-08-24T15:21:14","modified_gmt":"2026-08-24T15:21:14","slug":"memur-olarak-atandigi-kurumda-gorduklerine-inanamadi-bu-ulke-nasil-ayakta-duruyor","status":"publish","type":"post","link":"https:\/\/turkiyemhaber.com\/?p=5383","title":{"rendered":"Memur Olarak Atand\u0131\u011f\u0131 Kurumda G\u00f6rd\u00fcklerine \u0130nanamad\u0131: \u201cBu \u00dclke Nas\u0131l Ayakta Duruyor?\u201d"},"content":{"rendered":"\n<p class=\"wp-block-paragraph\">Bir belediyeye memur olarak atanan vatanda\u015f\u0131n \u00e7al\u0131\u015fma ortam\u0131, kamudaki i\u015f disiplini ve maa\u015f skalas\u0131na ili\u015fkin sosyal medyada yapt\u0131\u011f\u0131 payla\u015f\u0131m g\u00fcndem oldu. Yeni memur, g\u00f6rev yapt\u0131\u011f\u0131 m\u00fcd\u00fcrl\u00fckte eski memurlara i\u015f yapt\u0131r\u0131lamad\u0131\u011f\u0131n\u0131, baz\u0131 \u00e7al\u0131\u015fanlar\u0131n mesai saatlerini telefon oyunlar\u0131 ve YouTube izleyerek ge\u00e7irdi\u011fini \u00f6ne s\u00fcrerken, personel say\u0131s\u0131 ile i\u015f y\u00fck\u00fc aras\u0131ndaki dengesizli\u011fe de dikkat \u00e7ekti.<\/p>\n\n\n\n<p class=\"wp-block-paragraph\">Kamuda liyakat, verimlilik ve maa\u015f adaleti tart\u0131\u015fmalar\u0131 devam ederken, bir belediyeye memur olarak atand\u0131\u011f\u0131n\u0131 belirten vatanda\u015f\u0131n g\u00f6rev yapt\u0131\u011f\u0131 kurumla ilgili payla\u015ft\u0131\u011f\u0131 g\u00f6zlemler dikkat \u00e7ekti. Yeni memur, m\u00fcd\u00fcrl\u00fc\u011f\u00fcndeki g\u00fcnl\u00fck \u00e7al\u0131\u015fma d\u00fczenini ve personelin mesai i\u00e7erisindeki faaliyetlerini anlatarak kamudaki personel yo\u011funlu\u011fu ve i\u015f disiplini konusunda ele\u015ftirilerde bulundu.<\/p>\n\n\n\n<h3 class=\"wp-block-heading\">\u201c150 K\u0130\u015e\u0130 VAR AMA 30 K\u0130\u015e\u0130 OLSA \u0130\u015eLER AKSAMAZ\u201d<\/h3>\n\n\n\n<p class=\"wp-block-paragraph\">G\u00f6rev yapt\u0131\u011f\u0131 m\u00fcd\u00fcrl\u00fckte yakla\u015f\u0131k 150 ki\u015finin bulundu\u011funu belirten yeni memur, personel say\u0131s\u0131n\u0131n yap\u0131lan i\u015fin hacmiyle orant\u0131l\u0131 olmad\u0131\u011f\u0131n\u0131 savundu.<\/p>\n\n\n\n<p class=\"wp-block-paragraph\">Yeni memur payla\u015f\u0131m\u0131nda, \u201cBulundu\u011fum m\u00fcd\u00fcrl\u00fckte 150 ki\u015fi falan var ama emin olun 30 ki\u015fi olsa yine i\u015fler hi\u00e7 aksamaz. Eski memurlara kimse i\u015f yapt\u0131r\u0131lam\u0131yor. \u0130\u015f seviyesi yerlerde&#8230; Herkes YouTube ya da telefondan oyun oynuyor. Mesai 08.30\u2019da ba\u015fl\u0131yor ama iki po\u011fa\u00e7a, bir \u00e7ay al\u0131p bilgisayar\u0131n ba\u015f\u0131na oturmalar\u0131 09.30\u2019u buluyor.\u201d ifadelerini kulland\u0131.<\/p>\n\n\n\n<h3 class=\"wp-block-heading\">Y\u00dcKSEK MAA\u015eLAR VE \u0130\u015e\u00c7\u0130LERLE \u0130LG\u0130L\u0130 D\u0130KKAT \u00c7EKEN \u0130DD\u0130ALAR<\/h3>\n\n\n\n<p class=\"wp-block-paragraph\">Payla\u015f\u0131m\u0131nda kurum i\u00e7erisindeki maa\u015flara da de\u011finen yeni memur, en d\u00fc\u015f\u00fck memur maa\u015f\u0131n\u0131n 80-90 bin TL seviyesinde oldu\u011funu \u00f6ne s\u00fcrd\u00fc. Tekniker ve m\u00fchendislerin ise 110 bin TL ile 150 bin TL aras\u0131nda \u00fccret ald\u0131\u011f\u0131n\u0131 belirtti.<\/p>\n\n\n\n<p class=\"wp-block-paragraph\">\u0130\u015f\u00e7i kadrosunda \u00e7al\u0131\u015fan personellerin \u00fccretlerine de dikkat \u00e7eken yeni memur, baz\u0131 i\u015f\u00e7ilerin en az 130 bin TL maa\u015f ald\u0131\u011f\u0131n\u0131 iddia etti.<\/p>\n\n\n\n<p class=\"wp-block-paragraph\">Yeni memur, i\u015f\u00e7ilerin yapt\u0131\u011f\u0131 i\u015fleri de ele\u015ftirerek, \u201cHele bir de i\u015f\u00e7iler var, en az 130 bin TL al\u0131yor. \u0130\u015f\u00e7i dedi\u011fime bakma, tek i\u015fi bir evra\u011f\u0131 yan masadan al\u0131p \u00fcst kata b\u0131rakmak. Bu \u00fclke nas\u0131l ayakta duruyor, anlamad\u0131m.\u201d ifadelerini kulland\u0131.<\/p>\n","protected":false},"excerpt":{"rendered":"<p>Bir belediyeye memur olarak atanan vatanda\u015f\u0131n \u00e7al\u0131\u015fma ortam\u0131, kamudaki i\u015f disiplini ve maa\u015f skalas\u0131na ili\u015fkin<\/p>\n","protected":false},"author":1,"featured_media":5384,"comment_status":"open","ping_status":"open","sticky":false,"template":"","format":"standard","meta":{"_rtcl_gb_attr":"","footnotes":""},"categories":[1],"tags":[],"class_list":["post-5383","post","type-post","status-publish","format-standard","has-post-thumbnail","hentry","category-http-turkiyemhaber-com-wp-content-uploads-2026-03-saray-59-haber-13-mart-pdf"],"_links":{"self":[{"href":"https:\/\/turkiyemhaber.com\/index.php?rest_route=\/wp\/v2\/posts\/5383","targetHints":{"allow":["GET"]}}],"collection":[{"href":"https:\/\/turkiyemhaber.com\/index.php?rest_route=\/wp\/v2\/posts"}],"about":[{"href":"https:\/\/turkiyemhaber.com\/index.php?rest_route=\/wp\/v2\/types\/post"}],"author":[{"embeddable":true,"href":"https:\/\/turkiyemhaber.com\/index.php?rest_route=\/wp\/v2\/users\/1"}],"replies":[{"embeddable":true,"href":"https:\/\/turkiyemhaber.com\/index.php?rest_route=%2Fwp%2Fv2%2Fcomments&post=5383"}],"version-history":[{"count":1,"href":"https:\/\/turkiyemhaber.com\/index.php?rest_route=\/wp\/v2\/posts\/5383\/revisions"}],"predecessor-version":[{"id":5385,"href":"https:\/\/turkiyemhaber.com\/index.php?rest_route=\/wp\/v2\/posts\/5383\/revisions\/5385"}],"wp:featuredmedia":[{"embeddable":true,"href":"https:\/\/turkiyemhaber.com\/index.php?rest_route=\/wp\/v2\/media\/5384"}],"wp:attachment":[{"href":"https:\/\/turkiyemhaber.com\/index.php?rest_route=%2Fwp%2Fv2%2Fmedia&parent=5383"}],"wp:term":[{"taxonomy":"category","embeddable":true,"href":"https:\/\/turkiyemhaber.com\/index.php?rest_route=%2Fwp%2Fv2%2Fcategories&post=5383"},{"taxonomy":"post_tag","embeddable":true,"href":"https:\/\/turkiyemhaber.com\/index.php?rest_route=%2Fwp%2Fv2%2Ftags&post=5383"}],"curies":[{"name":"wp","href":"https:\/\/api.w.org\/{rel}","templated":true}]}}