{"id":5378,"date":"2026-08-24T15:16:06","date_gmt":"2026-08-24T15:16:06","guid":{"rendered":"https:\/\/turkiyemhaber.com\/?p=5378"},"modified":"2026-08-24T15:16:12","modified_gmt":"2026-08-24T15:16:12","slug":"ankarada-gorev-almak-istiyorum-demisti-demirtasin-sozlerine-aciklik-getirildi","status":"publish","type":"post","link":"https:\/\/turkiyemhaber.com\/?p=5378","title":{"rendered":"\u201cAnkara\u2019da g\u00f6rev almak istiyorum\u201d demi\u015fti! Demirta\u015f\u2019\u0131n s\u00f6zlerine a\u00e7\u0131kl\u0131k getirildi"},"content":{"rendered":"\n<p class=\"wp-block-paragraph\">Selahattin Demirta\u015f\u2019\u0131n cezaevindeki g\u00f6r\u00fc\u015fmesinde kulland\u0131\u011f\u0131 aktar\u0131lan \u201cAnkara\u2019da g\u00f6rev almak istiyorum\u201d s\u00f6zlerinin iktidardan makam talebi olarak yorumlanmas\u0131n\u0131n ard\u0131ndan pe\u015f pe\u015fe a\u00e7\u0131klamalar geldi. Demirta\u015f&#8217;\u0131n s\u00f6zlerini aktaran Kani Torun, yeni bir a\u00e7\u0131klama yaparak Demirta\u015f\u2019\u0131n kast\u0131n\u0131n \u201c\u00fclkeyi y\u00f6netmeye talip olmak\u201d anlam\u0131n\u0131 ta\u015f\u0131d\u0131\u011f\u0131n\u0131 s\u00f6yledi.<\/p>\n\n\n\n<p class=\"wp-block-paragraph\">Yakla\u015f\u0131k 10 y\u0131ld\u0131r Edirne&#8217;de tutuklu bulunan eski HDP E\u015f Genel Ba\u015fkan\u0131 Selahattin Demirta\u015f&#8217;\u0131n, \u201cAnkara&#8217;da g\u00f6rev almak istiyorum\u201d \u015feklindeki ifadelerinin farkl\u0131 yorumlanmas\u0131 \u00fczerine pe\u015f pe\u015fe a\u00e7\u0131klamalar geldi. Ba\u011f\u0131ms\u0131z Milletvekili Kani Torun ve gazeteci Cansu \u00c7aml\u0131bel, s\u00f6z konusu ifadelerin ba\u011flam\u0131ndan kopar\u0131ld\u0131\u011f\u0131n\u0131 belirterek as\u0131l kast\u0131n \u201c\u00fclkeyi y\u00f6netmeye talip olmak\u201d oldu\u011funu ifade etti.<\/p>\n\n\n\n<figure class=\"wp-block-image size-full\"><img loading=\"lazy\" decoding=\"async\" width=\"735\" height=\"490\" src=\"https:\/\/turkiyemhaber.com\/wp-content\/uploads\/2026\/08\/ankarada-gorev-almak-istiyorum_20171265_41.jpg\" alt=\"\" class=\"wp-image-5380\" srcset=\"https:\/\/turkiyemhaber.com\/wp-content\/uploads\/2026\/08\/ankarada-gorev-almak-istiyorum_20171265_41.jpg 735w, https:\/\/turkiyemhaber.com\/wp-content\/uploads\/2026\/08\/ankarada-gorev-almak-istiyorum_20171265_41-300x200.jpg 300w, https:\/\/turkiyemhaber.com\/wp-content\/uploads\/2026\/08\/ankarada-gorev-almak-istiyorum_20171265_41-18x12.jpg 18w\" sizes=\"auto, (max-width: 735px) 100vw, 735px\" \/><\/figure>\n\n\n\n<h3 class=\"wp-block-heading\">\u201c\u0130K\u0130S\u0130 B\u0130RB\u0130R\u0130NDEN \u00c7OK FARKLI \u015eEYLER\u201d<\/h3>\n\n\n\n<p class=\"wp-block-paragraph\">K\u0131sa s\u00fcre \u00f6nce Selahattin Demirta\u015f ile cezaevinde bir g\u00f6r\u00fc\u015fme ger\u00e7ekle\u015ftiren Ba\u011f\u0131ms\u0131z Milletvekili Kani Torun, T24 yazar\u0131 Cansu \u00c7aml\u0131bel&#8217;e verdi\u011fi r\u00f6portajda Demirta\u015f&#8217;\u0131n \u201cBen Ankara&#8217;da g\u00f6rev almak istiyorum\u201d dedi\u011fini aktarm\u0131\u015ft\u0131.<\/p>\n\n\n\n<p class=\"wp-block-paragraph\">Bu s\u00f6zlerin sosyal medyada \u201ciktidardan g\u00f6rev veya makam bekledi\u011fi\u201d \u015feklinde yorumlanmas\u0131 \u00fczerine Torun bir d\u00fczeltme yapt\u0131. Torun, ifadelerin \u00e7arp\u0131t\u0131ld\u0131\u011f\u0131n\u0131 belirterek, Demirta\u015f&#8217;\u0131n a\u00e7\u0131k\u00e7a \u201c\u00fclkeyi y\u00f6netmeye talip oldu\u011funu\u201d vurgulad\u0131\u011f\u0131n\u0131 ve iktidardan g\u00f6rev beklemek ile \u00fclke y\u00f6netimine talip olman\u0131n birbirinden tamamen farkl\u0131 durumlar oldu\u011funu ifade etti.<\/p>\n\n\n\n<h3 class=\"wp-block-heading\">\u00c7AMLIBEL: CUMHURBA\u015eKANLI\u011eI ADAYLI\u011eINI KASTETT\u0130\u011e\u0130N\u0130 ANLADI\u011eIM \u0130\u00c7\u0130N O SORUYU SORDUM<\/h3>\n\n\n\n<figure class=\"wp-block-image size-full\"><img loading=\"lazy\" decoding=\"async\" width=\"640\" height=\"202\" src=\"https:\/\/turkiyemhaber.com\/wp-content\/uploads\/2026\/08\/ankarada-gorev-almak-istiyorum-20171991-5839_1_m.webp\" alt=\"\" class=\"wp-image-5381\" srcset=\"https:\/\/turkiyemhaber.com\/wp-content\/uploads\/2026\/08\/ankarada-gorev-almak-istiyorum-20171991-5839_1_m.webp 640w, https:\/\/turkiyemhaber.com\/wp-content\/uploads\/2026\/08\/ankarada-gorev-almak-istiyorum-20171991-5839_1_m-300x95.webp 300w, https:\/\/turkiyemhaber.com\/wp-content\/uploads\/2026\/08\/ankarada-gorev-almak-istiyorum-20171991-5839_1_m-18x6.webp 18w\" sizes=\"auto, (max-width: 640px) 100vw, 640px\" \/><\/figure>\n\n\n\n<p class=\"wp-block-paragraph\">Tart\u0131\u015fmalar\u0131n ard\u0131ndan r\u00f6portaj\u0131 ger\u00e7ekle\u015ftiren gazeteci Cansu \u00c7aml\u0131bel&#8217;den de a\u00e7\u0131klama geldi. \u00c7aml\u0131bel, Kani Torun&#8217;un s\u00f6zlerinden Demirta\u015f&#8217;\u0131n h\u00fck\u00fcmetten bir g\u00f6rev bekledi\u011fini de\u011fil, devleti y\u00f6netmeye talip oldu\u011funu anlad\u0131\u011f\u0131n\u0131 belirtti.<\/p>\n\n\n\n<p class=\"wp-block-paragraph\">\u00c7aml\u0131bel, r\u00f6portaj\u0131n ak\u0131\u015f\u0131nda bu durumu netle\u015ftirmek amac\u0131yla, \u201cSelahattin Demirta\u015f\u2019\u0131n bir sonraki se\u00e7imde cumhurba\u015fkan\u0131 aday\u0131 olmak istedi\u011fi y\u00f6n\u00fcnde bir rivayet var. Kula\u011f\u0131n\u0131za geldi mi?\u201d \u015feklinde bir devam sorusu y\u00f6neltti\u011fini hat\u0131rlatt\u0131.<\/p>\n\n\n\n<p class=\"wp-block-paragraph\">Torun&#8217;un ise bu konuyu Demirta\u015f ile \u00f6zel olarak konu\u015fmad\u0131klar\u0131n\u0131 s\u00f6yledi\u011fini belirten \u00c7aml\u0131bel, devleti y\u00f6netmeye talip olmakla mevcut iktidardan makam istemenin birbirinden farkl\u0131 oldu\u011funu vurgulad\u0131.<\/p>\n","protected":false},"excerpt":{"rendered":"<p>Selahattin Demirta\u015f\u2019\u0131n cezaevindeki g\u00f6r\u00fc\u015fmesinde kulland\u0131\u011f\u0131 aktar\u0131lan \u201cAnkara\u2019da g\u00f6rev almak istiyorum\u201d s\u00f6zlerinin iktidardan makam talebi olarak<\/p>\n","protected":false},"author":1,"featured_media":5379,"comment_status":"open","ping_status":"open","sticky":false,"template":"","format":"standard","meta":{"_rtcl_gb_attr":"","footnotes":""},"categories":[44],"tags":[],"class_list":["post-5378","post","type-post","status-publish","format-standard","has-post-thumbnail","hentry","category-politika"],"_links":{"self":[{"href":"https:\/\/turkiyemhaber.com\/index.php?rest_route=\/wp\/v2\/posts\/5378","targetHints":{"allow":["GET"]}}],"collection":[{"href":"https:\/\/turkiyemhaber.com\/index.php?rest_route=\/wp\/v2\/posts"}],"about":[{"href":"https:\/\/turkiyemhaber.com\/index.php?rest_route=\/wp\/v2\/types\/post"}],"author":[{"embeddable":true,"href":"https:\/\/turkiyemhaber.com\/index.php?rest_route=\/wp\/v2\/users\/1"}],"replies":[{"embeddable":true,"href":"https:\/\/turkiyemhaber.com\/index.php?rest_route=%2Fwp%2Fv2%2Fcomments&post=5378"}],"version-history":[{"count":1,"href":"https:\/\/turkiyemhaber.com\/index.php?rest_route=\/wp\/v2\/posts\/5378\/revisions"}],"predecessor-version":[{"id":5382,"href":"https:\/\/turkiyemhaber.com\/index.php?rest_route=\/wp\/v2\/posts\/5378\/revisions\/5382"}],"wp:featuredmedia":[{"embeddable":true,"href":"https:\/\/turkiyemhaber.com\/index.php?rest_route=\/wp\/v2\/media\/5379"}],"wp:attachment":[{"href":"https:\/\/turkiyemhaber.com\/index.php?rest_route=%2Fwp%2Fv2%2Fmedia&parent=5378"}],"wp:term":[{"taxonomy":"category","embeddable":true,"href":"https:\/\/turkiyemhaber.com\/index.php?rest_route=%2Fwp%2Fv2%2Fcategories&post=5378"},{"taxonomy":"post_tag","embeddable":true,"href":"https:\/\/turkiyemhaber.com\/index.php?rest_route=%2Fwp%2Fv2%2Ftags&post=5378"}],"curies":[{"name":"wp","href":"https:\/\/api.w.org\/{rel}","templated":true}]}}