{"id":5375,"date":"2026-08-24T15:10:13","date_gmt":"2026-08-24T15:10:13","guid":{"rendered":"https:\/\/turkiyemhaber.com\/?p=5375"},"modified":"2026-08-24T15:10:18","modified_gmt":"2026-08-24T15:10:18","slug":"17-yasindaki-oyuncunun-savcilik-ifadesi-ortaya-cikti","status":"publish","type":"post","link":"https:\/\/turkiyemhaber.com\/?p=5375","title":{"rendered":"17 ya\u015f\u0131ndaki oyuncunun savc\u0131l\u0131k ifadesi ortaya \u00e7\u0131kt\u0131"},"content":{"rendered":"\n<p class=\"wp-block-paragraph\">17 ya\u015f\u0131ndaki oyuncu \u00dclk\u00fc Hilal \u00c7ift\u00e7i\u2019nin, babas\u0131 \u00dcnal \u00c7ift\u00e7i\u2019nin yapt\u0131\u011f\u0131 su\u00e7 duyurusunun ard\u0131ndan savc\u0131l\u0131kta verdi\u011fi ifade ortaya \u00e7\u0131kt\u0131. \u00c7ift\u00e7i, ailesinin bo\u015fanma a\u015famas\u0131nda oldu\u011funu belirterek babas\u0131n\u0131n hakk\u0131ndaki iddialar\u0131n\u0131 reddetti.<\/p>\n\n\n\n<p class=\"wp-block-paragraph\">\u00c7ocuk ya\u015fta oyunculuk kariyerine ba\u015flayan \u00dclk\u00fc Hilal \u00c7ift\u00e7i, babas\u0131 \u00dcnal \u00c7ift\u00e7i\u2019nin \u015fik\u00e2yetiyle g\u00fcndeme gelmi\u015fti. Baba \u00c7ift\u00e7i, k\u0131z\u0131n\u0131n re\u015fit olmamas\u0131na ra\u011fmen kendi izni olmadan projelerde yer ald\u0131\u011f\u0131n\u0131 ve 27 ya\u015f\u0131ndaki bir oyuncuyla duygusal ili\u015fkisi bulundu\u011funu \u00f6ne s\u00fcrerek su\u00e7 duyurusunda bulunmu\u015ftu.<\/p>\n\n\n\n<p class=\"wp-block-paragraph\">Savc\u0131l\u0131kta ifade veren \u00dclk\u00fc Hilal \u00c7ift\u00e7i ise babas\u0131n\u0131n iddialar\u0131n\u0131 kabul etmedi. Yakla\u015f\u0131k 12 y\u0131ld\u0131r oyunculuk yapt\u0131\u011f\u0131n\u0131 belirten \u00c7ift\u00e7i, yer ald\u0131\u011f\u0131 projelerde anne ve babas\u0131n\u0131n onay\u0131n\u0131n bulundu\u011funu s\u00f6yledi.<\/p>\n\n\n\n<p class=\"wp-block-paragraph\">\u00c7ift\u00e7i ifadesinde, \u201c12 y\u0131ld\u0131r oyunculuk yapmaktay\u0131m. Yer ald\u0131\u011f\u0131m projelerde anne ve babam\u0131n muvafakati olmadan yap\u0131m \u015firketi ilerlemiyor. Anne ve babam\u0131n \u00e7al\u0131\u015fmama dair muvafakati vard\u0131r. Buna dair belgeler de vard\u0131r. Annem ve babam bo\u015fanma a\u015famas\u0131nda oldu\u011fundan dolay\u0131 babam bu \u015fikayeti yapm\u0131\u015ft\u0131r. \u0130\u015f yerinde herhangi bir k\u00f6t\u00fc muamele veya mobbinge maruz kalm\u0131yorum\u201d dedi.<\/p>\n\n\n\n<h3 class=\"wp-block-heading\">\u201cDUYGUSAL \u0130L\u0130\u015eK\u0130M YOK\u201d<\/h3>\n\n\n\n<p class=\"wp-block-paragraph\">\u00dclk\u00fc Hilal \u00c7ift\u00e7i, babas\u0131n\u0131n kendisiyle ilgili ili\u015fki iddias\u0131n\u0131 da reddetti. Oyunculuk \u00e7al\u0131\u015fmalar\u0131n\u0131 kendi iste\u011fiyle s\u00fcrd\u00fcrd\u00fc\u011f\u00fcn\u00fc belirten \u00c7ift\u00e7i, hakk\u0131nda \u00f6ne s\u00fcr\u00fclen iddialar\u0131n ger\u00e7e\u011fi yans\u0131tmad\u0131\u011f\u0131n\u0131 ifade etti.<\/p>\n\n\n\n<p class=\"wp-block-paragraph\">\u00c7ift\u00e7i, \u201cOynad\u0131\u011f\u0131m projelerde m\u00fcstehcenlik i\u00e7eren herhangi bir rol\u00fcm yoktur. Tamamen kendi r\u0131zam ve iste\u011fimle \u00e7al\u0131\u015fmaktay\u0131m. Babam\u0131n iddia etti\u011fi gibi bir duygusal ili\u015fkim yoktur. Bahsetti\u011fi ki\u015fi Hakan \u00c7elebi&#8217;dir ve benim yak\u0131n arkada\u015f\u0131md\u0131r. Hatta kendisini babam da tan\u0131maktad\u0131r\u201d ifadelerini kulland\u0131.<\/p>\n\n\n\n<p class=\"wp-block-paragraph\">Gen\u00e7 oyuncu ayr\u0131ca, babas\u0131n\u0131n \u015fik\u00e2yetinin arkas\u0131nda aile i\u00e7erisindeki bo\u015fanma s\u00fcrecinin etkili oldu\u011funu d\u00fc\u015f\u00fcnd\u00fc\u011f\u00fcn\u00fc s\u00f6yledi. Hakan \u00c7elebi\u2019nin annesine avukat arkada\u015flar\u0131n\u0131 tavsiye etmesinin de babas\u0131n\u0131n tepkisine neden olmu\u015f olabilece\u011fini belirtti.<\/p>\n\n\n\n<h3 class=\"wp-block-heading\">SAVCILIK \u0130K\u0130 DOSYAYI DE\u011eERLEND\u0130RD\u0130<\/h3>\n\n\n\n<p class=\"wp-block-paragraph\">Yap\u0131lan ihbarlar\u0131n ard\u0131ndan Anadolu Cumhuriyet Ba\u015fsavc\u0131l\u0131\u011f\u0131 iki dosya kapsam\u0131nda de\u011ferlendirmede bulundu.<\/p>\n\n\n\n<p class=\"wp-block-paragraph\">Dosya kapsam\u0131ndaki beyan ve delillerin incelenmesinin ard\u0131ndan kovu\u015fturma a\u00e7\u0131lmas\u0131 i\u00e7in yeterli delil bulunmad\u0131\u011f\u0131 de\u011ferlendirildi. Re\u015fit olmayan bir ki\u015finin aile izni veya muvafakatname olmadan \u00e7al\u0131\u015ft\u0131r\u0131ld\u0131\u011f\u0131 y\u00f6n\u00fcndeki iddian\u0131n ise i\u015f hukukuyla ilgili oldu\u011fu ve \u00f6zel hukuk h\u00fck\u00fcmleri kapsam\u0131nda de\u011ferlendirilmesi gerekti\u011fi belirtildi.<\/p>\n\n\n\n<p class=\"wp-block-paragraph\">Ba\u015fsavc\u0131l\u0131k, mevcut dosyada ceza soru\u015fturmas\u0131 kapsam\u0131nda takip edilmesini gerektiren bir su\u00e7 veya su\u00e7 unsuru bulunmad\u0131\u011f\u0131 kanaatine vard\u0131.<\/p>\n\n\n\n<h3 class=\"wp-block-heading\">MENAJERL\u0130K \u015e\u0130RKET\u0130 DE \u015e\u0130K\u00c2YET\u00c7\u0130 OLDU<\/h3>\n\n\n\n<p class=\"wp-block-paragraph\">\u00dcnal \u00c7ift\u00e7i\u2019nin yapt\u0131\u011f\u0131 \u015fik\u00e2yetin ard\u0131ndan \u00dclk\u00fc Hilal \u00c7ift\u00e7i\u2019nin menajerlik \u015firketi de harekete ge\u00e7ti. \u015eirket, \u00dcnal \u00c7ift\u00e7i hakk\u0131nda \u201ciftira\u201d su\u00e7undan \u015fik\u00e2yette bulundu.<\/p>\n\n\n\n<p class=\"wp-block-paragraph\">\u015eik\u00e2yet dilek\u00e7esinde, \u00dcnal \u00c7ift\u00e7i\u2019nin re\u015fit olmayan k\u0131z\u0131n\u0131n kendi izni olmadan oyunculuk yapt\u0131\u011f\u0131 y\u00f6n\u00fcnde ger\u00e7e\u011fe ayk\u0131r\u0131 iddialarda bulundu\u011fu \u00f6ne s\u00fcr\u00fcld\u00fc. Bu iddialar\u0131n \u015firketin ticari itibar\u0131na zarar verdi\u011fi ve iftira niteli\u011finde oldu\u011fu savunularak konu hakk\u0131nda soru\u015fturma ba\u015flat\u0131lmas\u0131 talep edildi.<\/p>\n\n\n\n<p class=\"wp-block-paragraph\">B\u00f6ylece \u00dclk\u00fc Hilal \u00c7ift\u00e7i ile babas\u0131 aras\u0131nda ba\u015flayan hukuki s\u00fcre\u00e7te, gen\u00e7 oyuncunun savc\u0131l\u0131kta verdi\u011fi ifadede yapt\u0131\u011f\u0131 a\u00e7\u0131klamalar da dosyaya yans\u0131m\u0131\u015f oldu.<\/p>\n","protected":false},"excerpt":{"rendered":"<p>17 ya\u015f\u0131ndaki oyuncu \u00dclk\u00fc Hilal \u00c7ift\u00e7i\u2019nin, babas\u0131 \u00dcnal \u00c7ift\u00e7i\u2019nin yapt\u0131\u011f\u0131 su\u00e7 duyurusunun ard\u0131ndan savc\u0131l\u0131kta verdi\u011fi<\/p>\n","protected":false},"author":1,"featured_media":5376,"comment_status":"open","ping_status":"open","sticky":false,"template":"","format":"standard","meta":{"_rtcl_gb_attr":"","footnotes":""},"categories":[41],"tags":[],"class_list":["post-5375","post","type-post","status-publish","format-standard","has-post-thumbnail","hentry","category-magazin"],"_links":{"self":[{"href":"https:\/\/turkiyemhaber.com\/index.php?rest_route=\/wp\/v2\/posts\/5375","targetHints":{"allow":["GET"]}}],"collection":[{"href":"https:\/\/turkiyemhaber.com\/index.php?rest_route=\/wp\/v2\/posts"}],"about":[{"href":"https:\/\/turkiyemhaber.com\/index.php?rest_route=\/wp\/v2\/types\/post"}],"author":[{"embeddable":true,"href":"https:\/\/turkiyemhaber.com\/index.php?rest_route=\/wp\/v2\/users\/1"}],"replies":[{"embeddable":true,"href":"https:\/\/turkiyemhaber.com\/index.php?rest_route=%2Fwp%2Fv2%2Fcomments&post=5375"}],"version-history":[{"count":1,"href":"https:\/\/turkiyemhaber.com\/index.php?rest_route=\/wp\/v2\/posts\/5375\/revisions"}],"predecessor-version":[{"id":5377,"href":"https:\/\/turkiyemhaber.com\/index.php?rest_route=\/wp\/v2\/posts\/5375\/revisions\/5377"}],"wp:featuredmedia":[{"embeddable":true,"href":"https:\/\/turkiyemhaber.com\/index.php?rest_route=\/wp\/v2\/media\/5376"}],"wp:attachment":[{"href":"https:\/\/turkiyemhaber.com\/index.php?rest_route=%2Fwp%2Fv2%2Fmedia&parent=5375"}],"wp:term":[{"taxonomy":"category","embeddable":true,"href":"https:\/\/turkiyemhaber.com\/index.php?rest_route=%2Fwp%2Fv2%2Fcategories&post=5375"},{"taxonomy":"post_tag","embeddable":true,"href":"https:\/\/turkiyemhaber.com\/index.php?rest_route=%2Fwp%2Fv2%2Ftags&post=5375"}],"curies":[{"name":"wp","href":"https:\/\/api.w.org\/{rel}","templated":true}]}}