{"id":5366,"date":"2026-08-24T15:01:14","date_gmt":"2026-08-24T15:01:14","guid":{"rendered":"https:\/\/turkiyemhaber.com\/?p=5366"},"modified":"2026-08-24T15:01:20","modified_gmt":"2026-08-24T15:01:20","slug":"idris-naim-sahine-tahsisli-iki-arac-daha-sorusturma-dosyasina-girdi","status":"publish","type":"post","link":"https:\/\/turkiyemhaber.com\/?p=5366","title":{"rendered":"\u0130dris Naim \u015eahin\u2019e Tahsisli \u0130ki Ara\u00e7 Daha Soru\u015fturma Dosyas\u0131na Girdi"},"content":{"rendered":"\n<p class=\"wp-block-paragraph\">Alihan Kuri\u015f Su\u00e7 \u00d6rg\u00fct\u00fc soru\u015fturmas\u0131nda, eski \u0130\u00e7i\u015fleri Bakan\u0131 \u0130dris Naim \u015eahin ad\u0131na tahsis edilen ara\u00e7larla ilgili yeni tespitler ortaya \u00e7\u0131kt\u0131. \u015eahin\u2019e tahsisli 34 S 7815 ve 34 RM 8677 plakal\u0131 iki arac\u0131n daha farkl\u0131 ki\u015filer taraf\u0131ndan kullan\u0131ld\u0131\u011f\u0131 ve soru\u015fturma kapsam\u0131nda \u015f\u00fcpheli faaliyetlerle ba\u011flant\u0131lar\u0131n\u0131n bulundu\u011fu belirlendi.<\/p>\n\n\n\n<p class=\"wp-block-paragraph\">Ankara Cumhuriyet Ba\u015fsavc\u0131l\u0131\u011f\u0131 taraf\u0131ndan y\u00fcr\u00fct\u00fclen soru\u015fturma kapsam\u0131nda, daha \u00f6nce firari Hilmi Tuna Kuri\u015f\u2019in ka\u00e7\u0131\u015f\u0131nda kullan\u0131ld\u0131\u011f\u0131 tespit edilen 34 SL 313 plakal\u0131 arac\u0131n ard\u0131ndan, \u015eahin ad\u0131na tahsisli di\u011fer ara\u00e7lar\u0131n kullan\u0131m\u0131na ili\u015fkin inceleme ba\u015flat\u0131ld\u0131.<\/p>\n\n\n\n<figure class=\"wp-block-image size-full\"><img loading=\"lazy\" decoding=\"async\" width=\"640\" height=\"346\" src=\"https:\/\/turkiyemhaber.com\/wp-content\/uploads\/2026\/08\/idris-naim-sahine-tahsisli-iki-20171786-6331_1_m.webp\" alt=\"\" class=\"wp-image-5368\" srcset=\"https:\/\/turkiyemhaber.com\/wp-content\/uploads\/2026\/08\/idris-naim-sahine-tahsisli-iki-20171786-6331_1_m.webp 640w, https:\/\/turkiyemhaber.com\/wp-content\/uploads\/2026\/08\/idris-naim-sahine-tahsisli-iki-20171786-6331_1_m-300x162.webp 300w, https:\/\/turkiyemhaber.com\/wp-content\/uploads\/2026\/08\/idris-naim-sahine-tahsisli-iki-20171786-6331_1_m-18x10.webp 18w\" sizes=\"auto, (max-width: 640px) 100vw, 640px\" \/><\/figure>\n\n\n\n<h2 class=\"wp-block-heading\">34 S 7815 PLAKALI ARA\u00c7 \u0130NCELEND\u0130<\/h2>\n\n\n\n<p class=\"wp-block-paragraph\">34 S 7815 plakal\u0131 arac\u0131n GT Lease Otomotiv Ticaret Anonim \u015eirketi ad\u0131na kay\u0131tl\u0131 oldu\u011fu ve 10 A\u011fustos 2026-10 A\u011fustos 2029 tarihleri aras\u0131nda \u0130dris Naim \u015eahin ad\u0131na tahsis edildi\u011fi belirlendi.<\/p>\n\n\n\n<p class=\"wp-block-paragraph\">Arac\u0131n ge\u00e7mi\u015f kullan\u0131m ve trafik kay\u0131tlar\u0131nda farkl\u0131 ki\u015filer taraf\u0131ndan kullan\u0131ld\u0131\u011f\u0131 tespit edildi. Bu ki\u015filer aras\u0131nda \u00d6mer Sipahio\u011flu ile \u00d6m\u00fcr Y\u00fccel&#8217;in de bulundu\u011fu belirlendi.<\/p>\n\n\n\n<p class=\"wp-block-paragraph\">\u00d6mer Sipahio\u011flu&#8217;nun 13 A\u011fustos 2026 tarihinde Antalya Havaliman\u0131&#8217;ndan Almanya&#8217;ya \u00e7\u0131k\u0131\u015f yapt\u0131\u011f\u0131 tespit edilirken, hakk\u0131nda yakalama \u00e7al\u0131\u015fmas\u0131n\u0131n s\u00fcrd\u00fc\u011f\u00fc \u00f6\u011frenildi.<\/p>\n\n\n\n<p class=\"wp-block-paragraph\">\u00d6m\u00fcr Y\u00fccel&#8217;in ise arac\u0131n kullan\u0131m\u0131na ili\u015fkin tespitlerin ard\u0131ndan g\u00f6zalt\u0131na al\u0131nd\u0131\u011f\u0131 belirtildi.<\/p>\n\n\n\n<h2 class=\"wp-block-heading\">ARA\u00c7 \u0130STANBUL, BODRUM, ANKARA VE BURSA ARASINDA KULLANILDI<\/h2>\n\n\n\n<p class=\"wp-block-paragraph\">Soru\u015fturma dosyas\u0131ndaki PTS ve di\u011fer hareket kay\u0131tlar\u0131nda 34 S 7815 plakal\u0131 arac\u0131n k\u0131sa s\u00fcre i\u00e7erisinde \u0130stanbul, Mu\u011fla, Ankara ve Bursa aras\u0131nda yo\u011fun \u015fekilde kullan\u0131ld\u0131\u011f\u0131 tespit edildi.<\/p>\n\n\n\n<p class=\"wp-block-paragraph\">Arac\u0131n 8 A\u011fustos&#8217;ta \u0130stanbul&#8217;dan Bodrum&#8217;a, 16 A\u011fustos&#8217;ta Mu\u011fla&#8217;dan \u0130stanbul&#8217;a, 17 A\u011fustos&#8217;ta yeniden Bodrum&#8217;a, 18 A\u011fustos&#8217;ta Ankara&#8217;ya ve 19 A\u011fustos&#8217;ta tekrar Mu\u011fla&#8217;ya ge\u00e7ti\u011fi belirlendi.<\/p>\n\n\n\n<p class=\"wp-block-paragraph\">Arac\u0131n 21 A\u011fustos&#8217;ta ise Mu\u011fla&#8217;dan Bursa&#8217;ya, ard\u0131ndan Bursa&#8217;dan Ankara y\u00f6n\u00fcne hareket etti\u011fi tespit edildi.<\/p>\n\n\n\n<figure class=\"wp-block-image size-full\"><img loading=\"lazy\" decoding=\"async\" width=\"640\" height=\"435\" src=\"https:\/\/turkiyemhaber.com\/wp-content\/uploads\/2026\/08\/idris-naim-sahine-tahsisli-iki-20171786-5634_1_m.webp\" alt=\"\" class=\"wp-image-5369\" srcset=\"https:\/\/turkiyemhaber.com\/wp-content\/uploads\/2026\/08\/idris-naim-sahine-tahsisli-iki-20171786-5634_1_m.webp 640w, https:\/\/turkiyemhaber.com\/wp-content\/uploads\/2026\/08\/idris-naim-sahine-tahsisli-iki-20171786-5634_1_m-300x204.webp 300w, https:\/\/turkiyemhaber.com\/wp-content\/uploads\/2026\/08\/idris-naim-sahine-tahsisli-iki-20171786-5634_1_m-18x12.webp 18w\" sizes=\"auto, (max-width: 640px) 100vw, 640px\" \/><\/figure>\n\n\n\n<h2 class=\"wp-block-heading\">D\u0130PLOMAT\u0130K PASAPORTLU \u00dc\u00c7 BELARUS VATANDA\u015eI<\/h2>\n\n\n\n<p class=\"wp-block-paragraph\">Soru\u015fturma kapsam\u0131nda, \u00fc\u00e7 Belarus vatanda\u015f\u0131n\u0131n da 6 A\u011fustos 2026 tarihinde Bodrum Havaliman\u0131&#8217;ndan T\u00fcrkiye&#8217;ye giri\u015f yapt\u0131\u011f\u0131 ve diplomatik pasaport ta\u015f\u0131d\u0131\u011f\u0131 belirlendi.<\/p>\n\n\n\n<p class=\"wp-block-paragraph\">PTS kay\u0131tlar\u0131 ve teknik incelemelerde, \u00fc\u00e7 ki\u015finin 21 A\u011fustos&#8217;ta \u0130dris Naim \u015eahin ad\u0131na tahsisli 34 S 7815 plakal\u0131 ara\u00e7 i\u00e7erisinde ta\u015f\u0131nd\u0131\u011f\u0131na ili\u015fkin g\u00f6r\u00fcnt\u00fclere ula\u015f\u0131ld\u0131.<\/p>\n\n\n\n<p class=\"wp-block-paragraph\">\u00dc\u00e7 Belarus vatanda\u015f\u0131n\u0131n daha sonra Bursa&#8217;da ba\u015fka bir araca aktar\u0131ld\u0131\u011f\u0131 ve 22 A\u011fustos&#8217;ta Minsk&#8217;e giden u\u00e7akla T\u00fcrkiye&#8217;den ayr\u0131ld\u0131\u011f\u0131 tespit edildi.<\/p>\n\n\n\n<h2 class=\"wp-block-heading\">GSM HATLARI \u00d6M\u00dcR Y\u00dcCEL ADINA<\/h2>\n\n\n\n<p class=\"wp-block-paragraph\">Soru\u015fturmada, Belarus vatanda\u015flar\u0131n\u0131n kulland\u0131\u011f\u0131 de\u011ferlendirilen iki GSM hatt\u0131n\u0131n 4 A\u011fustos 2026 tarihinde \u00d6m\u00fcr Y\u00fccel ad\u0131na aktive edildi\u011fi belirlendi.<\/p>\n\n\n\n<p class=\"wp-block-paragraph\">\u0130dris Naim \u015eahin ad\u0131na tahsisli arac\u0131n yabanc\u0131 uyruklu ki\u015filerin ta\u015f\u0131nmas\u0131nda kullan\u0131lmas\u0131 ve bu ki\u015filere \u00d6m\u00fcr Y\u00fccel ad\u0131na kay\u0131tl\u0131 GSM hatlar\u0131n\u0131n kulland\u0131r\u0131lmas\u0131 da soru\u015fturma kapsam\u0131nda incelenen ba\u015fl\u0131klar aras\u0131nda yer ald\u0131.<\/p>\n\n\n\n<figure class=\"wp-block-image size-full\"><img loading=\"lazy\" decoding=\"async\" width=\"640\" height=\"537\" src=\"https:\/\/turkiyemhaber.com\/wp-content\/uploads\/2026\/08\/idris-naim-sahine-tahsisli-iki-20171786-7384_1_m.webp\" alt=\"\" class=\"wp-image-5370\" srcset=\"https:\/\/turkiyemhaber.com\/wp-content\/uploads\/2026\/08\/idris-naim-sahine-tahsisli-iki-20171786-7384_1_m.webp 640w, https:\/\/turkiyemhaber.com\/wp-content\/uploads\/2026\/08\/idris-naim-sahine-tahsisli-iki-20171786-7384_1_m-14x12.webp 14w, https:\/\/turkiyemhaber.com\/wp-content\/uploads\/2026\/08\/idris-naim-sahine-tahsisli-iki-20171786-7384_1_m-300x252.webp 300w\" sizes=\"auto, (max-width: 640px) 100vw, 640px\" \/><\/figure>\n\n\n\n<h2 class=\"wp-block-heading\">34 RM 8677 PLAKALI ARA\u00c7 DA \u0130NCELEN\u0130YOR<\/h2>\n\n\n\n<p class=\"wp-block-paragraph\">Soru\u015fturmadaki incelemelerde, \u0130dris Naim \u015eahin ad\u0131na tahsis edilen 34 RM 8677 plakal\u0131 ba\u015fka bir arac\u0131n da Y\u00fccel ailesi taraf\u0131ndan kullan\u0131ld\u0131\u011f\u0131 tespit edildi.<\/p>\n\n\n\n<p class=\"wp-block-paragraph\">B\u00f6ylece soru\u015fturmada \u015eahin ad\u0131na tahsis edilmi\u015f \u00fc\u00e7 ara\u00e7 \u00f6ne \u00e7\u0131kt\u0131:<\/p>\n\n\n\n<ul class=\"wp-block-list\">\n<li><strong>34 SL 313:<\/strong> Hilmi Tuna Kuri\u015f ve Erhan Y\u0131lmaz&#8217;\u0131n yakaland\u0131\u011f\u0131 s\u0131rada kullan\u0131ld\u0131.<\/li>\n\n\n\n<li><strong>34 S 7815:<\/strong> Farkl\u0131 ki\u015filer taraf\u0131ndan kullan\u0131ld\u0131 ve soru\u015fturma kapsam\u0131nda incelenen \u015fehirler aras\u0131 hareketlerde yer ald\u0131.<\/li>\n\n\n\n<li><strong>34 RM 8677:<\/strong> Y\u00fccel ailesinin kullan\u0131m\u0131nda oldu\u011fu tespit edildi.<\/li>\n<\/ul>\n\n\n\n<h2 class=\"wp-block-heading\">\u00d6M\u00dcR Y\u00dcCEL G\u00d6ZALTINDA, \u00d6MER S\u0130PAH\u0130O\u011eLU ARANIYOR<\/h2>\n\n\n\n<p class=\"wp-block-paragraph\">Soru\u015fturma kapsam\u0131nda tahsisli ara\u00e7lar\u0131 kulland\u0131\u011f\u0131 de\u011ferlendirilen \u00d6m\u00fcr Y\u00fccel g\u00f6zalt\u0131na al\u0131nd\u0131.<\/p>\n\n\n\n<p class=\"wp-block-paragraph\">13 A\u011fustos 2026&#8217;da Almanya&#8217;ya \u00e7\u0131kt\u0131\u011f\u0131 belirlenen \u00d6mer Sipahio\u011flu&#8217;nun yakalanmas\u0131na y\u00f6nelik \u00e7al\u0131\u015fmalar\u0131n s\u00fcrd\u00fc\u011f\u00fc \u00f6\u011frenildi.<\/p>\n\n\n\n<p class=\"wp-block-paragraph\">\u015eahin ad\u0131na tahsis edilen ara\u00e7lar\u0131n farkl\u0131 ki\u015filer taraf\u0131ndan kullan\u0131lmas\u0131 ve ara\u00e7lar\u0131n soru\u015fturma kapsam\u0131nda yer alan ki\u015fi ve faaliyetlerle ba\u011flant\u0131lar\u0131n\u0131n bulunmas\u0131na ili\u015fkin incelemeler devam ediyor.<\/p>\n","protected":false},"excerpt":{"rendered":"<p>Alihan Kuri\u015f Su\u00e7 \u00d6rg\u00fct\u00fc soru\u015fturmas\u0131nda, eski \u0130\u00e7i\u015fleri Bakan\u0131 \u0130dris Naim \u015eahin ad\u0131na tahsis edilen ara\u00e7larla<\/p>\n","protected":false},"author":1,"featured_media":5367,"comment_status":"open","ping_status":"open","sticky":false,"template":"","format":"standard","meta":{"_rtcl_gb_attr":"","footnotes":""},"categories":[1],"tags":[],"class_list":["post-5366","post","type-post","status-publish","format-standard","has-post-thumbnail","hentry","category-http-turkiyemhaber-com-wp-content-uploads-2026-03-saray-59-haber-13-mart-pdf"],"_links":{"self":[{"href":"https:\/\/turkiyemhaber.com\/index.php?rest_route=\/wp\/v2\/posts\/5366","targetHints":{"allow":["GET"]}}],"collection":[{"href":"https:\/\/turkiyemhaber.com\/index.php?rest_route=\/wp\/v2\/posts"}],"about":[{"href":"https:\/\/turkiyemhaber.com\/index.php?rest_route=\/wp\/v2\/types\/post"}],"author":[{"embeddable":true,"href":"https:\/\/turkiyemhaber.com\/index.php?rest_route=\/wp\/v2\/users\/1"}],"replies":[{"embeddable":true,"href":"https:\/\/turkiyemhaber.com\/index.php?rest_route=%2Fwp%2Fv2%2Fcomments&post=5366"}],"version-history":[{"count":1,"href":"https:\/\/turkiyemhaber.com\/index.php?rest_route=\/wp\/v2\/posts\/5366\/revisions"}],"predecessor-version":[{"id":5371,"href":"https:\/\/turkiyemhaber.com\/index.php?rest_route=\/wp\/v2\/posts\/5366\/revisions\/5371"}],"wp:featuredmedia":[{"embeddable":true,"href":"https:\/\/turkiyemhaber.com\/index.php?rest_route=\/wp\/v2\/media\/5367"}],"wp:attachment":[{"href":"https:\/\/turkiyemhaber.com\/index.php?rest_route=%2Fwp%2Fv2%2Fmedia&parent=5366"}],"wp:term":[{"taxonomy":"category","embeddable":true,"href":"https:\/\/turkiyemhaber.com\/index.php?rest_route=%2Fwp%2Fv2%2Fcategories&post=5366"},{"taxonomy":"post_tag","embeddable":true,"href":"https:\/\/turkiyemhaber.com\/index.php?rest_route=%2Fwp%2Fv2%2Ftags&post=5366"}],"curies":[{"name":"wp","href":"https:\/\/api.w.org\/{rel}","templated":true}]}}