{"id":5362,"date":"2026-08-24T14:53:17","date_gmt":"2026-08-24T14:53:17","guid":{"rendered":"https:\/\/turkiyemhaber.com\/?p=5362"},"modified":"2026-08-24T14:53:22","modified_gmt":"2026-08-24T14:53:22","slug":"unlu-sarkici-hamiyet-apar-topar-hastaneye-kaldirildi","status":"publish","type":"post","link":"https:\/\/turkiyemhaber.com\/?p=5362","title":{"rendered":"\u00dcnl\u00fc \u015eark\u0131c\u0131 Hamiyet Apar Topar Hastaneye Kald\u0131r\u0131ld\u0131"},"content":{"rendered":"\n<p class=\"wp-block-paragraph\">\u201cBir Ate\u015fe Att\u0131n Beni\u201d, \u201cElimde Duran Foto\u011fraf\u0131n\u201d ve \u201cYalan M\u0131?\u201d gibi \u015fark\u0131lar\u0131yla tan\u0131nan Hamiyet, Konya\u2019da kalp spazm\u0131 ge\u00e7irerek hastaneye kald\u0131r\u0131ld\u0131. Acilen anjiyoya al\u0131nan sanat\u00e7\u0131n\u0131n operasyonunun ba\u015far\u0131l\u0131 ge\u00e7ti\u011fi ve sa\u011fl\u0131k durumunun iyi oldu\u011fu \u00f6\u011frenildi.<\/p>\n\n\n\n<p class=\"wp-block-paragraph\">T\u00fcrk halk ve arabesk-fantezi m\u00fczi\u011finin sevilen sanat\u00e7\u0131lar\u0131ndan Hamiyet, 23 A\u011fustos\u2019ta Konya\u2019da bulundu\u011fu s\u0131rada aniden fenala\u015ft\u0131. Kalp spazm\u0131 ge\u00e7irdi\u011fi belirlenen sanat\u00e7\u0131, hastaneye kald\u0131r\u0131larak acilen anjiyoya al\u0131nd\u0131.<\/p>\n\n\n\n<p class=\"wp-block-paragraph\">Ger\u00e7ekle\u015ftirilen operasyonun ba\u015far\u0131l\u0131 ge\u00e7ti\u011fi \u00f6\u011frenilirken, Hamiyet\u2019in sa\u011fl\u0131k durumunun iyi oldu\u011fu belirtildi.<\/p>\n\n\n\n<figure class=\"wp-block-image size-full\"><img loading=\"lazy\" decoding=\"async\" width=\"640\" height=\"870\" src=\"https:\/\/turkiyemhaber.com\/wp-content\/uploads\/2026\/08\/unlu-sanatci-hamiyet-apar-topa-77025883-1972_1_m.webp\" alt=\"\" class=\"wp-image-5364\" srcset=\"https:\/\/turkiyemhaber.com\/wp-content\/uploads\/2026\/08\/unlu-sanatci-hamiyet-apar-topa-77025883-1972_1_m.webp 640w, https:\/\/turkiyemhaber.com\/wp-content\/uploads\/2026\/08\/unlu-sanatci-hamiyet-apar-topa-77025883-1972_1_m-221x300.webp 221w, https:\/\/turkiyemhaber.com\/wp-content\/uploads\/2026\/08\/unlu-sanatci-hamiyet-apar-topa-77025883-1972_1_m-9x12.webp 9w\" sizes=\"auto, (max-width: 640px) 100vw, 640px\" \/><\/figure>\n\n\n\n<h2 class=\"wp-block-heading\">HASTANE ODASINDAN PAYLA\u015eIM<\/h2>\n\n\n\n<p class=\"wp-block-paragraph\">Tedavisinin ard\u0131ndan hastane odas\u0131ndan sosyal medya hesab\u0131ndan payla\u015f\u0131m yapan Hamiyet, sevenlerine sa\u011fl\u0131k durumuyla ilgili mesaj verdi.<\/p>\n\n\n\n<p class=\"wp-block-paragraph\">Sanat\u00e7\u0131, hastane odas\u0131ndan \u00e7ekilen foto\u011fraf\u0131n\u0131 \u201cMa\u015fallah demeyi unuttunuz san\u0131r\u0131m\u201d notuyla payla\u015farak takip\u00e7ilerine seslendi.<\/p>\n\n\n\n<p class=\"wp-block-paragraph\">Hamiyet\u2019in payla\u015f\u0131m\u0131, sevenleri taraf\u0131ndan ilgiyle kar\u015f\u0131land\u0131.<\/p>\n","protected":false},"excerpt":{"rendered":"<p>\u201cBir Ate\u015fe Att\u0131n Beni\u201d, \u201cElimde Duran Foto\u011fraf\u0131n\u201d ve \u201cYalan M\u0131?\u201d gibi \u015fark\u0131lar\u0131yla tan\u0131nan Hamiyet, Konya\u2019da<\/p>\n","protected":false},"author":1,"featured_media":5363,"comment_status":"open","ping_status":"open","sticky":false,"template":"","format":"standard","meta":{"_rtcl_gb_attr":"","footnotes":""},"categories":[41],"tags":[],"class_list":["post-5362","post","type-post","status-publish","format-standard","has-post-thumbnail","hentry","category-magazin"],"_links":{"self":[{"href":"https:\/\/turkiyemhaber.com\/index.php?rest_route=\/wp\/v2\/posts\/5362","targetHints":{"allow":["GET"]}}],"collection":[{"href":"https:\/\/turkiyemhaber.com\/index.php?rest_route=\/wp\/v2\/posts"}],"about":[{"href":"https:\/\/turkiyemhaber.com\/index.php?rest_route=\/wp\/v2\/types\/post"}],"author":[{"embeddable":true,"href":"https:\/\/turkiyemhaber.com\/index.php?rest_route=\/wp\/v2\/users\/1"}],"replies":[{"embeddable":true,"href":"https:\/\/turkiyemhaber.com\/index.php?rest_route=%2Fwp%2Fv2%2Fcomments&post=5362"}],"version-history":[{"count":1,"href":"https:\/\/turkiyemhaber.com\/index.php?rest_route=\/wp\/v2\/posts\/5362\/revisions"}],"predecessor-version":[{"id":5365,"href":"https:\/\/turkiyemhaber.com\/index.php?rest_route=\/wp\/v2\/posts\/5362\/revisions\/5365"}],"wp:featuredmedia":[{"embeddable":true,"href":"https:\/\/turkiyemhaber.com\/index.php?rest_route=\/wp\/v2\/media\/5363"}],"wp:attachment":[{"href":"https:\/\/turkiyemhaber.com\/index.php?rest_route=%2Fwp%2Fv2%2Fmedia&parent=5362"}],"wp:term":[{"taxonomy":"category","embeddable":true,"href":"https:\/\/turkiyemhaber.com\/index.php?rest_route=%2Fwp%2Fv2%2Fcategories&post=5362"},{"taxonomy":"post_tag","embeddable":true,"href":"https:\/\/turkiyemhaber.com\/index.php?rest_route=%2Fwp%2Fv2%2Ftags&post=5362"}],"curies":[{"name":"wp","href":"https:\/\/api.w.org\/{rel}","templated":true}]}}