{"id":5357,"date":"2026-08-24T14:46:14","date_gmt":"2026-08-24T14:46:14","guid":{"rendered":"https:\/\/turkiyemhaber.com\/?p=5357"},"modified":"2026-08-24T14:46:21","modified_gmt":"2026-08-24T14:46:21","slug":"ata-demirerden-kahkahaya-bogan-burc-yorumu-hedefinde-yengec-var","status":"publish","type":"post","link":"https:\/\/turkiyemhaber.com\/?p=5357","title":{"rendered":"Ata Demirer\u2019den kahkahaya bo\u011fan bur\u00e7 yorumu! Hedefinde Yenge\u00e7 var"},"content":{"rendered":"\n<p class=\"wp-block-paragraph\">\u00dcnl\u00fc komedyen Ata Demirer, \u0130stanbul Bo\u011faz\u0131\u2019nda bal\u0131k avlarken oltas\u0131na tak\u0131lan yenge\u00e7 \u00fczerinden yapt\u0131\u011f\u0131 esprili bur\u00e7 yorumuyla g\u00fcndem oldu. Demirer\u2019in Yenge\u00e7 burcuna ili\u015fkin mizahi de\u011ferlendirmesi sosyal medyada ilgi g\u00f6rd\u00fc.<\/p>\n\n\n\n<p class=\"wp-block-paragraph\">Deniz ve bal\u0131k tutkusuyla tan\u0131nan Ata Demirer, hafta sonunu \u0130stanbul Bo\u011faz\u0131\u2019nda bal\u0131k avlayarak ge\u00e7irdi. Sabah\u0131n erken saatlerinde teknesiyle denize a\u00e7\u0131lan Demirer, Yavuz Sultan Selim K\u00f6pr\u00fcs\u00fc manzaras\u0131 e\u015fli\u011finde keyifli anlar\u0131n\u0131 takip\u00e7ileriyle payla\u015ft\u0131.<\/p>\n\n\n\n<p class=\"wp-block-paragraph\">Teknesinden yapt\u0131\u011f\u0131 payla\u015f\u0131mda bal\u0131k av\u0131ndaki iddias\u0131n\u0131 da dile getiren Demirer, \u201cBen sana bir \u015fey s\u00f6yleyeyim mi, en g\u00fczel palamutu da biz al\u0131r\u0131z\u201d ifadelerini kulland\u0131.<\/p>\n\n\n\n<figure class=\"wp-block-video\"><video height=\"1920\" style=\"aspect-ratio: 1080 \/ 1920;\" width=\"1080\" controls src=\"https:\/\/turkiyemhaber.com\/wp-content\/uploads\/2026\/08\/Adsiz-tasarim-5.mp4\"><\/video><\/figure>\n\n\n\n<h2 class=\"wp-block-heading\">YENGE\u00c7 \u00dcZER\u0130NDEN ESPR\u0130L\u0130 YORUM<\/h2>\n\n\n\n<p class=\"wp-block-paragraph\">Oltas\u0131na tak\u0131lan yengeci kameraya g\u00f6steren Ata Demirer, bur\u00e7lar \u00fczerinden yapt\u0131\u011f\u0131 esprili de\u011ferlendirmede Yenge\u00e7 burcunun \u00f6zelliklerini mizahi bir dille anlatt\u0131.<\/p>\n\n\n\n<p class=\"wp-block-paragraph\">Yenge\u00e7 burcunun evcimen yap\u0131s\u0131na, yeme\u011fe, aileye ve arkada\u015flara d\u00fc\u015fk\u00fcnl\u00fc\u011f\u00fcne de\u011finen Demirer, \u00f6zellikle \u201ci\u00e7in i\u00e7in kurma\u201d \u00f6zelli\u011fi \u00fczerinden espriler yapt\u0131.<\/p>\n\n\n\n<p class=\"wp-block-paragraph\">Demirer, Yenge\u00e7 burcuyla ilgili yorumunda \u015fu ifadeleri kulland\u0131:<\/p>\n\n\n\n<p class=\"wp-block-paragraph\">\u201cEvet sevgili arkada\u015flar. Bug\u00fcn bur\u00e7lar\u0131 konu\u015fuyoruz. Yenge\u00e7 burcu \u00f6zellikleri: Evcimen, yeme\u011fe d\u00fc\u015fk\u00fcn, ailesine ve arkada\u015flar\u0131na d\u00fc\u015fk\u00fcn&#8230; Efendime s\u00f6yleyeyim; i\u00e7in i\u00e7in kurulur. \u2018O bana \u00f6yle yapm\u0131\u015ft\u0131, b\u00f6yle yapm\u0131\u015ft\u0131\u2019 falan. Hani intikam alamaz ama hep kurulur. Devaml\u0131 kurulur bak s\u00f6yleyeyim. Ondan sonra&#8230; Sevdi\u011fi zaman b\u0131rakmaz.\u201d<\/p>\n\n\n\n<figure class=\"wp-block-image size-full\"><img loading=\"lazy\" decoding=\"async\" width=\"640\" height=\"808\" src=\"https:\/\/turkiyemhaber.com\/wp-content\/uploads\/2026\/08\/20260824_b42ddcd759624b428ee7a0d927844c85.webp\" alt=\"\" class=\"wp-image-5359\" srcset=\"https:\/\/turkiyemhaber.com\/wp-content\/uploads\/2026\/08\/20260824_b42ddcd759624b428ee7a0d927844c85.webp 640w, https:\/\/turkiyemhaber.com\/wp-content\/uploads\/2026\/08\/20260824_b42ddcd759624b428ee7a0d927844c85-10x12.webp 10w, https:\/\/turkiyemhaber.com\/wp-content\/uploads\/2026\/08\/20260824_b42ddcd759624b428ee7a0d927844c85-238x300.webp 238w\" sizes=\"auto, (max-width: 640px) 100vw, 640px\" \/><\/figure>\n\n\n\n<h2 class=\"wp-block-heading\">\u201cDEN\u0130Z\u0130 SEVMEYEN \u0130NSANLA \u0130\u015e\u0130M\u0130Z YOK\u201d<\/h2>\n\n\n\n<p class=\"wp-block-paragraph\">Ata Demirer, esprili yorumunun devam\u0131nda Yenge\u00e7 burcunun kimlerle anla\u015fabilece\u011fine ili\u015fkin de de\u011ferlendirmelerde bulundu.<\/p>\n\n\n\n<p class=\"wp-block-paragraph\">Demirer, \u201cYenge\u00e7 bur\u00e7lar\u0131 kimlerle anla\u015f\u0131r? Nerede gece orada sabah, bu adamla anla\u015f\u0131r. Anlad\u0131n m\u0131? G\u00fczel insanlarla anla\u015f\u0131r. De\u011fil mi? Denizi sevecek. Denizi sevmeyen insanla i\u015fimiz yok bizim. Sevgiler b\u00fct\u00fcn bur\u00e7lara, Ba\u015faklara \u00f6zel.\u201d ifadelerini kulland\u0131.<\/p>\n\n\n\n<p class=\"wp-block-paragraph\">Demirer\u2019in denizden yapt\u0131\u011f\u0131 payla\u015f\u0131m ve Yenge\u00e7 burcuna ili\u015fkin esprileri k\u0131sa s\u00fcrede sosyal medyada ilgi g\u00f6rd\u00fc. Payla\u015f\u0131m takip\u00e7ilerinden \u00e7ok say\u0131da be\u011feni ve yorum ald\u0131.<\/p>\n","protected":false},"excerpt":{"rendered":"<p>\u00dcnl\u00fc komedyen Ata Demirer, \u0130stanbul Bo\u011faz\u0131\u2019nda bal\u0131k avlarken oltas\u0131na tak\u0131lan yenge\u00e7 \u00fczerinden yapt\u0131\u011f\u0131 esprili bur\u00e7<\/p>\n","protected":false},"author":1,"featured_media":5358,"comment_status":"open","ping_status":"open","sticky":false,"template":"","format":"standard","meta":{"_rtcl_gb_attr":"","footnotes":""},"categories":[41],"tags":[],"class_list":["post-5357","post","type-post","status-publish","format-standard","has-post-thumbnail","hentry","category-magazin"],"_links":{"self":[{"href":"https:\/\/turkiyemhaber.com\/index.php?rest_route=\/wp\/v2\/posts\/5357","targetHints":{"allow":["GET"]}}],"collection":[{"href":"https:\/\/turkiyemhaber.com\/index.php?rest_route=\/wp\/v2\/posts"}],"about":[{"href":"https:\/\/turkiyemhaber.com\/index.php?rest_route=\/wp\/v2\/types\/post"}],"author":[{"embeddable":true,"href":"https:\/\/turkiyemhaber.com\/index.php?rest_route=\/wp\/v2\/users\/1"}],"replies":[{"embeddable":true,"href":"https:\/\/turkiyemhaber.com\/index.php?rest_route=%2Fwp%2Fv2%2Fcomments&post=5357"}],"version-history":[{"count":1,"href":"https:\/\/turkiyemhaber.com\/index.php?rest_route=\/wp\/v2\/posts\/5357\/revisions"}],"predecessor-version":[{"id":5361,"href":"https:\/\/turkiyemhaber.com\/index.php?rest_route=\/wp\/v2\/posts\/5357\/revisions\/5361"}],"wp:featuredmedia":[{"embeddable":true,"href":"https:\/\/turkiyemhaber.com\/index.php?rest_route=\/wp\/v2\/media\/5358"}],"wp:attachment":[{"href":"https:\/\/turkiyemhaber.com\/index.php?rest_route=%2Fwp%2Fv2%2Fmedia&parent=5357"}],"wp:term":[{"taxonomy":"category","embeddable":true,"href":"https:\/\/turkiyemhaber.com\/index.php?rest_route=%2Fwp%2Fv2%2Fcategories&post=5357"},{"taxonomy":"post_tag","embeddable":true,"href":"https:\/\/turkiyemhaber.com\/index.php?rest_route=%2Fwp%2Fv2%2Ftags&post=5357"}],"curies":[{"name":"wp","href":"https:\/\/api.w.org\/{rel}","templated":true}]}}