{"id":5352,"date":"2026-08-23T22:52:59","date_gmt":"2026-08-23T22:52:59","guid":{"rendered":"https:\/\/turkiyemhaber.com\/?p=5352"},"modified":"2026-08-23T22:53:07","modified_gmt":"2026-08-23T22:53:07","slug":"zonguldaki-karistiran-kurt-iscilere-saldiri-iddiasina-bakan-gurlekten-aciklama","status":"publish","type":"post","link":"https:\/\/turkiyemhaber.com\/?p=5352","title":{"rendered":"Zonguldak\u2019\u0131 Kar\u0131\u015ft\u0131ran \u201cK\u00fcrt \u0130\u015f\u00e7ilere Sald\u0131r\u0131\u201d \u0130ddias\u0131na Bakan G\u00fcrlek\u2019ten A\u00e7\u0131klama"},"content":{"rendered":"\n<p class=\"wp-block-paragraph\">Zonguldak\u2019\u0131n Alapl\u0131 il\u00e7esinde \u015e\u0131rnak\u2019tan f\u0131nd\u0131k hasad\u0131 i\u00e7in b\u00f6lgeye gelen mevsimlik tar\u0131m i\u015f\u00e7ilerine y\u00f6nelik \u201cK\u00fcrt i\u015f\u00e7ilere sald\u0131r\u0131\u201d \u015feklinde yay\u0131lan iddialar\u0131n ard\u0131ndan Adalet Bakan\u0131 Ak\u0131n G\u00fcrlek a\u00e7\u0131klama yapt\u0131. G\u00fcrlek, Bekta\u015fl\u0131 K\u00f6y\u00fc\u2019ndeki olayla ilgili adli soru\u015fturma ba\u015flat\u0131ld\u0131\u011f\u0131n\u0131 belirterek, m\u00fcnferit bir hadisenin farkl\u0131 anlamlara \u00e7ekilerek toplumsal huzuru bozacak genellemelere d\u00f6n\u00fc\u015ft\u00fcr\u00fclmemesi gerekti\u011fini vurgulad\u0131.<\/p>\n\n\n\n<p class=\"wp-block-paragraph\">Zonguldak\u2019\u0131n Alapl\u0131 il\u00e7esinde \u015e\u0131rnak\u2019tan f\u0131nd\u0131k hasad\u0131 i\u00e7in b\u00f6lgeye gelen mevsimlik tar\u0131m i\u015f\u00e7ileri ile k\u00f6yde ya\u015fayan vatanda\u015flar aras\u0131nda ya\u015fanan olay\u0131n ard\u0131ndan \u201cT\u00fcrk-K\u00fcrt gerilimi\u201d iddialar\u0131 g\u00fcndeme geldi.<\/p>\n\n\n\n<p class=\"wp-block-paragraph\">Adalet Bakan\u0131 Ak\u0131n G\u00fcrlek, Alapl\u0131\u2019n\u0131n Bekta\u015fl\u0131 K\u00f6y\u00fc\u2019nde ya\u015fanan olayla ilgili Karadeniz Ere\u011fli Cumhuriyet Ba\u015fsavc\u0131l\u0131\u011f\u0131 taraf\u0131ndan adli soru\u015fturma ba\u015flat\u0131ld\u0131\u011f\u0131n\u0131 a\u00e7\u0131klad\u0131. G\u00fcrlek, olay\u0131n b\u00fct\u00fcn y\u00f6nleriyle ara\u015ft\u0131r\u0131ld\u0131\u011f\u0131n\u0131 belirterek, m\u00fcnferit bir olay\u0131n farkl\u0131 anlamlara \u00e7ekilerek toplumsal huzuru zedeleyecek \u015fekilde genelle\u015ftirilmemesi \u00e7a\u011fr\u0131s\u0131nda bulundu.<\/p>\n\n\n\n<h3 class=\"wp-block-heading\">\u201cM\u00dcNFER\u0130T B\u0130R HAD\u0130SEN\u0130N GENELLEMELERE KONU ED\u0130LMEMES\u0130 \u00d6NEML\u0130\u201d<\/h3>\n\n\n\n<p class=\"wp-block-paragraph\">Bakan G\u00fcrlek, Bekta\u015fl\u0131 K\u00f6y\u00fc\u2019nde mevsimlik tar\u0131m i\u015f\u00e7ileri ile k\u00f6yde ya\u015fayan vatanda\u015flar aras\u0131nda ya\u015fanan olay\u0131n b\u00fct\u00fcn y\u00f6nleriyle ayd\u0131nlat\u0131lmas\u0131 i\u00e7in gerekli i\u015flemlerin titizlikle s\u00fcrd\u00fcr\u00fcld\u00fc\u011f\u00fcn\u00fc belirtti.<\/p>\n\n\n\n<p class=\"wp-block-paragraph\">G\u00fcrlek, kamuoyunun yaln\u0131zca yetkili makamlar taraf\u0131ndan payla\u015f\u0131lan do\u011frulanm\u0131\u015f bilgilere itibar etmesinin \u00f6nemine dikkat \u00e7ekti.<\/p>\n\n\n\n<h3 class=\"wp-block-heading\">\u201cHER B\u0130R VATANDA\u015eIMIZIN HUZURU DEVLET\u0130M\u0130Z\u0130N TEM\u0130NATI ALTINDA\u201d<\/h3>\n\n\n\n<p class=\"wp-block-paragraph\">Adalet Bakan\u0131 G\u00fcrlek, mevsimlik tar\u0131m i\u015f\u00e7ileri de dahil olmak \u00fczere t\u00fcm vatanda\u015flar\u0131n huzur, g\u00fcvenlik ve hukukunun devletin g\u00fcvencesi alt\u0131nda oldu\u011funu ifade etti.<\/p>\n\n\n\n<p class=\"wp-block-paragraph\">G\u00fcrlek, olayda sorumlulu\u011fu bulunan ki\u015filer hakk\u0131nda adli makamlar taraf\u0131ndan gerekli hukuki i\u015flemlerin yap\u0131laca\u011f\u0131n\u0131 belirterek, soru\u015fturman\u0131n sonucunun beklenmesi gerekti\u011fine i\u015faret etti.<\/p>\n\n\n\n<p class=\"wp-block-paragraph\">Bakan G\u00fcrlek a\u00e7\u0131klamas\u0131nda \u015fu ifadeleri kulland\u0131:<\/p>\n\n\n\n<p class=\"wp-block-paragraph\">\u201cZonguldak\u2019\u0131n Alapl\u0131 il\u00e7esi Bekta\u015fl\u0131 K\u00f6y\u00fc\u2019nde mevsimlik tar\u0131m i\u015f\u00e7ilerimiz ile k\u00f6yde ikamet eden vatanda\u015flar\u0131m\u0131z aras\u0131nda ya\u015fanan m\u00fcnferit olaya ili\u015fkin Karadeniz Ere\u011fli Cumhuriyet Ba\u015fsavc\u0131l\u0131\u011f\u0131m\u0131zca adli soru\u015fturma ba\u015flat\u0131lm\u0131\u015ft\u0131r. Olay\u0131n b\u00fct\u00fcn y\u00f6nleriyle ayd\u0131nlat\u0131lmas\u0131 i\u00e7in gerekli i\u015flemler titizlikle s\u00fcrd\u00fcr\u00fclmektedir.<\/p>\n\n\n\n<p class=\"wp-block-paragraph\">Ya\u015fanan m\u00fcnferit bir hadisenin farkl\u0131 anlamlara \u00e7ekilerek toplumsal huzurumuzu zedeleyecek genellemelere konu edilmemesi, kamuoyunun yaln\u0131zca yetkili makamlarca payla\u015f\u0131lan do\u011frulanm\u0131\u015f bilgilere itibar etmesi \u00f6nem ta\u015f\u0131maktad\u0131r.<\/p>\n\n\n\n<p class=\"wp-block-paragraph\">Mevsimlik tar\u0131m i\u015f\u00e7ilerimiz de d\u00e2hil olmak \u00fczere her bir vatanda\u015f\u0131m\u0131z\u0131n huzuru, g\u00fcvenli\u011fi ve hukukunun korunmas\u0131 devletimizin teminat\u0131 alt\u0131ndad\u0131r. Adli makamlar\u0131m\u0131z olayda sorumlulu\u011fu bulunan ki\u015filer hakk\u0131nda hukukun gere\u011fini yerine getirecektir.\u201d<\/p>\n\n\n\n<h3 class=\"wp-block-heading\">VAL\u0130L\u0130K: \u0130K\u0130 A\u0130LE ARASINDAK\u0130 ANLA\u015eMAZLIK<\/h3>\n\n\n\n<p class=\"wp-block-paragraph\">Zonguldak Valili\u011fi de olayla ilgili yapt\u0131\u011f\u0131 a\u00e7\u0131klamada, 21 ve 22 A\u011fustos tarihlerinde Bekta\u015fl\u0131 K\u00f6y\u00fc\u2019nde ya\u015fananlar\u0131n, b\u00f6lgeye mevsimlik tar\u0131m i\u015f\u00e7isi olarak gelen bir aile ile k\u00f6yde ikamet eden ba\u015fka bir aile aras\u0131ndaki m\u00fcnferit anla\u015fmazl\u0131ktan kaynakland\u0131\u011f\u0131n\u0131 bildirdi.<\/p>\n\n\n\n<p class=\"wp-block-paragraph\">Valilik a\u00e7\u0131klamas\u0131nda olaylarda herhangi bir yaralanma meydana gelmedi\u011fi belirtildi. Olayla ilgili adli soru\u015fturman\u0131n ba\u015flat\u0131ld\u0131\u011f\u0131, b\u00f6lgede vatanda\u015flar\u0131n yan\u0131 s\u0131ra mevsimlik tar\u0131m i\u015f\u00e7ilerinin huzur ve g\u00fcvenli\u011fine y\u00f6nelik tedbirlerin s\u00fcrd\u00fcr\u00fcld\u00fc\u011f\u00fc kaydedildi.<\/p>\n\n\n\n<h3 class=\"wp-block-heading\">\u201cT\u00dcRK-K\u00dcRT GER\u0130L\u0130M\u0130\u201d \u0130DD\u0130ALARI G\u00dcNDEMDE<\/h3>\n\n\n\n<p class=\"wp-block-paragraph\">Baz\u0131 haber ve sosyal medya payla\u015f\u0131mlar\u0131nda olay\u0131n \u201cK\u00fcrt mevsimlik tar\u0131m i\u015f\u00e7ilerine y\u00f6nelik sald\u0131r\u0131\u201d \u015feklinde aktar\u0131lmas\u0131 ve etnik bir gerilim \u00e7er\u00e7evesinde yorumlanmas\u0131n\u0131n ard\u0131ndan yetkili makamlar\u0131n a\u00e7\u0131klamalar\u0131 g\u00fcndeme geldi.<\/p>\n\n\n\n<p class=\"wp-block-paragraph\">Valilik a\u00e7\u0131klamas\u0131nda olay, etnik bir \u00e7at\u0131\u015fma veya toplu sald\u0131r\u0131 olarak de\u011fil, iki aile aras\u0131nda ya\u015fanan m\u00fcnferit bir anla\u015fmazl\u0131k olarak tan\u0131mland\u0131.<\/p>\n\n\n\n<p class=\"wp-block-paragraph\">Adalet Bakan\u0131 G\u00fcrlek de olay\u0131n farkl\u0131 anlamlara \u00e7ekilerek toplumsal huzuru zedeleyecek genellemelere d\u00f6n\u00fc\u015ft\u00fcr\u00fclmemesi gerekti\u011fini vurgulad\u0131.<\/p>\n\n\n\n<h3 class=\"wp-block-heading\">SORU\u015eTURMA S\u00dcR\u00dcYOR<\/h3>\n\n\n\n<p class=\"wp-block-paragraph\">Karadeniz Ere\u011fli Cumhuriyet Ba\u015fsavc\u0131l\u0131\u011f\u0131 taraf\u0131ndan y\u00fcr\u00fct\u00fclen soru\u015fturmayla olay\u0131n t\u00fcm y\u00f6nleri ara\u015ft\u0131r\u0131l\u0131yor. Yetkililer, soru\u015fturma tamamlanmadan olayla ilgili do\u011frulanmam\u0131\u015f iddialar \u00fczerinden genelleme yap\u0131lmamas\u0131 gerekti\u011fine dikkat \u00e7ekiyor.<\/p>\n","protected":false},"excerpt":{"rendered":"<p>Zonguldak\u2019\u0131n Alapl\u0131 il\u00e7esinde \u015e\u0131rnak\u2019tan f\u0131nd\u0131k hasad\u0131 i\u00e7in b\u00f6lgeye gelen mevsimlik tar\u0131m i\u015f\u00e7ilerine y\u00f6nelik \u201cK\u00fcrt i\u015f\u00e7ilere<\/p>\n","protected":false},"author":1,"featured_media":5353,"comment_status":"open","ping_status":"open","sticky":false,"template":"","format":"standard","meta":{"_rtcl_gb_attr":"","footnotes":""},"categories":[1],"tags":[],"class_list":["post-5352","post","type-post","status-publish","format-standard","has-post-thumbnail","hentry","category-http-turkiyemhaber-com-wp-content-uploads-2026-03-saray-59-haber-13-mart-pdf"],"_links":{"self":[{"href":"https:\/\/turkiyemhaber.com\/index.php?rest_route=\/wp\/v2\/posts\/5352","targetHints":{"allow":["GET"]}}],"collection":[{"href":"https:\/\/turkiyemhaber.com\/index.php?rest_route=\/wp\/v2\/posts"}],"about":[{"href":"https:\/\/turkiyemhaber.com\/index.php?rest_route=\/wp\/v2\/types\/post"}],"author":[{"embeddable":true,"href":"https:\/\/turkiyemhaber.com\/index.php?rest_route=\/wp\/v2\/users\/1"}],"replies":[{"embeddable":true,"href":"https:\/\/turkiyemhaber.com\/index.php?rest_route=%2Fwp%2Fv2%2Fcomments&post=5352"}],"version-history":[{"count":1,"href":"https:\/\/turkiyemhaber.com\/index.php?rest_route=\/wp\/v2\/posts\/5352\/revisions"}],"predecessor-version":[{"id":5354,"href":"https:\/\/turkiyemhaber.com\/index.php?rest_route=\/wp\/v2\/posts\/5352\/revisions\/5354"}],"wp:featuredmedia":[{"embeddable":true,"href":"https:\/\/turkiyemhaber.com\/index.php?rest_route=\/wp\/v2\/media\/5353"}],"wp:attachment":[{"href":"https:\/\/turkiyemhaber.com\/index.php?rest_route=%2Fwp%2Fv2%2Fmedia&parent=5352"}],"wp:term":[{"taxonomy":"category","embeddable":true,"href":"https:\/\/turkiyemhaber.com\/index.php?rest_route=%2Fwp%2Fv2%2Fcategories&post=5352"},{"taxonomy":"post_tag","embeddable":true,"href":"https:\/\/turkiyemhaber.com\/index.php?rest_route=%2Fwp%2Fv2%2Ftags&post=5352"}],"curies":[{"name":"wp","href":"https:\/\/api.w.org\/{rel}","templated":true}]}}