{"id":5349,"date":"2026-08-23T22:51:29","date_gmt":"2026-08-23T22:51:29","guid":{"rendered":"https:\/\/turkiyemhaber.com\/?p=5349"},"modified":"2026-08-23T22:54:01","modified_gmt":"2026-08-23T22:54:01","slug":"ankara-mamaktaki-yangin-saatlerdir-sondurulemedi-1-kisi-gozaltinda","status":"publish","type":"post","link":"https:\/\/turkiyemhaber.com\/?p=5349","title":{"rendered":"Ankara Mamak&#8217;taki yang\u0131n saatlerdir s\u00f6nd\u00fcr\u00fclemedi! 1 ki\u015fi g\u00f6zalt\u0131nda"},"content":{"rendered":"\n<p class=\"wp-block-paragraph\">Ankara&#8217;n\u0131n Mamak il\u00e7esinde Ba\u015fak Mahallesi H\u00fcseyingazi T\u00fcrbe Yolu&#8217;ndaki a\u011fa\u00e7l\u0131k alanda d\u00fcn ak\u015fam saat 18.00 s\u0131ralar\u0131nda \u00e7\u0131kan yang\u0131n devam ediyor. Yang\u0131n\u0131n \u00e7\u0131kmas\u0131na neden oldu\u011fu belirlenen 1 ki\u015fi g\u00f6zalt\u0131na al\u0131nd\u0131.<\/p>\n\n\n\n<p class=\"wp-block-paragraph\">\u0130hbar \u00fczerine b\u00f6lgeye itfaiye ekipleri sevk edildi. Geni\u015f bir alanda etkili olan yang\u0131n\u0131n kontrol alt\u0131na al\u0131nmas\u0131 ve \u00e7evreye yay\u0131lmas\u0131n\u0131n \u00f6nlenmesi amac\u0131yla ekiplerin s\u00f6nd\u00fcrme \u00e7al\u0131\u015fmalar\u0131 s\u00fcr\u00fcyor.<\/p>\n\n\n\n<p class=\"wp-block-paragraph\">Yang\u0131na iki araz\u00f6z ve \u00fc\u00e7 tankerle m\u00fcdahale edilirken, b\u00f6lgede g\u00fcvenlik ve tedbirler de art\u0131r\u0131ld\u0131.<\/p>\n\n\n\n<figure class=\"wp-block-image size-full\"><img loading=\"lazy\" decoding=\"async\" width=\"640\" height=\"478\" src=\"http:\/\/turkiyemhaber.com\/wp-content\/uploads\/2026\/08\/ankara-mamaktaki-yangin-saatle-20170334-3800_1_m.webp\" alt=\"\" class=\"wp-image-5350\" srcset=\"https:\/\/turkiyemhaber.com\/wp-content\/uploads\/2026\/08\/ankara-mamaktaki-yangin-saatle-20170334-3800_1_m.webp 640w, https:\/\/turkiyemhaber.com\/wp-content\/uploads\/2026\/08\/ankara-mamaktaki-yangin-saatle-20170334-3800_1_m-300x224.webp 300w, https:\/\/turkiyemhaber.com\/wp-content\/uploads\/2026\/08\/ankara-mamaktaki-yangin-saatle-20170334-3800_1_m-16x12.webp 16w, https:\/\/turkiyemhaber.com\/wp-content\/uploads\/2026\/08\/ankara-mamaktaki-yangin-saatle-20170334-3800_1_m-320x240.webp 320w\" sizes=\"auto, (max-width: 640px) 100vw, 640px\" \/><\/figure>\n\n\n\n<p class=\"wp-block-paragraph\">Ankara Valili\u011finden yap\u0131lan a\u00e7\u0131klamada, Mamak il\u00e7esi H\u00fcseyingazi b\u00f6lgesindeki a\u011fa\u00e7l\u0131k alanda \u00e7\u0131kan yang\u0131na neden oldu\u011fu belirlenen bir ki\u015finin g\u00f6zalt\u0131na al\u0131nd\u0131\u011f\u0131 belirtildi.<\/p>\n\n\n\n<p class=\"wp-block-paragraph\">Yang\u0131n\u0131n fark edilmesinin ard\u0131ndan itfaiye ekipleri ba\u015fta olmak \u00fczere ilgili kurum ve kurulu\u015flara ba\u011fl\u0131 ekiplerin b\u00f6lgeye sevk edildi\u011fi, geni\u015f bir alanda etkili olan yang\u0131n\u0131n kontrol alt\u0131na al\u0131nmas\u0131 i\u00e7in \u00e7al\u0131\u015fmalar\u0131n aral\u0131ks\u0131z s\u00fcrd\u00fc\u011f\u00fc bildirildi.<\/p>\n\n\n\n<p class=\"wp-block-paragraph\">Ankara B\u00fcy\u00fck\u015fehir Belediye Ba\u015fkan\u0131 Mansur Yava\u015f da yang\u0131na m\u00fcdahalenin devam etti\u011fini a\u00e7\u0131klad\u0131. Yava\u015f, itfaiye, orman ekipleri ve belediyenin ilgili birimlerinden 47 ara\u00e7 ve 148 personelin sahada g\u00f6rev yapt\u0131\u011f\u0131n\u0131, belediyeye ait 20 tanker ve 4 i\u015f makinesinin de s\u00f6nd\u00fcrme \u00e7al\u0131\u015fmalar\u0131na destek verdi\u011fini belirtti.<\/p>\n\n\n\n<p class=\"wp-block-paragraph\">Yang\u0131n\u0131n \u00e7\u0131k\u0131\u015f sebebine ili\u015fkin inceleme s\u00fcrerken, ekiplerin yang\u0131n\u0131 kontrol alt\u0131na alma \u00e7al\u0131\u015fmalar\u0131 devam ediyor.<\/p>\n","protected":false},"excerpt":{"rendered":"<p>Ankara&#8217;n\u0131n Mamak il\u00e7esinde Ba\u015fak Mahallesi H\u00fcseyingazi T\u00fcrbe Yolu&#8217;ndaki a\u011fa\u00e7l\u0131k alanda d\u00fcn ak\u015fam saat 18.00 s\u0131ralar\u0131nda<\/p>\n","protected":false},"author":1,"featured_media":5355,"comment_status":"open","ping_status":"open","sticky":false,"template":"","format":"standard","meta":{"_rtcl_gb_attr":"","footnotes":""},"categories":[43],"tags":[],"class_list":["post-5349","post","type-post","status-publish","format-standard","has-post-thumbnail","hentry","category-son-dakika"],"_links":{"self":[{"href":"https:\/\/turkiyemhaber.com\/index.php?rest_route=\/wp\/v2\/posts\/5349","targetHints":{"allow":["GET"]}}],"collection":[{"href":"https:\/\/turkiyemhaber.com\/index.php?rest_route=\/wp\/v2\/posts"}],"about":[{"href":"https:\/\/turkiyemhaber.com\/index.php?rest_route=\/wp\/v2\/types\/post"}],"author":[{"embeddable":true,"href":"https:\/\/turkiyemhaber.com\/index.php?rest_route=\/wp\/v2\/users\/1"}],"replies":[{"embeddable":true,"href":"https:\/\/turkiyemhaber.com\/index.php?rest_route=%2Fwp%2Fv2%2Fcomments&post=5349"}],"version-history":[{"count":2,"href":"https:\/\/turkiyemhaber.com\/index.php?rest_route=\/wp\/v2\/posts\/5349\/revisions"}],"predecessor-version":[{"id":5356,"href":"https:\/\/turkiyemhaber.com\/index.php?rest_route=\/wp\/v2\/posts\/5349\/revisions\/5356"}],"wp:featuredmedia":[{"embeddable":true,"href":"https:\/\/turkiyemhaber.com\/index.php?rest_route=\/wp\/v2\/media\/5355"}],"wp:attachment":[{"href":"https:\/\/turkiyemhaber.com\/index.php?rest_route=%2Fwp%2Fv2%2Fmedia&parent=5349"}],"wp:term":[{"taxonomy":"category","embeddable":true,"href":"https:\/\/turkiyemhaber.com\/index.php?rest_route=%2Fwp%2Fv2%2Fcategories&post=5349"},{"taxonomy":"post_tag","embeddable":true,"href":"https:\/\/turkiyemhaber.com\/index.php?rest_route=%2Fwp%2Fv2%2Ftags&post=5349"}],"curies":[{"name":"wp","href":"https:\/\/api.w.org\/{rel}","templated":true}]}}