{"id":5346,"date":"2026-08-23T22:49:31","date_gmt":"2026-08-23T22:49:31","guid":{"rendered":"https:\/\/turkiyemhaber.com\/?p=5346"},"modified":"2026-08-23T22:49:36","modified_gmt":"2026-08-23T22:49:36","slug":"mhp-tekirdag-kongresinde-terorsuz-turkiye-vurgusu","status":"publish","type":"post","link":"https:\/\/turkiyemhaber.com\/?p=5346","title":{"rendered":"MHP Tekirda\u011f Kongresi&#8217;nde &#8216;Ter\u00f6rs\u00fcz T\u00fcrkiye&#8217; Vurgusu"},"content":{"rendered":"\n<p class=\"wp-block-paragraph\">Milliyet\u00e7i Hareket Partisi (MHP) Genel Ba\u015fkan Yard\u0131mc\u0131s\u0131 Fethi Y\u0131ld\u0131z, &#8220;Ter\u00f6rs\u00fcz T\u00fcrkiye&#8221; s\u00fcrecinin tarihi a\u00e7\u0131dan bir d\u00f6n\u00fcm noktas\u0131 oldu\u011funu s\u00f6yledi.<\/p>\n\n\n\n<p class=\"wp-block-paragraph\">MHP Tekirda\u011f \u0130l Ba\u015fkanl\u0131\u011f\u0131 15. Ola\u011fan \u0130l Kongresi, Yahya Kemal Beyatl\u0131 K\u00fclt\u00fcr Merkezi&#8217;nde yap\u0131ld\u0131. Tek aday ve tek listeyle gidilen kongrede mevcut \u0130l Ba\u015fkan\u0131 Furkan Bi\u00e7er, MHP Tekirda\u011f \u0130l Ba\u015fkanl\u0131\u011f\u0131na yeniden se\u00e7ildi.<\/p>\n\n\n\n<p class=\"wp-block-paragraph\">Kongrede konu\u015fan MHP Genel Ba\u015fkan Yard\u0131mc\u0131s\u0131 Fethi Y\u0131ld\u0131z, MHP&#8217;nin 57 y\u0131ll\u0131k siyasi ge\u00e7mi\u015fi boyunca millet ve devlet i\u00e7in b\u00fcy\u00fck m\u00fccadeleler verdi\u011fini belirterek, &#8220;Fedakar dava arkada\u015flar\u0131m, Milliyet\u00e7i Hareket Partisi Tekirda\u011f \u0130l Kongresi&#8217;ne ba\u015flam\u0131\u015f bulunuyoruz. Kongremizin partimize, Tekirda\u011f\u0131m\u0131za ve \u00fclkemize hay\u0131rlar getirmesini temenni ediyoruz. Milliyet\u00e7i Hareket Partisi \u00fclkesi ve milleti i\u00e7in her t\u00fcrl\u00fc \u00e7ileye katlan\u0131r. 57 y\u0131ll\u0131k tarihimizde bunun say\u0131s\u0131z \u00f6rnekleri bulunmaktad\u0131r&#8221; dedi.<\/p>\n\n\n\n<p class=\"wp-block-paragraph\">T\u00fcrkiye&#8217;nin ter\u00f6rden ar\u0131nd\u0131\u011f\u0131, ekonomik kalk\u0131nman\u0131n g\u00fc\u00e7lendi\u011fi ve huzurun kal\u0131c\u0131 hale geldi\u011fi bir gelece\u011fin hedeflendi\u011fini belirten Y\u0131ld\u0131z, gelecek nesillerin \u015fiddetten uzak, huzur ve refah i\u00e7erisinde ya\u015fayabilmesi i\u00e7in \u00f6nemli ad\u0131mlar at\u0131ld\u0131\u011f\u0131n\u0131 s\u00f6yledi.<\/p>\n\n\n\n<p class=\"wp-block-paragraph\">&#8220;Ter\u00f6rs\u00fcz T\u00fcrkiye&#8221; s\u00fcrecinin T\u00fcrkiye a\u00e7\u0131s\u0131ndan tarihi bir d\u00f6n\u00fcm noktas\u0131 oldu\u011funu dile getiren Y\u0131ld\u0131z, MHP Genel Ba\u015fkan\u0131 Devlet Bah\u00e7eli&#8217;nin 2024 y\u0131l\u0131nda att\u0131\u011f\u0131 ad\u0131mlar\u0131n T\u00fcrk siyasi hayat\u0131nda yeni bir s\u00fcrecin ba\u015flamas\u0131na vesile oldu\u011funu ifade etti.<\/p>\n\n\n\n<p class=\"wp-block-paragraph\">Y\u0131ld\u0131z, &#8220;Ter\u00f6rs\u00fcz T\u00fcrkiye s\u00fcreci tarihi a\u00e7\u0131dan bir d\u00f6n\u00fcm noktas\u0131d\u0131r. Cumhurba\u015fkan\u0131m\u0131z\u0131n ba\u015fkanl\u0131\u011f\u0131nda ve onun dirayetiyle bu mesele sonunda bir devlet politikas\u0131 haline geldi. \u00c7ok \u015f\u00fck\u00fcr bug\u00fcnlere geldik&#8221; diye konu\u015ftu.<\/p>\n\n\n\n<p class=\"wp-block-paragraph\">MHP&#8217;nin ola\u011fan\u00fcst\u00fc tecr\u00fcbenin ve milli birikimin merkezi oldu\u011funu s\u00f6yleyen Y\u0131ld\u0131z, Cumhur \u0130ttifak\u0131&#8217;n\u0131n T\u00fcrkiye&#8217;nin gelece\u011fi i\u00e7in \u00f6nemli ad\u0131mlar att\u0131\u011f\u0131n\u0131 kaydetti.<\/p>\n\n\n\n<p class=\"wp-block-paragraph\">&#8220;Ter\u00f6rs\u00fcz T\u00fcrkiye&#8221; hedeflerine tek tek ula\u015f\u0131ld\u0131\u011f\u0131n\u0131 ifade eden Y\u0131ld\u0131z, s\u00fcrecin milletin ve devletin gelece\u011fi a\u00e7\u0131s\u0131ndan b\u00fcy\u00fck \u00f6nem ta\u015f\u0131d\u0131\u011f\u0131n\u0131 belirterek, &#8220;Bunun maddi bir kar\u015f\u0131l\u0131\u011f\u0131 olabilir mi? D\u00fcnyada bunun kadar de\u011ferli herhangi bir \u015fey olabilir mi? Herhangi bir siyasal duru\u015f bunun kadar k\u0131ymetli olabilir mi?&#8221; ifadelerini kulland\u0131.<\/p>\n\n\n\n<p class=\"wp-block-paragraph\">Y\u0131ld\u0131z, Cumhurba\u015fkan\u0131 Recep Tayyip Erdo\u011fan&#8217;\u0131n dirayetiyle s\u00fcrecin devlet politikas\u0131 haline geldi\u011fini belirterek, Cumhur \u0130ttifak\u0131&#8217;n\u0131n hi\u00e7bir zaman siyasi hesap veya g\u00fcndelik kazan\u0131m pe\u015finde olmad\u0131\u011f\u0131n\u0131 vurgulad\u0131.<\/p>\n\n\n\n<p class=\"wp-block-paragraph\">Son g\u00fcnlerde baz\u0131 belediyelerle ilgili kamuoyunda g\u00fcndeme gelen davalara da de\u011finen Y\u0131ld\u0131z, mahkeme kararlar\u0131 kesinle\u015fmeden kimse hakk\u0131nda pe\u015fin h\u00fck\u00fcm verilemeyece\u011fini ancak kamuoyuna yans\u0131yan baz\u0131 emarelerin de g\u00f6z ard\u0131 edilmemesi gerekti\u011fini s\u00f6yledi.<\/p>\n","protected":false},"excerpt":{"rendered":"<p>Milliyet\u00e7i Hareket Partisi (MHP) Genel Ba\u015fkan Yard\u0131mc\u0131s\u0131 Fethi Y\u0131ld\u0131z, &#8220;Ter\u00f6rs\u00fcz T\u00fcrkiye&#8221; s\u00fcrecinin tarihi a\u00e7\u0131dan bir<\/p>\n","protected":false},"author":1,"featured_media":5347,"comment_status":"open","ping_status":"open","sticky":false,"template":"","format":"standard","meta":{"_rtcl_gb_attr":"","footnotes":""},"categories":[44],"tags":[],"class_list":["post-5346","post","type-post","status-publish","format-standard","has-post-thumbnail","hentry","category-politika"],"_links":{"self":[{"href":"https:\/\/turkiyemhaber.com\/index.php?rest_route=\/wp\/v2\/posts\/5346","targetHints":{"allow":["GET"]}}],"collection":[{"href":"https:\/\/turkiyemhaber.com\/index.php?rest_route=\/wp\/v2\/posts"}],"about":[{"href":"https:\/\/turkiyemhaber.com\/index.php?rest_route=\/wp\/v2\/types\/post"}],"author":[{"embeddable":true,"href":"https:\/\/turkiyemhaber.com\/index.php?rest_route=\/wp\/v2\/users\/1"}],"replies":[{"embeddable":true,"href":"https:\/\/turkiyemhaber.com\/index.php?rest_route=%2Fwp%2Fv2%2Fcomments&post=5346"}],"version-history":[{"count":1,"href":"https:\/\/turkiyemhaber.com\/index.php?rest_route=\/wp\/v2\/posts\/5346\/revisions"}],"predecessor-version":[{"id":5348,"href":"https:\/\/turkiyemhaber.com\/index.php?rest_route=\/wp\/v2\/posts\/5346\/revisions\/5348"}],"wp:featuredmedia":[{"embeddable":true,"href":"https:\/\/turkiyemhaber.com\/index.php?rest_route=\/wp\/v2\/media\/5347"}],"wp:attachment":[{"href":"https:\/\/turkiyemhaber.com\/index.php?rest_route=%2Fwp%2Fv2%2Fmedia&parent=5346"}],"wp:term":[{"taxonomy":"category","embeddable":true,"href":"https:\/\/turkiyemhaber.com\/index.php?rest_route=%2Fwp%2Fv2%2Fcategories&post=5346"},{"taxonomy":"post_tag","embeddable":true,"href":"https:\/\/turkiyemhaber.com\/index.php?rest_route=%2Fwp%2Fv2%2Ftags&post=5346"}],"curies":[{"name":"wp","href":"https:\/\/api.w.org\/{rel}","templated":true}]}}