{"id":5343,"date":"2026-08-23T22:46:05","date_gmt":"2026-08-23T22:46:05","guid":{"rendered":"https:\/\/turkiyemhaber.com\/?p=5343"},"modified":"2026-08-23T22:46:10","modified_gmt":"2026-08-23T22:46:10","slug":"hayraboluda-motokros-sampiyonasi-sona-erdi","status":"publish","type":"post","link":"https:\/\/turkiyemhaber.com\/?p=5343","title":{"rendered":"Hayrabolu&#8217;da Motokros \u015eampiyonas\u0131 Sona Erdi"},"content":{"rendered":"\n<p class=\"wp-block-paragraph\">Tekirda\u011f&#8217;\u0131n Hayrabolu il\u00e7esinde d\u00fczenlenen Balkan ve T\u00fcrkiye motokros \u015fampiyonalar\u0131 sona erdi.<\/p>\n\n\n\n<p class=\"wp-block-paragraph\">Burak \u00d6zel Motokros Parkuru&#8217;nda ger\u00e7ekle\u015ftirilen yar\u0131\u015flara T\u00fcrkiye&#8217;nin yan\u0131 s\u0131ra Bulgaristan, Romanya, Kuzey Makedonya ve Yunanistan&#8217;dan sporcular kat\u0131ld\u0131.<\/p>\n\n\n\n<p class=\"wp-block-paragraph\">Hayrabolu Belediyesinin deste\u011fiyle d\u00fczenlenen organizasyonda sporcular, farkl\u0131 kategorilerde dereceye girebilmek i\u00e7in m\u00fccadele etti.<\/p>\n\n\n\n<p class=\"wp-block-paragraph\">Zorlu parkurda ger\u00e7ekle\u015ftirilen yar\u0131\u015flar\u0131, T\u00fcrkiye Motosiklet Federasyonu Ba\u015fkan\u0131 Mehmet Sad\u0131k Vefa, Hayrabolu Belediye Ba\u015fkan\u0131 Tuncer Ba\u015fo\u011flu ve vatanda\u015flar takip etti.<\/p>\n\n\n\n<p class=\"wp-block-paragraph\">Organizasyonda sporcular\u0131n performanslar\u0131 izleyicilerden ilgi g\u00f6rd\u00fc.<\/p>\n\n\n\n<p class=\"wp-block-paragraph\">Yar\u0131\u015flar\u0131n sonu\u00e7lar\u0131 \u015fu \u015fekilde:<\/p>\n\n\n\n<h2 class=\"wp-block-heading\">BMU yar\u0131\u015f sonu\u00e7lar\u0131<\/h2>\n\n\n\n<p class=\"wp-block-paragraph\"><strong>MX1:<\/strong> 1. Hristian Il\u0131ovski (Kuzey Makedonya), 2. Mustafa \u00c7etin (T\u00fcrkiye), 3. Yi\u011fit Ali Selek (T\u00fcrkiye)<\/p>\n\n\n\n<p class=\"wp-block-paragraph\"><strong>MX2:<\/strong> 1. Dani Tsankov (Bulgaristan), 2. Andre Loan (Romanya), 3. Mehmet Yi\u011fit Kara (ENDIST)<\/p>\n\n\n\n<p class=\"wp-block-paragraph\"><strong>MX125:<\/strong> 1. Efe Okur (T\u00fcrkiye), 2. Viktor Andreevski (Kuzey Makedonya), 3. Teoman Masar (Bulgaristan)<\/p>\n\n\n\n<p class=\"wp-block-paragraph\"><strong>MX:<\/strong> 1. Kristian Krastev (Bulgaristan), 2. Batuhan Demiryol (KBBSPOR), 3. Eray Esent\u00fcrk (SS100)<\/p>\n\n\n\n<p class=\"wp-block-paragraph\"><strong>85CC:<\/strong> 1. Vlad Stefan (Romanya), 2. Nikolay Pavlov (Bulgaristan), 3. Andrei Susanu (Romanya)<\/p>\n\n\n\n<p class=\"wp-block-paragraph\"><strong>50CC:<\/strong> 1. Sarp G\u00fczelay (T\u00fcrkiye), 2. Yusuf Ali Kolay (T\u00fcrkiye), 3. Evaggelos Stamidis (Yunanistan)<\/p>\n\n\n\n<p class=\"wp-block-paragraph\"><strong>65CC:<\/strong> 1. Radostin Prisadov (Bulgaristan), 2. Gabriel Ursu (Romanya), 3. Aslan Osmanpa\u015fao\u011flu (T\u00fcrkiye)<\/p>\n\n\n\n<p class=\"wp-block-paragraph\"><strong>Kad\u0131nlar:<\/strong> 1. Selen T\u0131naz (T\u00fcrkiye), 2. Irmak Y\u0131ld\u0131r\u0131m (T\u00fcrkiye), 3. Ecem \u00c7elik (T\u00fcrkiye)<\/p>\n\n\n\n<p class=\"wp-block-paragraph\"><strong>Senior:<\/strong> 1. \u015eakir \u015eenkalayc\u0131 (T\u00fcrkiye), 2. Vasil Stoyanov (Bulgaristan), 3. Jivko Bonev (Bulgaristan)<\/p>\n\n\n\n<h2 class=\"wp-block-heading\">T\u00fcrkiye yar\u0131\u015f sonu\u00e7lar\u0131<\/h2>\n\n\n\n<p class=\"wp-block-paragraph\"><strong>MX1:<\/strong> 1. Mustafa \u00c7etin (STAR), 2. Yi\u011fit Ali Selek (STMOK), 3. Emircan \u015eenkalayc\u0131 (SS100)<\/p>\n\n\n\n<p class=\"wp-block-paragraph\"><strong>MX2:<\/strong> 1. Mehmet Yi\u011fit Kara (ENDIST), 2. Burak Arl\u0131 (YMK), 3. Akil Ulusan (BAMOS)<\/p>\n\n\n\n<p class=\"wp-block-paragraph\"><strong>MX125:<\/strong> 1. Efe Okur (SS100), 2. Ali Akkafa (SS100), 3. Mert Akkafa (SS100)<\/p>\n\n\n\n<p class=\"wp-block-paragraph\"><strong>MX:<\/strong> 1. Batuhan Demiryol (KBBSPOR), 2. Eray Esent\u00fcrk (SS100), 3. Nurdo\u011fan Kuzu (Kartepe)<\/p>\n\n\n\n<p class=\"wp-block-paragraph\"><strong>65CC:<\/strong> 1. Aslan Osmanpa\u015fao\u011flu (ENDIST), 2. \u00d6mer Kudu (SS100), 3. Ahmet Hasan Y\u0131ld\u0131z (KBBSpor)<\/p>\n\n\n\n<p class=\"wp-block-paragraph\"><strong>85CC:<\/strong> 1. Ya\u011f\u0131z Kaya (STAR), 2. Ulu\u00e7 Ta\u015f\u00f6z (SS100), 3. Berat Destan \u015eenkalayc\u0131 (SS100)<\/p>\n\n\n\n<p class=\"wp-block-paragraph\"><strong>Kad\u0131nlar:<\/strong> 1. Selen T\u0131naz (ENDIST), 2. Irmak Y\u0131ld\u0131r\u0131m (EMK), 3. Ecem \u00c7elik (STAR)<\/p>\n\n\n\n<p class=\"wp-block-paragraph\"><strong>Senior:<\/strong> 1. \u015eakir \u015eenkalayc\u0131 (SS100), 2. Mehmet Sabri Bahad\u0131r (SMYRNA), 3. Volkan \u00d6zg\u00fcr (STMOK)<\/p>\n\n\n\n<p class=\"wp-block-paragraph\"><strong>Veteran:<\/strong> 1. Ceyhun Kalfal\u0131 (YMK), 2. Mustafa Do\u011fanay (\u0130ZMOK), 3. H\u00fcseyin Neziro\u011flu (KARTEPE)<\/p>\n\n\n\n<p class=\"wp-block-paragraph\"><strong>50CC:<\/strong> 1. Sarp G\u00fczelay (SARIYER), 2. Yusuf Ali Kolay (KBBSPOR), 3. Kaan \u015ei\u015fman (KARTEPE)<\/p>\n\n\n\n<p class=\"wp-block-paragraph\"><strong>E50:<\/strong> 1. Mercan Aka\u00e7\u0131k (KARTEPE), 2. Atlas Bu\u011fra Do\u011fan (KARTEPE), 3. Minel Yade Duman<\/p>\n\n\n\n<p class=\"wp-block-paragraph\"><strong>50 Mini:<\/strong> 1. Tahir Ata Eri\u015fen, 2. Bayezid S\u00f6nmez (Kartepe), 3. Selim Has<\/p>\n","protected":false},"excerpt":{"rendered":"<p>Tekirda\u011f&#8217;\u0131n Hayrabolu il\u00e7esinde d\u00fczenlenen Balkan ve T\u00fcrkiye motokros \u015fampiyonalar\u0131 sona erdi. Burak \u00d6zel Motokros Parkuru&#8217;nda<\/p>\n","protected":false},"author":1,"featured_media":5344,"comment_status":"open","ping_status":"open","sticky":false,"template":"","format":"standard","meta":{"_rtcl_gb_attr":"","footnotes":""},"categories":[3],"tags":[],"class_list":["post-5343","post","type-post","status-publish","format-standard","has-post-thumbnail","hentry","category-spor"],"_links":{"self":[{"href":"https:\/\/turkiyemhaber.com\/index.php?rest_route=\/wp\/v2\/posts\/5343","targetHints":{"allow":["GET"]}}],"collection":[{"href":"https:\/\/turkiyemhaber.com\/index.php?rest_route=\/wp\/v2\/posts"}],"about":[{"href":"https:\/\/turkiyemhaber.com\/index.php?rest_route=\/wp\/v2\/types\/post"}],"author":[{"embeddable":true,"href":"https:\/\/turkiyemhaber.com\/index.php?rest_route=\/wp\/v2\/users\/1"}],"replies":[{"embeddable":true,"href":"https:\/\/turkiyemhaber.com\/index.php?rest_route=%2Fwp%2Fv2%2Fcomments&post=5343"}],"version-history":[{"count":1,"href":"https:\/\/turkiyemhaber.com\/index.php?rest_route=\/wp\/v2\/posts\/5343\/revisions"}],"predecessor-version":[{"id":5345,"href":"https:\/\/turkiyemhaber.com\/index.php?rest_route=\/wp\/v2\/posts\/5343\/revisions\/5345"}],"wp:featuredmedia":[{"embeddable":true,"href":"https:\/\/turkiyemhaber.com\/index.php?rest_route=\/wp\/v2\/media\/5344"}],"wp:attachment":[{"href":"https:\/\/turkiyemhaber.com\/index.php?rest_route=%2Fwp%2Fv2%2Fmedia&parent=5343"}],"wp:term":[{"taxonomy":"category","embeddable":true,"href":"https:\/\/turkiyemhaber.com\/index.php?rest_route=%2Fwp%2Fv2%2Fcategories&post=5343"},{"taxonomy":"post_tag","embeddable":true,"href":"https:\/\/turkiyemhaber.com\/index.php?rest_route=%2Fwp%2Fv2%2Ftags&post=5343"}],"curies":[{"name":"wp","href":"https:\/\/api.w.org\/{rel}","templated":true}]}}