{"id":5337,"date":"2026-08-22T17:35:44","date_gmt":"2026-08-22T17:35:44","guid":{"rendered":"https:\/\/turkiyemhaber.com\/?p=5337"},"modified":"2026-08-22T17:35:50","modified_gmt":"2026-08-22T17:35:50","slug":"kuytulculara-yonelik-sorusturmada-carpici-detay-cimere-yaklasik-6-bin-ihbar","status":"publish","type":"post","link":"https:\/\/turkiyemhaber.com\/?p=5337","title":{"rendered":"Kuytulculara Y\u00f6nelik Soru\u015fturmada \u00c7arp\u0131c\u0131 Detay: C\u0130MER&#8217;e Yakla\u015f\u0131k 6 Bin \u0130hbar"},"content":{"rendered":"\n<p class=\"wp-block-paragraph\"><strong>Adana Cumhuriyet Ba\u015fsavc\u0131l\u0131\u011f\u0131 taraf\u0131ndan Alparslan Kuytul ve \u00e7evresindeki yap\u0131lanmaya y\u00f6nelik y\u00fcr\u00fct\u00fclen soru\u015fturmada, C\u0130MER&#8217;e yakla\u015f\u0131k 6 bin ihbar ve ba\u015fvuru yap\u0131ld\u0131\u011f\u0131 \u00f6\u011frenildi.<\/strong><\/p>\n\n\n\n<p class=\"wp-block-paragraph\">Adana Cumhuriyet Ba\u015fsavc\u0131l\u0131\u011f\u0131 taraf\u0131ndan Alparslan Kuytul ve \u00e7evresindeki yap\u0131lanmaya y\u00f6nelik y\u00fcr\u00fct\u00fclen soru\u015fturmada, C\u0130MER&#8217;e yakla\u015f\u0131k 6 bin ihbar ve ba\u015fvuru yap\u0131ld\u0131\u011f\u0131 \u00f6\u011frenildi.<\/p>\n\n\n\n<p class=\"wp-block-paragraph\">Soru\u015fturma kapsam\u0131nda C\u0130MER&#8217;e yap\u0131lan ba\u015fvurularda, yap\u0131lanman\u0131n y\u00f6netim \u015femas\u0131, \u015fehir ve mahalle sorumlular\u0131, para ve malvarl\u0131klar\u0131n\u0131n \u00fc\u00e7\u00fcnc\u00fc ki\u015filer \u00fczerinden gizlendi\u011fi, kurban ve yard\u0131m gelirlerinin amac\u0131 d\u0131\u015f\u0131nda kullan\u0131ld\u0131\u011f\u0131, izinsiz yat\u0131l\u0131 e\u011fitim faaliyetleri y\u00fcr\u00fct\u00fcld\u00fc\u011f\u00fc ve mensuplar\u0131n devlete kar\u015f\u0131 k\u0131\u015fk\u0131rt\u0131ld\u0131\u011f\u0131 y\u00f6n\u00fcnde iddialar\u0131n yer ald\u0131\u011f\u0131 belirtildi.<\/p>\n\n\n\n<p class=\"wp-block-paragraph\">C\u0130MER&#8217;e yap\u0131lan ilk ba\u015fvurunun 10 Ekim 2024 tarihinde ger\u00e7ekle\u015ftirildi\u011fi, ba\u015fvurular\u0131n 2024, 2025 ve 2026 y\u0131llar\u0131nda devam etti\u011fi \u00f6\u011frenildi. Ba\u015fvurularda zaman i\u00e7erisinde yap\u0131lanman\u0131n i\u00e7 organizasyonu, mali kaynaklar\u0131, e\u011fitim faaliyetleri, sosyal medya yap\u0131lanmas\u0131 ve farkl\u0131 \u015fehirlerdeki sorumlular\u0131na ili\u015fkin \u00e7e\u015fitli bilgiler yer ald\u0131.<\/p>\n\n\n\n<h3 class=\"wp-block-heading\">C\u0130MER&#8217;E ORGAN\u0130ZASYON \u015eEMASI G\u00d6NDER\u0130LD\u0130<\/h3>\n\n\n\n<p class=\"wp-block-paragraph\">24 Kas\u0131m 2024 ve 16 Aral\u0131k 2025 tarihli ba\u015fvurularda yap\u0131lanmaya ili\u015fkin ayr\u0131nt\u0131l\u0131 bir organizasyon \u015femas\u0131n\u0131n C\u0130MER&#8217;e bildirildi\u011fi belirtildi.<\/p>\n\n\n\n<p class=\"wp-block-paragraph\">Ba\u015fvurularda Alparslan Kuytul &#8220;\u00f6rg\u00fct lideri&#8221;, Erol Ard\u0131\u00e7 ise &#8220;ikinci adam&#8221; olarak tan\u0131mlan\u0131rken; genel sekreterlik, hesap ve idari i\u015fler, e\u011fitim ve medrese, \u00fcniversite gen\u00e7lik yap\u0131lanmas\u0131, lojistik, sa\u011fl\u0131k, sosyal medya, konferans organizasyonu, b\u00f6lge sorumluluklar\u0131 ile kasa ve mali i\u015fler gibi alanlarda sorumlular bulundu\u011fu ileri s\u00fcr\u00fcld\u00fc.<\/p>\n\n\n\n<p class=\"wp-block-paragraph\">Ayr\u0131ca \u0130stanbul, Diyarbak\u0131r, Ankara, Gaziantep, Erzurum, \u0130zmir ve Samsun&#8217;un da aralar\u0131nda bulundu\u011fu \u00e7ok say\u0131da il i\u00e7in ayr\u0131 sorumlular bulundu\u011fu y\u00f6n\u00fcnde bildirim yap\u0131ld\u0131\u011f\u0131 aktar\u0131ld\u0131.<\/p>\n\n\n\n<h3 class=\"wp-block-heading\">&#8220;A TAKIMI&#8221; \u0130FADES\u0130 KULLANILDI<\/h3>\n\n\n\n<p class=\"wp-block-paragraph\">16 Aral\u0131k 2025 tarihli ba\u015fka bir C\u0130MER ba\u015fvurusunda ise yap\u0131lanman\u0131n \u00fcst y\u00f6netimi i\u00e7in &#8220;A tak\u0131m\u0131&#8221; ifadesinin kullan\u0131ld\u0131\u011f\u0131 belirtildi.<\/p>\n\n\n\n<p class=\"wp-block-paragraph\">Ba\u015fvuruda \u00e7e\u015fitli isimlerin yap\u0131lanman\u0131n y\u00f6netim kadrosunda bulundu\u011funun ileri s\u00fcr\u00fcld\u00fc\u011f\u00fc, bu ki\u015filerin bir b\u00f6l\u00fcm\u00fcn\u00fcn daha sonra soru\u015fturmadaki irtibat \u00e7al\u0131\u015fmalar\u0131nda farkl\u0131 g\u00f6revlerle kayda ge\u00e7irildi\u011fi ifade edildi.<\/p>\n\n\n\n<h3 class=\"wp-block-heading\">PARA VE GAYR\u0130MENKULLERLE \u0130LG\u0130L\u0130 \u0130DD\u0130ALAR<\/h3>\n\n\n\n<p class=\"wp-block-paragraph\">C\u0130MER ba\u015fvurular\u0131nda yap\u0131lanman\u0131n mali yap\u0131s\u0131na ili\u015fkin \u00e7e\u015fitli iddialar\u0131n da yer ald\u0131\u011f\u0131 belirtildi.<\/p>\n\n\n\n<p class=\"wp-block-paragraph\">24 Kas\u0131m 2024 tarihli ba\u015fvuruda, yap\u0131lanmaya ait oldu\u011fu ileri s\u00fcr\u00fclen para ve gayrimenkullerin \u00fc\u00e7\u00fcnc\u00fc ki\u015filerin hesaplar\u0131 \u00fczerinden ge\u00e7irilerek devletten gizlenmeye \u00e7al\u0131\u015f\u0131ld\u0131\u011f\u0131 iddia edildi. 16 Aral\u0131k 2025 tarihli ba\u015fvuruda da benzer mali iddialar\u0131n g\u00fcndeme getirildi\u011fi aktar\u0131ld\u0131.<\/p>\n\n\n\n<h3 class=\"wp-block-heading\">KURBAN VE YARDIM GEL\u0130RLER\u0130NE \u0130L\u0130\u015eK\u0130N \u0130HBARLAR<\/h3>\n\n\n\n<p class=\"wp-block-paragraph\">27 May\u0131s 2025 tarihli C\u0130MER ba\u015fvurusunda ise Ramazan ve Kurban Bayram\u0131 d\u00f6nemlerinde yap\u0131lan para toplama faaliyetlerine ili\u015fkin iddialar\u0131n yer ald\u0131\u011f\u0131 belirtildi.<\/p>\n\n\n\n<p class=\"wp-block-paragraph\">Ba\u015fvuruda, 2025 y\u0131l\u0131 Ramazan ay\u0131nda &#8220;yard\u0131m kolisi&#8221; ad\u0131 alt\u0131nda yakla\u015f\u0131k 20 milyon lira topland\u0131\u011f\u0131n\u0131n duyuldu\u011fu, 2024 Kurban Bayram\u0131&#8217;nda ise 560 b\u00fcy\u00fckba\u015f hayvan kesildi\u011fine ili\u015fkin bilgi al\u0131nd\u0131\u011f\u0131 ifade edildi.<\/p>\n\n\n\n<p class=\"wp-block-paragraph\">Ba\u015fvuruda ayr\u0131ca kurban etlerinin bir b\u00f6l\u00fcm\u00fcn\u00fcn lokanta ve kasaplara toptan sat\u0131ld\u0131\u011f\u0131, bir b\u00f6l\u00fcm\u00fcn\u00fcn ise sucuk yap\u0131larak sat\u0131ld\u0131\u011f\u0131 y\u00f6n\u00fcnde iddialara yer verildi.<\/p>\n\n\n\n<h3 class=\"wp-block-heading\">ESK\u0130 MENSUBUN \u0130FADES\u0130 DOSYAYA G\u0130RD\u0130<\/h3>\n\n\n\n<p class=\"wp-block-paragraph\">19 A\u011fustos 2026 tarihinde KOM \u015eube M\u00fcd\u00fcrl\u00fc\u011f\u00fcnde bilgi sahibi s\u0131fat\u0131yla ifadesi al\u0131nan bir ki\u015finin, 2003 ile 2023 y\u0131llar\u0131 aras\u0131nda Alparslan Kuytul&#8217;un ba\u015fkan\u0131 oldu\u011fu Furkan Vakf\u0131ndaki mahalle derslerine ve cuma sohbetlerine kat\u0131ld\u0131\u011f\u0131n\u0131 s\u00f6yledi\u011fi aktar\u0131ld\u0131.<\/p>\n\n\n\n<p class=\"wp-block-paragraph\">Eski mensubun, 2018 y\u0131l\u0131ndaki operasyonun ard\u0131ndan Kuytul&#8217;un konu\u015fmalar\u0131nda devlet kurumlar\u0131n\u0131 daha yo\u011fun bi\u00e7imde hedef almaya ba\u015flad\u0131\u011f\u0131n\u0131 ileri s\u00fcrd\u00fc\u011f\u00fc belirtildi. Ayn\u0131 ki\u015finin, vak\u0131f ad\u0131 alt\u0131nda fakirlere da\u011f\u0131t\u0131lmak \u00fczere canl\u0131 hayvan ve kurban eti topland\u0131\u011f\u0131n\u0131, ancak bunlar\u0131n ihtiya\u00e7 sahiplerine da\u011f\u0131t\u0131ld\u0131\u011f\u0131n\u0131 g\u00f6rmedi\u011fini beyan etti\u011fi kaydedildi.<\/p>\n\n\n\n<h3 class=\"wp-block-heading\">\u0130Z\u0130NS\u0130Z KURS VE YARDIM TOPLAMA \u0130DD\u0130ALARI<\/h3>\n\n\n\n<p class=\"wp-block-paragraph\">30 Temmuz 2026 tarihli C\u0130MER ba\u015fvurusunda Adana&#8217;da Alparslan Kuytul ve Furkan Vakf\u0131 \u00e7evresince resmi ruhsat, izin veya Milli E\u011fitim Bakanl\u0131\u011f\u0131 belgesi olmadan yat\u0131l\u0131 kurs ve yurt faaliyeti y\u00fcr\u00fct\u00fcld\u00fc\u011f\u00fc iddia edildi.<\/p>\n\n\n\n<p class=\"wp-block-paragraph\">Ayn\u0131 ba\u015fvuruda &#8220;Gazze&#8217;ye yard\u0131m&#8221; ve &#8220;kurban ba\u011f\u0131\u015f\u0131&#8221; ad\u0131 alt\u0131nda gerekli izinler olmadan para topland\u0131\u011f\u0131 ve \u00f6\u011frencilerin de bu faaliyetlerde \u00e7al\u0131\u015ft\u0131r\u0131ld\u0131\u011f\u0131 y\u00f6n\u00fcnde bildirim bulundu\u011fu belirtildi.<\/p>\n\n\n\n<h3 class=\"wp-block-heading\">YAKLA\u015eIK 6 B\u0130N C\u0130MER KAYDI BULUNUYOR<\/h3>\n\n\n\n<p class=\"wp-block-paragraph\">Soru\u015fturma kapsam\u0131nda Alparslan Kuytul ve \u00e7evresindeki yap\u0131lanmayla ilgili C\u0130MER sisteminde yakla\u015f\u0131k 6 bin ihbar ve ba\u015fvuru kayd\u0131n\u0131n bulundu\u011fu \u00f6\u011frenildi.<\/p>\n\n\n\n<p class=\"wp-block-paragraph\">Ba\u015fvurular\u0131n; yap\u0131lanman\u0131n faaliyetleri, hiyerar\u015fik yap\u0131s\u0131, mali durumu, e\u011fitim \u00e7al\u0131\u015fmalar\u0131, yard\u0131m ve kurban organizasyonlar\u0131, \u015fehir yap\u0131lanmas\u0131 ve kamu d\u00fczenine ili\u015fkin \u00e7e\u015fitli iddialar etraf\u0131nda topland\u0131\u011f\u0131 belirtildi.<\/p>\n","protected":false},"excerpt":{"rendered":"<p>Adana Cumhuriyet Ba\u015fsavc\u0131l\u0131\u011f\u0131 taraf\u0131ndan Alparslan Kuytul ve \u00e7evresindeki yap\u0131lanmaya y\u00f6nelik y\u00fcr\u00fct\u00fclen soru\u015fturmada, C\u0130MER&#8217;e yakla\u015f\u0131k 6<\/p>\n","protected":false},"author":1,"featured_media":5338,"comment_status":"open","ping_status":"open","sticky":false,"template":"","format":"standard","meta":{"_rtcl_gb_attr":"","footnotes":""},"categories":[1],"tags":[],"class_list":["post-5337","post","type-post","status-publish","format-standard","has-post-thumbnail","hentry","category-http-turkiyemhaber-com-wp-content-uploads-2026-03-saray-59-haber-13-mart-pdf"],"_links":{"self":[{"href":"https:\/\/turkiyemhaber.com\/index.php?rest_route=\/wp\/v2\/posts\/5337","targetHints":{"allow":["GET"]}}],"collection":[{"href":"https:\/\/turkiyemhaber.com\/index.php?rest_route=\/wp\/v2\/posts"}],"about":[{"href":"https:\/\/turkiyemhaber.com\/index.php?rest_route=\/wp\/v2\/types\/post"}],"author":[{"embeddable":true,"href":"https:\/\/turkiyemhaber.com\/index.php?rest_route=\/wp\/v2\/users\/1"}],"replies":[{"embeddable":true,"href":"https:\/\/turkiyemhaber.com\/index.php?rest_route=%2Fwp%2Fv2%2Fcomments&post=5337"}],"version-history":[{"count":1,"href":"https:\/\/turkiyemhaber.com\/index.php?rest_route=\/wp\/v2\/posts\/5337\/revisions"}],"predecessor-version":[{"id":5339,"href":"https:\/\/turkiyemhaber.com\/index.php?rest_route=\/wp\/v2\/posts\/5337\/revisions\/5339"}],"wp:featuredmedia":[{"embeddable":true,"href":"https:\/\/turkiyemhaber.com\/index.php?rest_route=\/wp\/v2\/media\/5338"}],"wp:attachment":[{"href":"https:\/\/turkiyemhaber.com\/index.php?rest_route=%2Fwp%2Fv2%2Fmedia&parent=5337"}],"wp:term":[{"taxonomy":"category","embeddable":true,"href":"https:\/\/turkiyemhaber.com\/index.php?rest_route=%2Fwp%2Fv2%2Fcategories&post=5337"},{"taxonomy":"post_tag","embeddable":true,"href":"https:\/\/turkiyemhaber.com\/index.php?rest_route=%2Fwp%2Fv2%2Ftags&post=5337"}],"curies":[{"name":"wp","href":"https:\/\/api.w.org\/{rel}","templated":true}]}}