{"id":5334,"date":"2026-08-22T17:33:01","date_gmt":"2026-08-22T17:33:01","guid":{"rendered":"https:\/\/turkiyemhaber.com\/?p=5334"},"modified":"2026-08-22T17:33:06","modified_gmt":"2026-08-22T17:33:06","slug":"akaryakit-fiyatlari-yine-degisiyor-motorinden-sonra-sira-benzinde","status":"publish","type":"post","link":"https:\/\/turkiyemhaber.com\/?p=5334","title":{"rendered":"Akaryak\u0131t Fiyatlar\u0131 Yine De\u011fi\u015fiyor! Motorinden Sonra S\u0131ra Benzinde"},"content":{"rendered":"\n<p class=\"wp-block-paragraph\"><strong>Motorinin litresine 22 A\u011fustos Cumartesi g\u00fcn\u00fc 2,92 TL zam gelirken, ara\u00e7 sahiplerini bu kez benzin zamm\u0131 bekliyor. Benzinin litresine 24 A\u011fustos Pazartesi g\u00fcn\u00fc 2,74 TL zam yap\u0131lmas\u0131 bekleniyor.<\/strong><\/p>\n\n\n\n<p class=\"wp-block-paragraph\">Akaryak\u0131t fiyatlar\u0131nda zam hareketlili\u011fi devam ediyor. ABD ile \u0130ran aras\u0131ndaki gerilimin petrol piyasalar\u0131nda olu\u015fturdu\u011fu bask\u0131 ve d\u00f6viz kurundaki hareketlilik, T\u00fcrkiye&#8217;deki akaryak\u0131t fiyatlar\u0131n\u0131 yeniden etkiledi.<\/p>\n\n\n\n<p class=\"wp-block-paragraph\">22 A\u011fustos Cumartesi g\u00fcn\u00fc motorinin litre fiyat\u0131na 2 lira 92 kuru\u015f zam gelirken, g\u00f6zler \u015fimdi benzinin litre fiyat\u0131na \u00e7evrildi.<\/p>\n\n\n\n<h3 class=\"wp-block-heading\">BENZ\u0130NE 2,74 TL ZAM BEKLEN\u0130YOR<\/h3>\n\n\n\n<p class=\"wp-block-paragraph\">Motorindeki fiyat art\u0131\u015f\u0131n\u0131n ard\u0131ndan benzin i\u00e7in de yeni bir zam beklentisi olu\u015ftu. Benzinin litresine 2 lira 74 kuru\u015f zam yap\u0131lmas\u0131 bekleniyor.<\/p>\n\n\n\n<p class=\"wp-block-paragraph\">S\u00f6z konusu art\u0131\u015f\u0131n ger\u00e7ekle\u015fmesi halinde yeni fiyatlar\u0131n 24 A\u011fustos Pazartesi g\u00fcn\u00fcnden itibaren pompaya yans\u0131mas\u0131 bekleniyor.<\/p>\n\n\n\n<h3 class=\"wp-block-heading\">\u0130L \u0130L YEN\u0130 BENZ\u0130N F\u0130YATLARI<\/h3>\n\n\n\n<p class=\"wp-block-paragraph\">Beklenen 2,74 TL&#8217;lik zam sonras\u0131nda benzinin litre fiyat\u0131n\u0131n Ankara&#8217;da 75,25 TL, \u0130stanbul&#8217;da yakla\u015f\u0131k 74,13 TL ve \u0130zmir&#8217;de 75,55 TL seviyesine y\u00fckselmesi \u00f6ng\u00f6r\u00fcl\u00fcyor.<\/p>\n\n\n\n<p class=\"wp-block-paragraph\">Akaryak\u0131t fiyatlar\u0131n\u0131n da\u011f\u0131t\u0131m \u015firketi ve istasyona g\u00f6re birka\u00e7 kuru\u015f farkl\u0131l\u0131k g\u00f6sterebilece\u011fi belirtiliyor.<\/p>\n","protected":false},"excerpt":{"rendered":"<p>Motorinin litresine 22 A\u011fustos Cumartesi g\u00fcn\u00fc 2,92 TL zam gelirken, ara\u00e7 sahiplerini bu kez benzin<\/p>\n","protected":false},"author":1,"featured_media":5335,"comment_status":"open","ping_status":"open","sticky":false,"template":"","format":"standard","meta":{"_rtcl_gb_attr":"","footnotes":""},"categories":[14],"tags":[],"class_list":["post-5334","post","type-post","status-publish","format-standard","has-post-thumbnail","hentry","category-ekonomi"],"_links":{"self":[{"href":"https:\/\/turkiyemhaber.com\/index.php?rest_route=\/wp\/v2\/posts\/5334","targetHints":{"allow":["GET"]}}],"collection":[{"href":"https:\/\/turkiyemhaber.com\/index.php?rest_route=\/wp\/v2\/posts"}],"about":[{"href":"https:\/\/turkiyemhaber.com\/index.php?rest_route=\/wp\/v2\/types\/post"}],"author":[{"embeddable":true,"href":"https:\/\/turkiyemhaber.com\/index.php?rest_route=\/wp\/v2\/users\/1"}],"replies":[{"embeddable":true,"href":"https:\/\/turkiyemhaber.com\/index.php?rest_route=%2Fwp%2Fv2%2Fcomments&post=5334"}],"version-history":[{"count":1,"href":"https:\/\/turkiyemhaber.com\/index.php?rest_route=\/wp\/v2\/posts\/5334\/revisions"}],"predecessor-version":[{"id":5336,"href":"https:\/\/turkiyemhaber.com\/index.php?rest_route=\/wp\/v2\/posts\/5334\/revisions\/5336"}],"wp:featuredmedia":[{"embeddable":true,"href":"https:\/\/turkiyemhaber.com\/index.php?rest_route=\/wp\/v2\/media\/5335"}],"wp:attachment":[{"href":"https:\/\/turkiyemhaber.com\/index.php?rest_route=%2Fwp%2Fv2%2Fmedia&parent=5334"}],"wp:term":[{"taxonomy":"category","embeddable":true,"href":"https:\/\/turkiyemhaber.com\/index.php?rest_route=%2Fwp%2Fv2%2Fcategories&post=5334"},{"taxonomy":"post_tag","embeddable":true,"href":"https:\/\/turkiyemhaber.com\/index.php?rest_route=%2Fwp%2Fv2%2Ftags&post=5334"}],"curies":[{"name":"wp","href":"https:\/\/api.w.org\/{rel}","templated":true}]}}