{"id":5331,"date":"2026-08-22T17:30:25","date_gmt":"2026-08-22T17:30:25","guid":{"rendered":"https:\/\/turkiyemhaber.com\/?p=5331"},"modified":"2026-08-22T17:30:31","modified_gmt":"2026-08-22T17:30:31","slug":"karadenizde-turk-gemisine-saldiri-denizci-ilker-lazoglu-hayatini-kaybetti","status":"publish","type":"post","link":"https:\/\/turkiyemhaber.com\/?p=5331","title":{"rendered":"Karadeniz&#8217;de T\u00fcrk gemisine sald\u0131r\u0131: Denizci \u0130lker Lazo\u011flu hayat\u0131n\u0131 kaybetti"},"content":{"rendered":"\n<p class=\"wp-block-paragraph\">Rusya\u2019n\u0131n Novorossiysk Liman\u0131 a\u00e7\u0131klar\u0131nda &#8220;Ural&#8221; isimli gemi sald\u0131r\u0131ya u\u011frad\u0131. Ya\u015fanan olayda 47 ya\u015f\u0131ndaki T\u00fcrk a\u015f\u00e7\u0131ba\u015f\u0131 \u0130lker Lazo\u011flu ya\u015fam\u0131n\u0131 yitirirken, 8 ki\u015fi yaraland\u0131. Ural gemisi, Lazo\u011flu&#8217;nun cenazesi ve yaral\u0131larla Samsun Liman\u0131&#8217;na ula\u015ft\u0131. Cenaze ailesine teslim edildi, yaral\u0131lar hastaneye kald\u0131r\u0131ld\u0131.<\/p>\n\n\n\n<p class=\"wp-block-paragraph\">Rusya&#8217;n\u0131n Novorossiysk Liman\u0131 a\u00e7\u0131klar\u0131nda sald\u0131r\u0131ya u\u011frayan ve &#8220;Necibe&#8221; isimli kargo gemisinden 18 denizciyi kurtard\u0131ktan sonra dronla vurulan &#8220;Ural&#8221; isimli RoRo gemisi, sald\u0131r\u0131da hayat\u0131n\u0131 kaybeden T\u00fcrk denizci ile yaral\u0131lar\u0131 ta\u015f\u0131yarak Samsun Liman\u0131&#8217;na geldi.<\/p>\n\n\n\n<h3 class=\"wp-block-heading\">GEM\u0130YE DRON SALDIRISINDA CAN VERD\u0130<\/h3>\n\n\n\n<p class=\"wp-block-paragraph\">Karadeniz&#8217;de ticari gemilere y\u00f6nelik sald\u0131r\u0131lar s\u00fcrerken, Novorossiysk a\u00e7\u0131klar\u0131nda T\u00fcrk firmas\u0131na ait Kamerun bayrakl\u0131 &#8220;Ural&#8221; isimli RoRo gemisine de dronla sald\u0131r\u0131 d\u00fczenlendi. Sald\u0131r\u0131da 1 T\u00fcrk denizci hayat\u0131n\u0131 kaybetti, 8 ki\u015fi yaraland\u0131.<\/p>\n\n\n\n<h3 class=\"wp-block-heading\">CENAZES\u0130 A\u0130LES\u0130NE TESL\u0130M ED\u0130LD\u0130<\/h3>\n\n\n\n<p class=\"wp-block-paragraph\">Sald\u0131r\u0131 s\u0131ras\u0131nda hayat\u0131n\u0131 kaybeden a\u015f\u00e7\u0131ba\u015f\u0131 \u0130lker Lazo\u011flu&#8217;nun cenazesini ve yaral\u0131 m\u00fcrettebat\u0131 ta\u015f\u0131yan gemi, Samsun a\u00e7\u0131klar\u0131na ula\u015ft\u0131ktan sonra r\u00f6mork\u00f6rler e\u015fli\u011finde Samsun Liman\u0131&#8217;na yana\u015ft\u0131.<\/p>\n\n\n\n<p class=\"wp-block-paragraph\">Geminin limana ula\u015fmas\u0131n\u0131n ard\u0131ndan 2 \u00e7ocuk babas\u0131 \u0130lker Lazo\u011flu&#8217;nun cenazesi aile fertlerine teslim edildi. Yaral\u0131 m\u00fcrettebat ise ambulanslarla kentteki hastanelere kald\u0131r\u0131ld\u0131.<\/p>\n\n\n\n<h3 class=\"wp-block-heading\">&#8220;GEM\u0130 BOMBALANDI\u011eINDA BEN\u0130 ARADI&#8221;<\/h3>\n\n\n\n<p class=\"wp-block-paragraph\">\u0130lker Lazo\u011flu&#8217;nun amcas\u0131 Faruk Lazo\u011flu, ye\u011feninin &#8220;Necibe&#8221; gemisi vuruldu\u011funda kendisini arad\u0131\u011f\u0131n\u0131 belirterek, &#8220;Necibe gemisinde a\u015f\u00e7\u0131ba\u015f\u0131yd\u0131. Gemi bombaland\u0131\u011f\u0131nda beni arad\u0131. Sa\u011f oldu\u011funu, merak etmememi s\u00f6yledi. Yak\u0131n bir zamanda ba\u015fka bir geminin gelip kendisini kurtaraca\u011f\u0131n\u0131, o gemiye ge\u00e7ece\u011fini s\u00f6yledi&#8221; dedi.<\/p>\n\n\n\n<p class=\"wp-block-paragraph\">Lazo\u011flu, ye\u011feninin daha sonra &#8220;Ural&#8221; gemisine tahliye edildi\u011fini belirterek, &#8220;\u0130ki g\u00fcn sonra kendisini arad\u0131m. Ula\u015famad\u0131m, telefonlar\u0131 kapal\u0131yd\u0131. \u015eirket yetkilisiyle g\u00f6r\u00fc\u015ft\u00fcm. \u0130yi oldu\u011funu, herhangi bir s\u0131k\u0131nt\u0131 ya\u015famad\u0131\u011f\u0131n\u0131 ve u\u00e7akla geri g\u00f6ndereceklerini s\u00f6yledi. Ancak bir s\u00fcre sonra yine haber alamad\u0131k&#8221; diye konu\u015ftu.<\/p>\n\n\n\n<p class=\"wp-block-paragraph\">Ye\u011feninin &#8220;Ural&#8221; gemisine al\u0131nd\u0131\u011f\u0131n\u0131 ve geminin de sald\u0131r\u0131ya u\u011frad\u0131\u011f\u0131n\u0131 \u00f6\u011frendi\u011fini anlatan Lazo\u011flu, &#8220;D\u00fcn ak\u015fam saat 6-7 civar\u0131nda yetkili ki\u015fi beni kendi telefonundan arad\u0131. \u0130lker&#8217;i Ural isimli gemiye ald\u0131klar\u0131n\u0131 ama geminin de tekrar bombaland\u0131\u011f\u0131n\u0131, ye\u011fenimin bu sald\u0131r\u0131da a\u011f\u0131r yaraland\u0131\u011f\u0131n\u0131 s\u00f6yledi. Sabaha kadar uyumad\u0131k. Daha sonra ye\u011fenimin hayat\u0131n\u0131 kaybetti\u011fini \u00f6\u011frendik&#8221; ifadelerini kulland\u0131.<\/p>\n\n\n\n<h3 class=\"wp-block-heading\">&#8220;MERAK ETMEY\u0130N, SAK\u0130N OLUN&#8221;<\/h3>\n\n\n\n<p class=\"wp-block-paragraph\">Ye\u011feniyle &#8220;Ural&#8221; gemisine y\u00f6nelik sald\u0131r\u0131 s\u0131ras\u0131nda da telefonda g\u00f6r\u00fc\u015ft\u00fc\u011f\u00fcn\u00fc belirten Lazo\u011flu, &#8220;Ben kendisiyle Ural gemisi bombaland\u0131\u011f\u0131nda g\u00f6r\u00fc\u015ft\u00fcm. \u2018Merak etmeyin, herhangi bir \u015fey yok, sakin olun. \u015eu anda kimse yaralanmad\u0131\u2019 dedi. Yard\u0131m beklediklerini s\u00f6yledi. Daha sonra irtibat\u0131m\u0131z kesildi. O gece tekrar bindi\u011fi gemi bombalan\u0131yor&#8221; \u015feklinde konu\u015ftu.<\/p>\n\n\n\n<p class=\"wp-block-paragraph\">Yakla\u015f\u0131k 10-15 y\u0131ld\u0131r gemilerde \u00e7al\u0131\u015fan \u0130lker Lazo\u011flu&#8217;nun \u0130stanbul&#8217;da ya\u015fad\u0131\u011f\u0131, ailesinin ise Samsun&#8217;da bulundu\u011fu belirtildi. Lazo\u011flu&#8217;nun iki k\u0131z \u00e7ocu\u011fu oldu\u011fu \u00f6\u011frenildi.<\/p>\n","protected":false},"excerpt":{"rendered":"<p>Rusya\u2019n\u0131n Novorossiysk Liman\u0131 a\u00e7\u0131klar\u0131nda &#8220;Ural&#8221; isimli gemi sald\u0131r\u0131ya u\u011frad\u0131. Ya\u015fanan olayda 47 ya\u015f\u0131ndaki T\u00fcrk a\u015f\u00e7\u0131ba\u015f\u0131<\/p>\n","protected":false},"author":1,"featured_media":5332,"comment_status":"open","ping_status":"open","sticky":false,"template":"","format":"standard","meta":{"_rtcl_gb_attr":"","footnotes":""},"categories":[1],"tags":[],"class_list":["post-5331","post","type-post","status-publish","format-standard","has-post-thumbnail","hentry","category-http-turkiyemhaber-com-wp-content-uploads-2026-03-saray-59-haber-13-mart-pdf"],"_links":{"self":[{"href":"https:\/\/turkiyemhaber.com\/index.php?rest_route=\/wp\/v2\/posts\/5331","targetHints":{"allow":["GET"]}}],"collection":[{"href":"https:\/\/turkiyemhaber.com\/index.php?rest_route=\/wp\/v2\/posts"}],"about":[{"href":"https:\/\/turkiyemhaber.com\/index.php?rest_route=\/wp\/v2\/types\/post"}],"author":[{"embeddable":true,"href":"https:\/\/turkiyemhaber.com\/index.php?rest_route=\/wp\/v2\/users\/1"}],"replies":[{"embeddable":true,"href":"https:\/\/turkiyemhaber.com\/index.php?rest_route=%2Fwp%2Fv2%2Fcomments&post=5331"}],"version-history":[{"count":1,"href":"https:\/\/turkiyemhaber.com\/index.php?rest_route=\/wp\/v2\/posts\/5331\/revisions"}],"predecessor-version":[{"id":5333,"href":"https:\/\/turkiyemhaber.com\/index.php?rest_route=\/wp\/v2\/posts\/5331\/revisions\/5333"}],"wp:featuredmedia":[{"embeddable":true,"href":"https:\/\/turkiyemhaber.com\/index.php?rest_route=\/wp\/v2\/media\/5332"}],"wp:attachment":[{"href":"https:\/\/turkiyemhaber.com\/index.php?rest_route=%2Fwp%2Fv2%2Fmedia&parent=5331"}],"wp:term":[{"taxonomy":"category","embeddable":true,"href":"https:\/\/turkiyemhaber.com\/index.php?rest_route=%2Fwp%2Fv2%2Fcategories&post=5331"},{"taxonomy":"post_tag","embeddable":true,"href":"https:\/\/turkiyemhaber.com\/index.php?rest_route=%2Fwp%2Fv2%2Ftags&post=5331"}],"curies":[{"name":"wp","href":"https:\/\/api.w.org\/{rel}","templated":true}]}}